{"id":9214,"date":"2021-10-01T10:42:10","date_gmt":"2021-10-01T13:42:10","guid":{"rendered":"https:\/\/radiorevelacionfm.cl\/?p=9214"},"modified":"2021-10-01T10:42:10","modified_gmt":"2021-10-01T13:42:10","slug":"comienza-el-pago-del-ife-universal-que-en-el-mes-de-octubre-llegara-a-165-millones-de-beneficiarios","status":"publish","type":"post","link":"https:\/\/radiorevelacionfm.cl\/?p=9214","title":{"rendered":"Comienza el pago del IFE Universal que en el mes de octubre llegar\u00e1 a 16,5 millones de beneficiarios"},"content":{"rendered":"<div class=\"flex_column av_one_full  flex_column_div av-zero-column-padding first  avia-builder-el-0  el_before_av_one_full  avia-builder-el-first  \" style='border-radius:0px; '><div  class='avia-image-container  av-styling-    avia-builder-el-1  avia-builder-el-no-sibling  avia-align-center '  itemprop=\"image\" itemscope=\"itemscope\" itemtype=\"https:\/\/schema.org\/ImageObject\"  ><div class='avia-image-container-inner'><div class='avia-image-overlay-wrap'><img decoding=\"async\" class='wp-image-4942 avia-img-lazy-loading-not-4942 avia_image' src=\"https:\/\/radiorevelacionfm.cl\/wp-content\/uploads\/2021\/06\/BILLETES-2.jpg\" alt='' title='BILLETES (2)' height=\"600\" width=\"900\"  itemprop=\"thumbnailUrl\" srcset=\"https:\/\/radiorevelacionfm.cl\/wp-content\/uploads\/2021\/06\/BILLETES-2.jpg 900w, https:\/\/radiorevelacionfm.cl\/wp-content\/uploads\/2021\/06\/BILLETES-2-300x200.jpg 300w, https:\/\/radiorevelacionfm.cl\/wp-content\/uploads\/2021\/06\/BILLETES-2-768x512.jpg 768w, https:\/\/radiorevelacionfm.cl\/wp-content\/uploads\/2021\/06\/BILLETES-2-705x470.jpg 705w, https:\/\/radiorevelacionfm.cl\/wp-content\/uploads\/2021\/06\/BILLETES-2-600x400.jpg 600w\" sizes=\"(max-width: 900px) 100vw, 900px\" \/><\/div><\/div><\/div><\/div><div class=\"flex_column av_one_full  flex_column_div av-zero-column-padding first  avia-builder-el-2  el_after_av_one_full  el_before_av_one_full  column-top-margin\" style='border-radius:0px; '><section class=\"av_textblock_section \"  itemscope=\"itemscope\" itemtype=\"https:\/\/schema.org\/BlogPosting\" itemprop=\"blogPost\" ><div class='avia_textblock  '   itemprop=\"text\" ><p style=\"text-align: center;\"><strong><span style=\"font-size: 18pt;\">Comienza el pago del IFE Universal que en el mes de octubre llegar\u00e1 a\u00a016,5 millones de beneficiarios<\/span><\/strong><\/p>\n<div id=\"gtx-trans\" style=\"position: absolute; left: -50px; top: 4.31534px;\">\n<div class=\"gtx-trans-icon\"><\/div>\n<\/div>\n<\/div><\/section><\/div><div class=\"flex_column av_one_full  flex_column_div av-zero-column-padding first  avia-builder-el-4  el_after_av_one_full  el_before_av_hr  column-top-margin\" style='border-radius:0px; '><section class=\"av_textblock_section \"  itemscope=\"itemscope\" itemtype=\"https:\/\/schema.org\/BlogPosting\" itemprop=\"blogPost\" ><div class='avia_textblock  '   itemprop=\"text\" ><p style=\"text-align: justify;\">En total, 8.244.489 hogares y 16.573.918 personas recibir\u00e1n este nuevo aporte, que forma parte de la Red de Protecci\u00f3n Social y que busca apoyar a las familias ante los efectos socioecon\u00f3micos que ha tenido la situaci\u00f3n de emergencia provocada por el Covid-19 en los hogares.<\/p>\n<p style=\"text-align: justify;\">Con este nuevo pago, el IFE Universal est\u00e1 llegando a un n\u00famero cuatro veces mayor de familias que en el pago de enero de este 2021 y aproximadamente 2,5 veces el n\u00famero de hogares beneficiados en el pago m\u00e1s masivo de IFE del 2020 correspondiente a octubre, siendo as\u00ed la transferencia directa m\u00e1s masiva en la historia del pa\u00eds.<\/p>\n<p style=\"text-align: justify;\">Las autoridades destacaron que esto es parte del compromiso que adquiri\u00f3 el Gobierno, de seguir haciendo esfuerzos para mantener la protecci\u00f3n social de las familias del pa\u00eds, adem\u00e1s de explicar que el IFE Universal se extender\u00e1, independiente de que no se renueve el Estado de Excepci\u00f3n Constitucional.<\/p>\n<p style=\"text-align: justify;\">El proceso de pago que se inicia hoy, parte con las transferencias electr\u00f3nicas a las cuentas bancarias, que representan el 91.5% del total, mientras que los pagos presenciales iniciar\u00e1n el pr\u00f3ximo lunes 4 de octubre en la Caja de Compensaci\u00f3n Los H\u00e9roes y en sucursales de Banco Estado. El d\u00eda y modalidad de pago, se puede revisar en la secci\u00f3n \u201cMis Pagos\u201d del sitio\u00a0<a href=\"https:\/\/gob.us6.list-manage.com\/track\/click?u=774a59eb3e47ef435c7bd7a7d&amp;id=0b66a06bfd&amp;e=458f582024\">www.ingresodeemergencia.cl<\/a><\/p>\n<p style=\"text-align: justify;\">Cabe recordar que, si bien la ley aprobada en el Congreso establece que este mes el aporte corresponder\u00e1 a la mitad de los recibido por los hogares durante los meses anteriores, para los meses de octubre y noviembre el monto a entregar volver\u00e1 a ser del 100% tras la extensi\u00f3n del IFE Universal.<\/p>\n<\/div><\/section><\/div><div  style='height:50px' class='hr hr-invisible   avia-builder-el-6  el_after_av_one_full  el_before_av_social_share '><span class='hr-inner ' ><span class='hr-inner-style'><\/span><\/span><\/div><\/p>\n<div  class='av-social-sharing-box  avia-builder-el-7  el_after_av_hr  el_before_av_hr  '><div class='av-share-box'><h5 class='av-share-link-description av-no-toc '>Compartir esta noticia<\/h5><ul class='av-share-box-list noLightbox'><li class='av-share-link av-social-link-facebook' ><a target=\"_blank\" aria-label=\"Compartir en Facebook\" href='https:\/\/www.facebook.com\/sharer.php?u=https:\/\/radiorevelacionfm.cl\/?p=9214&#038;t=Comienza%20el%20pago%20del%20IFE%20Universal%20que%20en%20el%20mes%20de%20octubre%20llegar%C3%A1%20a%2016%2C5%20millones%20de%20beneficiarios' aria-hidden='false' data-av_icon='\ue8f3' data-av_iconfont='entypo-fontello' title='' data-avia-related-tooltip='Compartir en Facebook' rel=\"noopener\"><span class='avia_hidden_link_text'>Compartir en Facebook<\/span><\/a><\/li><li class='av-share-link av-social-link-twitter' ><a target=\"_blank\" aria-label=\"Compartir en Twitter\" href='https:\/\/twitter.com\/share?text=Comienza%20el%20pago%20del%20IFE%20Universal%20que%20en%20el%20mes%20de%20octubre%20llegar%C3%A1%20a%2016%2C5%20millones%20de%20beneficiarios&#038;url=https:\/\/radiorevelacionfm.cl\/?p=9214' aria-hidden='false' data-av_icon='\ue8f1' data-av_iconfont='entypo-fontello' title='' data-avia-related-tooltip='Compartir en Twitter' rel=\"noopener\"><span class='avia_hidden_link_text'>Compartir en Twitter<\/span><\/a><\/li><li class='av-share-link av-social-link-whatsapp' ><a target=\"_blank\" aria-label=\"Compartir en Whatsapp\" href='https:\/\/api.whatsapp.com\/send?text=https:\/\/radiorevelacionfm.cl\/?p=9214' aria-hidden='false' data-av_icon='\uf232' data-av_iconfont='entypo-fontello' title='' data-avia-related-tooltip='Compartir en Whatsapp' rel=\"noopener\"><span class='avia_hidden_link_text'>Compartir en Whatsapp<\/span><\/a><\/li><li class='av-share-link av-social-link-linkedin' ><a target=\"_blank\" aria-label=\"Compartir en LinkedIn\" href='https:\/\/linkedin.com\/shareArticle?mini=true&#038;title=Comienza%20el%20pago%20del%20IFE%20Universal%20que%20en%20el%20mes%20de%20octubre%20llegar%C3%A1%20a%2016%2C5%20millones%20de%20beneficiarios&#038;url=https:\/\/radiorevelacionfm.cl\/?p=9214' aria-hidden='false' data-av_icon='\ue8fc' data-av_iconfont='entypo-fontello' title='' data-avia-related-tooltip='Compartir en LinkedIn' rel=\"noopener\"><span class='avia_hidden_link_text'>Compartir en LinkedIn<\/span><\/a><\/li><li class='av-share-link av-social-link-mail' ><a  aria-label=\"Compartir por correo\" href='mailto:?subject=Comienza%20el%20pago%20del%20IFE%20Universal%20que%20en%20el%20mes%20de%20octubre%20llegar%C3%A1%20a%2016%2C5%20millones%20de%20beneficiarios&#038;body=https:\/\/radiorevelacionfm.cl\/?p=9214' aria-hidden='false' data-av_icon='\ue805' data-av_iconfont='entypo-fontello' title='' data-avia-related-tooltip='Compartir por correo'><span class='avia_hidden_link_text'>Compartir por correo<\/span><\/a><\/li><\/ul><\/div><\/div>\n<div  style='height:50px' class='hr hr-invisible   avia-builder-el-8  el_after_av_social_share  el_before_av_comments_list '><span class='hr-inner ' ><span class='hr-inner-style'><\/span><\/span><\/div>\n<div  class='av-buildercomment  av-blog-meta-html-info-disabled av-blog-meta-tag-disabled  '><\/div>\n","protected":false},"excerpt":{"rendered":"","protected":false},"author":1,"featured_media":4942,"comment_status":"open","ping_status":"open","sticky":false,"template":"","format":"standard","meta":{"footnotes":""},"categories":[37],"tags":[],"class_list":["post-9214","post","type-post","status-publish","format-standard","has-post-thumbnail","hentry","category-economia"],"jetpack_featured_media_url":"https:\/\/radiorevelacionfm.cl\/wp-content\/uploads\/2021\/06\/BILLETES-2.jpg","_links":{"self":[{"href":"https:\/\/radiorevelacionfm.cl\/index.php?rest_route=\/wp\/v2\/posts\/9214","targetHints":{"allow":["GET"]}}],"collection":[{"href":"https:\/\/radiorevelacionfm.cl\/index.php?rest_route=\/wp\/v2\/posts"}],"about":[{"href":"https:\/\/radiorevelacionfm.cl\/index.php?rest_route=\/wp\/v2\/types\/post"}],"author":[{"embeddable":true,"href":"https:\/\/radiorevelacionfm.cl\/index.php?rest_route=\/wp\/v2\/users\/1"}],"replies":[{"embeddable":true,"href":"https:\/\/radiorevelacionfm.cl\/index.php?rest_route=%2Fwp%2Fv2%2Fcomments&post=9214"}],"version-history":[{"count":1,"href":"https:\/\/radiorevelacionfm.cl\/index.php?rest_route=\/wp\/v2\/posts\/9214\/revisions"}],"predecessor-version":[{"id":9215,"href":"https:\/\/radiorevelacionfm.cl\/index.php?rest_route=\/wp\/v2\/posts\/9214\/revisions\/9215"}],"wp:featuredmedia":[{"embeddable":true,"href":"https:\/\/radiorevelacionfm.cl\/index.php?rest_route=\/wp\/v2\/media\/4942"}],"wp:attachment":[{"href":"https:\/\/radiorevelacionfm.cl\/index.php?rest_route=%2Fwp%2Fv2%2Fmedia&parent=9214"}],"wp:term":[{"taxonomy":"category","embeddable":true,"href":"https:\/\/radiorevelacionfm.cl\/index.php?rest_route=%2Fwp%2Fv2%2Fcategories&post=9214"},{"taxonomy":"post_tag","embeddable":true,"href":"https:\/\/radiorevelacionfm.cl\/index.php?rest_route=%2Fwp%2Fv2%2Ftags&post=9214"}],"curies":[{"name":"wp","href":"https:\/\/api.w.org\/{rel}","templated":true}]}}