{"id":9212,"date":"2021-10-01T10:21:35","date_gmt":"2021-10-01T13:21:35","guid":{"rendered":"https:\/\/radiorevelacionfm.cl\/?p=9212"},"modified":"2021-10-01T10:21:35","modified_gmt":"2021-10-01T13:21:35","slug":"encuesta-ine-registra-un-nuevo-retroceso-del-desempleo-hasta-85-en-el-trimestre-junio-agosto","status":"publish","type":"post","link":"https:\/\/radiorevelacionfm.cl\/?p=9212","title":{"rendered":"Encuesta INE registra un nuevo retroceso del desempleo hasta 8,5% en el trimestre junio agosto"},"content":{"rendered":"<div class=\"flex_column av_one_full  flex_column_div av-zero-column-padding first  avia-builder-el-0  el_before_av_one_full  avia-builder-el-first  \" style='border-radius:0px; '><div  class='avia-image-container  av-styling-    avia-builder-el-1  avia-builder-el-no-sibling  avia-align-center '  itemprop=\"image\" itemscope=\"itemscope\" itemtype=\"https:\/\/schema.org\/ImageObject\"  ><div class='avia-image-container-inner'><div class='avia-image-overlay-wrap'><img decoding=\"async\" class='wp-image-7427 avia-img-lazy-loading-not-7427 avia_image' src=\"https:\/\/radiorevelacionfm.cl\/wp-content\/uploads\/2021\/08\/trabajadores-1.jpg\" alt='' title='trabajadores- (1)' height=\"600\" width=\"860\"  itemprop=\"thumbnailUrl\" srcset=\"https:\/\/radiorevelacionfm.cl\/wp-content\/uploads\/2021\/08\/trabajadores-1.jpg 860w, https:\/\/radiorevelacionfm.cl\/wp-content\/uploads\/2021\/08\/trabajadores-1-300x209.jpg 300w, https:\/\/radiorevelacionfm.cl\/wp-content\/uploads\/2021\/08\/trabajadores-1-768x536.jpg 768w, https:\/\/radiorevelacionfm.cl\/wp-content\/uploads\/2021\/08\/trabajadores-1-705x492.jpg 705w, https:\/\/radiorevelacionfm.cl\/wp-content\/uploads\/2021\/08\/trabajadores-1-600x419.jpg 600w\" sizes=\"(max-width: 860px) 100vw, 860px\" \/><\/div><\/div><\/div><\/div><div class=\"flex_column av_one_full  flex_column_div av-zero-column-padding first  avia-builder-el-2  el_after_av_one_full  el_before_av_one_full  column-top-margin\" style='border-radius:0px; '><section class=\"av_textblock_section \"  itemscope=\"itemscope\" itemtype=\"https:\/\/schema.org\/BlogPosting\" itemprop=\"blogPost\" ><div class='avia_textblock  '   itemprop=\"text\" ><p style=\"text-align: center;\"><span style=\"font-size: 18pt;\"><strong>Encuesta INE registra un nuevo retroceso del desempleo hasta 8,5% en el trimestre junio agosto<\/strong><\/span><\/p>\n<div id=\"gtx-trans\" style=\"position: absolute; left: -50px; top: 4.31534px;\">\n<div class=\"gtx-trans-icon\"><\/div>\n<\/div>\n<\/div><\/section><\/div><div class=\"flex_column av_one_full  flex_column_div av-zero-column-padding first  avia-builder-el-4  el_after_av_one_full  el_before_av_hr  column-top-margin\" style='border-radius:0px; '><section class=\"av_textblock_section \"  itemscope=\"itemscope\" itemtype=\"https:\/\/schema.org\/BlogPosting\" itemprop=\"blogPost\" ><div class='avia_textblock  '   itemprop=\"text\" ><p style=\"text-align: justify;\">El Instituto Nacional de Estad\u00edsticas de Chile (INE) dio a conocer esta ma\u00f1ana la tasa de desempleo del trimestre m\u00f3vil junio-agosto de 2021, que lleg\u00f3 a un 8,5%, cifra que signific\u00f3 un descenso de 4,4 puntos porcentuales en 12 meses.<\/p>\n<p style=\"text-align: justify;\">Lo anterior, producto del alza de la fuerza de trabajo (9,4%), menor a la presentada por los ocupados (14,8%) y a la disminuci\u00f3n de 27,6% en los desocupados, incididos por los cesantes (-28,6%) y aquellos que buscan trabajo por primera vez (-13,5%). Seg\u00fan sexo, la tasa de desocupaci\u00f3n de las mujeres se situ\u00f3 en 8,7% y la de los hombres en 8,5%, decreciendo 3,4\u00a0y 5,0 puntos porcentuales, respectivamente.<\/p>\n<p style=\"text-align: justify;\">El Presidente Pi\u00f1era\u00a0valor\u00f3 que los casi 110 mil empleos creados en el \u00faltimo trimestre son una muy buena noticia para las familias. Destacando que el empleo no s\u00f3lo otorga sustento, sino que \u201ces un camino de dignidad, realizaci\u00f3n, crecimiento e integraci\u00f3n de los trabajadores. Seguiremos creando m\u00e1s y mejores trabajos para los chilenos\u201d.<\/p>\n<p style=\"text-align: justify;\">Las autoridades destacaron que la positiva respuesta del mercado laboral mostr\u00f3 que factores como el plan masivo de vacunaci\u00f3n, los protocolos de higiene y seguridad para un retorno gradual y seguro al trabajo, as\u00ed como la reactivaci\u00f3n de la actividad productiva est\u00e1n generando condiciones favorables para la recuperaci\u00f3n del empleo, reflejado a trav\u00e9s de la creaci\u00f3n de 1,15 millones de empleos respecto al peor momento de la pandemia y equivalente a un 61% de los empleos perdidos. Esta expansi\u00f3n se debi\u00f3 principalmente a sectores como construcci\u00f3n (52,1%), comercio (17,9%) y transporte (25,5%).<\/p>\n<p style=\"text-align: justify;\">En tanto, por categor\u00eda ocupacional, los principales aumentos se presentaron en trabajadores por cuenta propia (37,4%) y asalariados formales (8,3%).<\/p>\n<\/div><\/section><\/div><div  style='height:50px' class='hr hr-invisible   avia-builder-el-6  el_after_av_one_full  el_before_av_social_share '><span class='hr-inner ' ><span class='hr-inner-style'><\/span><\/span><\/div><\/p>\n<div  class='av-social-sharing-box  avia-builder-el-7  el_after_av_hr  el_before_av_hr  '><div class='av-share-box'><h5 class='av-share-link-description av-no-toc '>Compartir esta noticia<\/h5><ul class='av-share-box-list noLightbox'><li class='av-share-link av-social-link-facebook' ><a target=\"_blank\" aria-label=\"Compartir en Facebook\" href='https:\/\/www.facebook.com\/sharer.php?u=https:\/\/radiorevelacionfm.cl\/?p=9212&#038;t=Encuesta%20INE%20registra%20un%20nuevo%20retroceso%20del%20desempleo%20hasta%208%2C5%25%20en%20el%20trimestre%20junio%20agosto' aria-hidden='false' data-av_icon='\ue8f3' data-av_iconfont='entypo-fontello' title='' data-avia-related-tooltip='Compartir en Facebook' rel=\"noopener\"><span class='avia_hidden_link_text'>Compartir en Facebook<\/span><\/a><\/li><li class='av-share-link av-social-link-twitter' ><a target=\"_blank\" aria-label=\"Compartir en Twitter\" href='https:\/\/twitter.com\/share?text=Encuesta%20INE%20registra%20un%20nuevo%20retroceso%20del%20desempleo%20hasta%208%2C5%25%20en%20el%20trimestre%20junio%20agosto&#038;url=https:\/\/radiorevelacionfm.cl\/?p=9212' aria-hidden='false' data-av_icon='\ue8f1' data-av_iconfont='entypo-fontello' title='' data-avia-related-tooltip='Compartir en Twitter' rel=\"noopener\"><span class='avia_hidden_link_text'>Compartir en Twitter<\/span><\/a><\/li><li class='av-share-link av-social-link-whatsapp' ><a target=\"_blank\" aria-label=\"Compartir en Whatsapp\" href='https:\/\/api.whatsapp.com\/send?text=https:\/\/radiorevelacionfm.cl\/?p=9212' aria-hidden='false' data-av_icon='\uf232' data-av_iconfont='entypo-fontello' title='' data-avia-related-tooltip='Compartir en Whatsapp' rel=\"noopener\"><span class='avia_hidden_link_text'>Compartir en Whatsapp<\/span><\/a><\/li><li class='av-share-link av-social-link-linkedin' ><a target=\"_blank\" aria-label=\"Compartir en LinkedIn\" href='https:\/\/linkedin.com\/shareArticle?mini=true&#038;title=Encuesta%20INE%20registra%20un%20nuevo%20retroceso%20del%20desempleo%20hasta%208%2C5%25%20en%20el%20trimestre%20junio%20agosto&#038;url=https:\/\/radiorevelacionfm.cl\/?p=9212' aria-hidden='false' data-av_icon='\ue8fc' data-av_iconfont='entypo-fontello' title='' data-avia-related-tooltip='Compartir en LinkedIn' rel=\"noopener\"><span class='avia_hidden_link_text'>Compartir en LinkedIn<\/span><\/a><\/li><li class='av-share-link av-social-link-mail' ><a  aria-label=\"Compartir por correo\" href='mailto:?subject=Encuesta%20INE%20registra%20un%20nuevo%20retroceso%20del%20desempleo%20hasta%208%2C5%25%20en%20el%20trimestre%20junio%20agosto&#038;body=https:\/\/radiorevelacionfm.cl\/?p=9212' aria-hidden='false' data-av_icon='\ue805' data-av_iconfont='entypo-fontello' title='' data-avia-related-tooltip='Compartir por correo'><span class='avia_hidden_link_text'>Compartir por correo<\/span><\/a><\/li><\/ul><\/div><\/div>\n<div  style='height:50px' class='hr hr-invisible   avia-builder-el-8  el_after_av_social_share  el_before_av_comments_list '><span class='hr-inner ' ><span class='hr-inner-style'><\/span><\/span><\/div>\n<div  class='av-buildercomment  av-blog-meta-html-info-disabled av-blog-meta-tag-disabled  '><\/div>\n","protected":false},"excerpt":{"rendered":"","protected":false},"author":1,"featured_media":7427,"comment_status":"open","ping_status":"open","sticky":false,"template":"","format":"standard","meta":{"footnotes":""},"categories":[56],"tags":[],"class_list":["post-9212","post","type-post","status-publish","format-standard","has-post-thumbnail","hentry","category-trabajo"],"jetpack_featured_media_url":"https:\/\/radiorevelacionfm.cl\/wp-content\/uploads\/2021\/08\/trabajadores-1.jpg","_links":{"self":[{"href":"https:\/\/radiorevelacionfm.cl\/index.php?rest_route=\/wp\/v2\/posts\/9212","targetHints":{"allow":["GET"]}}],"collection":[{"href":"https:\/\/radiorevelacionfm.cl\/index.php?rest_route=\/wp\/v2\/posts"}],"about":[{"href":"https:\/\/radiorevelacionfm.cl\/index.php?rest_route=\/wp\/v2\/types\/post"}],"author":[{"embeddable":true,"href":"https:\/\/radiorevelacionfm.cl\/index.php?rest_route=\/wp\/v2\/users\/1"}],"replies":[{"embeddable":true,"href":"https:\/\/radiorevelacionfm.cl\/index.php?rest_route=%2Fwp%2Fv2%2Fcomments&post=9212"}],"version-history":[{"count":1,"href":"https:\/\/radiorevelacionfm.cl\/index.php?rest_route=\/wp\/v2\/posts\/9212\/revisions"}],"predecessor-version":[{"id":9213,"href":"https:\/\/radiorevelacionfm.cl\/index.php?rest_route=\/wp\/v2\/posts\/9212\/revisions\/9213"}],"wp:featuredmedia":[{"embeddable":true,"href":"https:\/\/radiorevelacionfm.cl\/index.php?rest_route=\/wp\/v2\/media\/7427"}],"wp:attachment":[{"href":"https:\/\/radiorevelacionfm.cl\/index.php?rest_route=%2Fwp%2Fv2%2Fmedia&parent=9212"}],"wp:term":[{"taxonomy":"category","embeddable":true,"href":"https:\/\/radiorevelacionfm.cl\/index.php?rest_route=%2Fwp%2Fv2%2Fcategories&post=9212"},{"taxonomy":"post_tag","embeddable":true,"href":"https:\/\/radiorevelacionfm.cl\/index.php?rest_route=%2Fwp%2Fv2%2Ftags&post=9212"}],"curies":[{"name":"wp","href":"https:\/\/api.w.org\/{rel}","templated":true}]}}