{"id":9206,"date":"2021-09-30T19:00:59","date_gmt":"2021-09-30T22:00:59","guid":{"rendered":"https:\/\/radiorevelacionfm.cl\/?p=9206"},"modified":"2021-09-30T19:00:59","modified_gmt":"2021-09-30T22:00:59","slug":"delegada-margarita-ossa-espero-que-el-fin-del-toque-de-queda-no-se-transforme-en-una-alza-que-despues-no-podremos-controlar","status":"publish","type":"post","link":"https:\/\/radiorevelacionfm.cl\/?p=9206","title":{"rendered":"Delegada Margarita Ossa: \u201cEspero que el fin del toque de queda no se transforme en una alza que despu\u00e9s no podremos controlar\u201d"},"content":{"rendered":"<div class=\"flex_column av_one_full  flex_column_div av-zero-column-padding first  avia-builder-el-0  el_before_av_one_full  avia-builder-el-first  \" style='border-radius:0px; '><div  class='avia-image-container  av-styling-    avia-builder-el-1  avia-builder-el-no-sibling  avia-align-center '  itemprop=\"image\" itemscope=\"itemscope\" itemtype=\"https:\/\/schema.org\/ImageObject\"  ><div class='avia-image-container-inner'><div class='avia-image-overlay-wrap'><img decoding=\"async\" class='wp-image-9207 avia-img-lazy-loading-not-9207 avia_image' src=\"https:\/\/radiorevelacionfm.cl\/wp-content\/uploads\/2021\/09\/Delegada-Presidencial-1-1.jpeg\" alt='' title='Delegada Presidencial (1) (1)' height=\"600\" width=\"831\"  itemprop=\"thumbnailUrl\" srcset=\"https:\/\/radiorevelacionfm.cl\/wp-content\/uploads\/2021\/09\/Delegada-Presidencial-1-1.jpeg 831w, https:\/\/radiorevelacionfm.cl\/wp-content\/uploads\/2021\/09\/Delegada-Presidencial-1-1-300x217.jpeg 300w, https:\/\/radiorevelacionfm.cl\/wp-content\/uploads\/2021\/09\/Delegada-Presidencial-1-1-768x555.jpeg 768w, https:\/\/radiorevelacionfm.cl\/wp-content\/uploads\/2021\/09\/Delegada-Presidencial-1-1-705x509.jpeg 705w, https:\/\/radiorevelacionfm.cl\/wp-content\/uploads\/2021\/09\/Delegada-Presidencial-1-1-600x433.jpeg 600w\" sizes=\"(max-width: 831px) 100vw, 831px\" \/><\/div><\/div><\/div><\/div><div class=\"flex_column av_one_full  flex_column_div av-zero-column-padding first  avia-builder-el-2  el_after_av_one_full  el_before_av_one_full  column-top-margin\" style='border-radius:0px; '><section class=\"av_textblock_section \"  itemscope=\"itemscope\" itemtype=\"https:\/\/schema.org\/BlogPosting\" itemprop=\"blogPost\" ><div class='avia_textblock  '   itemprop=\"text\" ><p style=\"text-align: center;\"><span style=\"font-size: 18pt;\"><strong>Delegada Margarita Ossa: \u201cEspero que el fin del toque de queda no se transforme en una alza que despu\u00e9s no podremos controlar\u201d<\/strong><\/span><\/p>\n<div id=\"gtx-trans\" style=\"position: absolute; left: -50px; top: 4.31534px;\">\n<div class=\"gtx-trans-icon\"><\/div>\n<\/div>\n<\/div><\/section><\/div><div class=\"flex_column av_one_full  flex_column_div av-zero-column-padding first  avia-builder-el-4  el_after_av_one_full  el_before_av_hr  column-top-margin\" style='border-radius:0px; '><section class=\"av_textblock_section \"  itemscope=\"itemscope\" itemtype=\"https:\/\/schema.org\/BlogPosting\" itemprop=\"blogPost\" ><div class='avia_textblock  '   itemprop=\"text\" ><p style=\"text-align: justify;\">A contar de este viernes se deja sin efecto la medida m\u00e1s restrictiva durante la pandemia, la cual en la regi\u00f3n de Ays\u00e9n origin\u00f3 m\u00e1s de 2.550 detenciones.<\/p>\n<p style=\"text-align: justify;\">Un llamado a la poblaci\u00f3n a que \u201cno se relaje y contin\u00fae con las medidas de precauci\u00f3n\u201d hizo la Delegada Presidencial Regional de Ays\u00e9n, Margarita Ossa Rojas, luego de que este viernes quede sin efecto la medida de Toque de Queda.<\/p>\n<p style=\"text-align: justify;\">En ese sentido, la representante del Presidente Sebasti\u00e1n Pi\u00f1era en la regi\u00f3n sostuvo que \u201centendemos que era una medida esperada por la ciudadan\u00eda, que por meses se sinti\u00f3 restringida, pero a la vez tiene que entender que era por un bien mayor: la salud de todos y, en ese sentido creo que tuvo un efecto positivo en nuestro territorio\u201d, dijo.<\/p>\n<p style=\"text-align: justify;\">Eso s\u00ed, la Delegada hizo hincapi\u00e9 en que desde el Gobierno \u201cesperamos que el fin del Toque de Queda no se transforme en una alza que despu\u00e9s no podremos controlar m\u00e1s, a sabiendas de que en las \u00faltimas semanas hemos tenido un alza en los contagios que incluye la llegada de la variante Delta, por eso, el llamado insistente a que no nos relajemos\u201d.<\/p>\n<p style=\"text-align: justify;\">Acto seguido, la autoridad recalc\u00f3 que \u201ces tiempo de agradecer a todos quienes nos ayudaron a controlar este proceso, complejo para todos, como Carabineros que efectu\u00f3 m\u00e1s de 2.550 detenciones por infringir el Toque de Queda o el personal de Salud quienes tambi\u00e9n llevaron adelante m\u00e1s de 560 sumarios, todo, con tal de que la poblaci\u00f3n de Ays\u00e9n est\u00e9 lo m\u00e1s resguardada posible del Covid-19 y sus consecuencias\u201d, concluy\u00f3.<\/p>\n<\/div><\/section><\/div><div  style='height:50px' class='hr hr-invisible   avia-builder-el-6  el_after_av_one_full  el_before_av_social_share '><span class='hr-inner ' ><span class='hr-inner-style'><\/span><\/span><\/div><\/p>\n<div  class='av-social-sharing-box  avia-builder-el-7  el_after_av_hr  el_before_av_hr  '><div class='av-share-box'><h5 class='av-share-link-description av-no-toc '>Compartir esta noticia<\/h5><ul class='av-share-box-list noLightbox'><li class='av-share-link av-social-link-facebook' ><a target=\"_blank\" aria-label=\"Compartir en Facebook\" href='https:\/\/www.facebook.com\/sharer.php?u=https:\/\/radiorevelacionfm.cl\/?p=9206&#038;t=Delegada%20Margarita%20Ossa%3A%20%E2%80%9CEspero%20que%20el%20fin%20del%20toque%20de%20queda%20no%20se%20transforme%20en%20una%20alza%20que%20despu%C3%A9s%20no%20podremos%20controlar%E2%80%9D' aria-hidden='false' data-av_icon='\ue8f3' data-av_iconfont='entypo-fontello' title='' data-avia-related-tooltip='Compartir en Facebook' rel=\"noopener\"><span class='avia_hidden_link_text'>Compartir en Facebook<\/span><\/a><\/li><li class='av-share-link av-social-link-twitter' ><a target=\"_blank\" aria-label=\"Compartir en Twitter\" href='https:\/\/twitter.com\/share?text=Delegada%20Margarita%20Ossa%3A%20%E2%80%9CEspero%20que%20el%20fin%20del%20toque%20de%20queda%20no%20se%20transforme%20en%20una%20alza%20que%20despu%C3%A9s%20no%20podremos%20controlar%E2%80%9D&#038;url=https:\/\/radiorevelacionfm.cl\/?p=9206' aria-hidden='false' data-av_icon='\ue8f1' data-av_iconfont='entypo-fontello' title='' data-avia-related-tooltip='Compartir en Twitter' rel=\"noopener\"><span class='avia_hidden_link_text'>Compartir en Twitter<\/span><\/a><\/li><li class='av-share-link av-social-link-whatsapp' ><a target=\"_blank\" aria-label=\"Compartir en Whatsapp\" href='https:\/\/api.whatsapp.com\/send?text=https:\/\/radiorevelacionfm.cl\/?p=9206' aria-hidden='false' data-av_icon='\uf232' data-av_iconfont='entypo-fontello' title='' data-avia-related-tooltip='Compartir en Whatsapp' rel=\"noopener\"><span class='avia_hidden_link_text'>Compartir en Whatsapp<\/span><\/a><\/li><li class='av-share-link av-social-link-linkedin' ><a target=\"_blank\" aria-label=\"Compartir en LinkedIn\" href='https:\/\/linkedin.com\/shareArticle?mini=true&#038;title=Delegada%20Margarita%20Ossa%3A%20%E2%80%9CEspero%20que%20el%20fin%20del%20toque%20de%20queda%20no%20se%20transforme%20en%20una%20alza%20que%20despu%C3%A9s%20no%20podremos%20controlar%E2%80%9D&#038;url=https:\/\/radiorevelacionfm.cl\/?p=9206' aria-hidden='false' data-av_icon='\ue8fc' data-av_iconfont='entypo-fontello' title='' data-avia-related-tooltip='Compartir en LinkedIn' rel=\"noopener\"><span class='avia_hidden_link_text'>Compartir en LinkedIn<\/span><\/a><\/li><li class='av-share-link av-social-link-mail' ><a  aria-label=\"Compartir por correo\" href='mailto:?subject=Delegada%20Margarita%20Ossa%3A%20%E2%80%9CEspero%20que%20el%20fin%20del%20toque%20de%20queda%20no%20se%20transforme%20en%20una%20alza%20que%20despu%C3%A9s%20no%20podremos%20controlar%E2%80%9D&#038;body=https:\/\/radiorevelacionfm.cl\/?p=9206' aria-hidden='false' data-av_icon='\ue805' data-av_iconfont='entypo-fontello' title='' data-avia-related-tooltip='Compartir por correo'><span class='avia_hidden_link_text'>Compartir por correo<\/span><\/a><\/li><\/ul><\/div><\/div>\n<div  style='height:50px' class='hr hr-invisible   avia-builder-el-8  el_after_av_social_share  el_before_av_comments_list '><span class='hr-inner ' ><span class='hr-inner-style'><\/span><\/span><\/div>\n<div  class='av-buildercomment  av-blog-meta-html-info-disabled av-blog-meta-tag-disabled  '><\/div>\n","protected":false},"excerpt":{"rendered":"","protected":false},"author":1,"featured_media":9207,"comment_status":"open","ping_status":"open","sticky":false,"template":"","format":"standard","meta":{"footnotes":""},"categories":[38],"tags":[],"class_list":["post-9206","post","type-post","status-publish","format-standard","has-post-thumbnail","hentry","category-regional"],"jetpack_featured_media_url":"https:\/\/radiorevelacionfm.cl\/wp-content\/uploads\/2021\/09\/Delegada-Presidencial-1-1.jpeg","_links":{"self":[{"href":"https:\/\/radiorevelacionfm.cl\/index.php?rest_route=\/wp\/v2\/posts\/9206","targetHints":{"allow":["GET"]}}],"collection":[{"href":"https:\/\/radiorevelacionfm.cl\/index.php?rest_route=\/wp\/v2\/posts"}],"about":[{"href":"https:\/\/radiorevelacionfm.cl\/index.php?rest_route=\/wp\/v2\/types\/post"}],"author":[{"embeddable":true,"href":"https:\/\/radiorevelacionfm.cl\/index.php?rest_route=\/wp\/v2\/users\/1"}],"replies":[{"embeddable":true,"href":"https:\/\/radiorevelacionfm.cl\/index.php?rest_route=%2Fwp%2Fv2%2Fcomments&post=9206"}],"version-history":[{"count":1,"href":"https:\/\/radiorevelacionfm.cl\/index.php?rest_route=\/wp\/v2\/posts\/9206\/revisions"}],"predecessor-version":[{"id":9208,"href":"https:\/\/radiorevelacionfm.cl\/index.php?rest_route=\/wp\/v2\/posts\/9206\/revisions\/9208"}],"wp:featuredmedia":[{"embeddable":true,"href":"https:\/\/radiorevelacionfm.cl\/index.php?rest_route=\/wp\/v2\/media\/9207"}],"wp:attachment":[{"href":"https:\/\/radiorevelacionfm.cl\/index.php?rest_route=%2Fwp%2Fv2%2Fmedia&parent=9206"}],"wp:term":[{"taxonomy":"category","embeddable":true,"href":"https:\/\/radiorevelacionfm.cl\/index.php?rest_route=%2Fwp%2Fv2%2Fcategories&post=9206"},{"taxonomy":"post_tag","embeddable":true,"href":"https:\/\/radiorevelacionfm.cl\/index.php?rest_route=%2Fwp%2Fv2%2Ftags&post=9206"}],"curies":[{"name":"wp","href":"https:\/\/api.w.org\/{rel}","templated":true}]}}