{"id":9203,"date":"2021-10-01T09:33:26","date_gmt":"2021-10-01T12:33:26","guid":{"rendered":"https:\/\/radiorevelacionfm.cl\/?p=9203"},"modified":"2021-10-01T09:33:26","modified_gmt":"2021-10-01T12:33:26","slug":"consejo-comunal-de-seguridad-publica-sesiona-en-villa-manihuales-para-atender-en-terreno-las-necesidades-vecinales","status":"publish","type":"post","link":"https:\/\/radiorevelacionfm.cl\/?p=9203","title":{"rendered":"Consejo Comunal de Seguridad P\u00fablica sesiona en Villa Ma\u00f1ihuales para atender en terreno las necesidades vecinales"},"content":{"rendered":"<div class=\"flex_column av_one_full  flex_column_div av-zero-column-padding first  avia-builder-el-0  el_before_av_one_full  avia-builder-el-first  \" style='border-radius:0px; '><div  class='avia-image-container  av-styling-    avia-builder-el-1  avia-builder-el-no-sibling  avia-align-center '  itemprop=\"image\" itemscope=\"itemscope\" itemtype=\"https:\/\/schema.org\/ImageObject\"  ><div class='avia-image-container-inner'><div class='avia-image-overlay-wrap'><img decoding=\"async\" class='wp-image-9204 avia-img-lazy-loading-not-9204 avia_image' src=\"https:\/\/radiorevelacionfm.cl\/wp-content\/uploads\/2021\/09\/img-segpublicaVM1-1-1.jpeg\" alt='' title='img-segpublicaVM1 (1) (1)' height=\"600\" width=\"900\"  itemprop=\"thumbnailUrl\" srcset=\"https:\/\/radiorevelacionfm.cl\/wp-content\/uploads\/2021\/09\/img-segpublicaVM1-1-1.jpeg 900w, https:\/\/radiorevelacionfm.cl\/wp-content\/uploads\/2021\/09\/img-segpublicaVM1-1-1-300x200.jpeg 300w, https:\/\/radiorevelacionfm.cl\/wp-content\/uploads\/2021\/09\/img-segpublicaVM1-1-1-768x512.jpeg 768w, https:\/\/radiorevelacionfm.cl\/wp-content\/uploads\/2021\/09\/img-segpublicaVM1-1-1-705x470.jpeg 705w, https:\/\/radiorevelacionfm.cl\/wp-content\/uploads\/2021\/09\/img-segpublicaVM1-1-1-600x400.jpeg 600w\" sizes=\"(max-width: 900px) 100vw, 900px\" \/><\/div><\/div><\/div><\/div><div class=\"flex_column av_one_full  flex_column_div av-zero-column-padding first  avia-builder-el-2  el_after_av_one_full  el_before_av_one_full  column-top-margin\" style='border-radius:0px; '><section class=\"av_textblock_section \"  itemscope=\"itemscope\" itemtype=\"https:\/\/schema.org\/BlogPosting\" itemprop=\"blogPost\" ><div class='avia_textblock  '   itemprop=\"text\" ><p style=\"text-align: center;\"><strong><span style=\"font-size: 18pt;\">Consejo Comunal de Seguridad P\u00fablica sesiona en Villa Ma\u00f1ihuales para atender en terreno las necesidades vecinales<\/span><\/strong><\/p>\n<div id=\"gtx-trans\" style=\"position: absolute; left: -50px; top: 4.31534px;\">\n<div class=\"gtx-trans-icon\"><\/div>\n<\/div>\n<\/div><\/section><\/div><div class=\"flex_column av_one_full  flex_column_div av-zero-column-padding first  avia-builder-el-4  el_after_av_one_full  el_before_av_hr  column-top-margin\" style='border-radius:0px; '><section class=\"av_textblock_section \"  itemscope=\"itemscope\" itemtype=\"https:\/\/schema.org\/BlogPosting\" itemprop=\"blogPost\" ><div class='avia_textblock  '   itemprop=\"text\" ><p style=\"text-align: justify;\">Como una manera de acercar aun m\u00e1s el accionar que desarrolla la Ilustre Municipalidad de Ays\u00e9n en materia de Seguridad P\u00fablica, el Consejo Comunal, \u00f3rgano colegiado destinado para estos fines se traslad\u00f3 hasta Villa Ma\u00f1ihuales para sesionar en la localidad y atender tambi\u00e9n al nuevo espacio creado para la participaci\u00f3n vecinal denominado \u201cAudiencias P\u00fablicas\u201d. Cabe destacar, que esta instancia congrega a las distintas polic\u00edas e instituciones p\u00fablicas que intervienen en la prevenci\u00f3n del delito.<\/p>\n<p style=\"text-align: justify;\">Al respecto, el alcalde Julio Uribe Alvarado, junto con relevar la materializaci\u00f3n del espacio declar\u00f3 que \u201cestamos con una muy buena asistencia de parte de los vecinos y vecinas, es muy importante venir a los territorios y hacer este tipo de reuniones. Creo que la participaci\u00f3n de las Juntas de Vecinos ha sido clave en esta reuni\u00f3n, ya que ellos expusieron los puntos cr\u00edticos que tienen en cuanto a Seguridad. Nos vamos con harto trabajo, esperamos poder tener pronta respuesta en las diferentes materias y as\u00ed poder seguir adelante con nuestro prop\u00f3sito que es mejorar las condiciones de vida de los habitantes de nuestra comuna.\u00a0La pr\u00f3xima reuni\u00f3n se llevar\u00e1 a cabo el d\u00eda 25 de octubre en la localidad de Puerto Chacabuco\u201d declar\u00f3 la autoridad comunal.<\/p>\n<p style=\"text-align: justify;\">Por su parte, el concejal Gabriel Mu\u00f1oz, quien integra la Comisi\u00f3n de Seguridad en el H. Concejo Municipal de Ays\u00e9n coment\u00f3 su alegr\u00eda por revisar estas situaciones de manera descentralizada en pos de lograr una soluci\u00f3n respecto a la tenencia responsable de animales, las bebidas alcoh\u00f3licas, los microbasurales clandestinos, las cuales ata\u00f1en a todo el territorio de la comuna.<\/p>\n<p style=\"text-align: justify;\">En tanto, Claudio Cabezas Relinger, presidente de la Junta de Vecinos del sector centro de la localidad, agradeci\u00f3 la apertura efectuada por las autoridades en materia de descentralizaci\u00f3n \u201cpara conocer de primera fuente las problem\u00e1ticas que nos ata\u00f1en en materia de seguridad. Lo expuesto principalmente hoy d\u00eda son algunos puntos que ya se han planteado hist\u00f3ricamente de manera recurrente y a distintas autoridades con respecto a la tenencia responsable, al abigeato, las drogas; que nos perjudican a todas estas localidades peque\u00f1as donde esto tiene mayor impacto\u201d expres\u00f3 el dirigente aysenino.<\/p>\n<p style=\"text-align: justify;\">Finalmente, el jefe de la Brigada de Investigaci\u00f3n Criminal Ays\u00e9n, subprefecto Eduardo Charpentier, enfatiz\u00f3 en todos los avances expuestos en la jornada desde la perspectiva social y policial y que tambi\u00e9n, como PDI han desarrollado desde el \u00faltimo encuentro. Entre estos se destaca el abordaje al microtr\u00e1fico, el cumplimiento de las ordenes emanadas desde los Tribunales. \u201cTambi\u00e9n las charlas que hemos mantenido trav\u00e9s de la radio de Villa Ma\u00f1ihuales, en modalidad virtual tambi\u00e9n con los vecinos en relaci\u00f3n a diferentes requerimientos y la verdad que es una forma de dar una cuenta de lo que nosotros estamos realizando como polic\u00eda y destacar tambi\u00e9n, como lo dije en la reuni\u00f3n, que este tema no es un trabajo que realiza la PDI sola sino que tambi\u00e9n los vecinos nos pueden ayudar, denunciando los hechos de los cuales son v\u00edctimas\u201d sentenci\u00f3 el personero policial de Ays\u00e9n.<\/p>\n<\/div><\/section><\/div><div  style='height:50px' class='hr hr-invisible   avia-builder-el-6  el_after_av_one_full  el_before_av_social_share '><span class='hr-inner ' ><span class='hr-inner-style'><\/span><\/span><\/div><\/p>\n<div  class='av-social-sharing-box  avia-builder-el-7  el_after_av_hr  el_before_av_hr  '><div class='av-share-box'><h5 class='av-share-link-description av-no-toc '>Compartir esta noticia<\/h5><ul class='av-share-box-list noLightbox'><li class='av-share-link av-social-link-facebook' ><a target=\"_blank\" aria-label=\"Compartir en Facebook\" href='https:\/\/www.facebook.com\/sharer.php?u=https:\/\/radiorevelacionfm.cl\/?p=9203&#038;t=Consejo%20Comunal%20de%20Seguridad%20P%C3%BAblica%20sesiona%20en%20Villa%20Ma%C3%B1ihuales%20para%20atender%20en%20terreno%20las%20necesidades%20vecinales' aria-hidden='false' data-av_icon='\ue8f3' data-av_iconfont='entypo-fontello' title='' data-avia-related-tooltip='Compartir en Facebook' rel=\"noopener\"><span class='avia_hidden_link_text'>Compartir en Facebook<\/span><\/a><\/li><li class='av-share-link av-social-link-twitter' ><a target=\"_blank\" aria-label=\"Compartir en Twitter\" href='https:\/\/twitter.com\/share?text=Consejo%20Comunal%20de%20Seguridad%20P%C3%BAblica%20sesiona%20en%20Villa%20Ma%C3%B1ihuales%20para%20atender%20en%20terreno%20las%20necesidades%20vecinales&#038;url=https:\/\/radiorevelacionfm.cl\/?p=9203' aria-hidden='false' data-av_icon='\ue8f1' data-av_iconfont='entypo-fontello' title='' data-avia-related-tooltip='Compartir en Twitter' rel=\"noopener\"><span class='avia_hidden_link_text'>Compartir en Twitter<\/span><\/a><\/li><li class='av-share-link av-social-link-whatsapp' ><a target=\"_blank\" aria-label=\"Compartir en Whatsapp\" href='https:\/\/api.whatsapp.com\/send?text=https:\/\/radiorevelacionfm.cl\/?p=9203' aria-hidden='false' data-av_icon='\uf232' data-av_iconfont='entypo-fontello' title='' data-avia-related-tooltip='Compartir en Whatsapp' rel=\"noopener\"><span class='avia_hidden_link_text'>Compartir en Whatsapp<\/span><\/a><\/li><li class='av-share-link av-social-link-linkedin' ><a target=\"_blank\" aria-label=\"Compartir en LinkedIn\" href='https:\/\/linkedin.com\/shareArticle?mini=true&#038;title=Consejo%20Comunal%20de%20Seguridad%20P%C3%BAblica%20sesiona%20en%20Villa%20Ma%C3%B1ihuales%20para%20atender%20en%20terreno%20las%20necesidades%20vecinales&#038;url=https:\/\/radiorevelacionfm.cl\/?p=9203' aria-hidden='false' data-av_icon='\ue8fc' data-av_iconfont='entypo-fontello' title='' data-avia-related-tooltip='Compartir en LinkedIn' rel=\"noopener\"><span class='avia_hidden_link_text'>Compartir en LinkedIn<\/span><\/a><\/li><li class='av-share-link av-social-link-mail' ><a  aria-label=\"Compartir por correo\" href='mailto:?subject=Consejo%20Comunal%20de%20Seguridad%20P%C3%BAblica%20sesiona%20en%20Villa%20Ma%C3%B1ihuales%20para%20atender%20en%20terreno%20las%20necesidades%20vecinales&#038;body=https:\/\/radiorevelacionfm.cl\/?p=9203' aria-hidden='false' data-av_icon='\ue805' data-av_iconfont='entypo-fontello' title='' data-avia-related-tooltip='Compartir por correo'><span class='avia_hidden_link_text'>Compartir por correo<\/span><\/a><\/li><\/ul><\/div><\/div>\n<div  style='height:50px' class='hr hr-invisible   avia-builder-el-8  el_after_av_social_share  el_before_av_comments_list '><span class='hr-inner ' ><span class='hr-inner-style'><\/span><\/span><\/div>\n<div  class='av-buildercomment  av-blog-meta-html-info-disabled av-blog-meta-tag-disabled  '><\/div>\n","protected":false},"excerpt":{"rendered":"","protected":false},"author":1,"featured_media":9204,"comment_status":"open","ping_status":"open","sticky":false,"template":"","format":"standard","meta":{"footnotes":""},"categories":[38],"tags":[],"class_list":["post-9203","post","type-post","status-publish","format-standard","has-post-thumbnail","hentry","category-regional"],"jetpack_featured_media_url":"https:\/\/radiorevelacionfm.cl\/wp-content\/uploads\/2021\/09\/img-segpublicaVM1-1-1.jpeg","_links":{"self":[{"href":"https:\/\/radiorevelacionfm.cl\/index.php?rest_route=\/wp\/v2\/posts\/9203","targetHints":{"allow":["GET"]}}],"collection":[{"href":"https:\/\/radiorevelacionfm.cl\/index.php?rest_route=\/wp\/v2\/posts"}],"about":[{"href":"https:\/\/radiorevelacionfm.cl\/index.php?rest_route=\/wp\/v2\/types\/post"}],"author":[{"embeddable":true,"href":"https:\/\/radiorevelacionfm.cl\/index.php?rest_route=\/wp\/v2\/users\/1"}],"replies":[{"embeddable":true,"href":"https:\/\/radiorevelacionfm.cl\/index.php?rest_route=%2Fwp%2Fv2%2Fcomments&post=9203"}],"version-history":[{"count":1,"href":"https:\/\/radiorevelacionfm.cl\/index.php?rest_route=\/wp\/v2\/posts\/9203\/revisions"}],"predecessor-version":[{"id":9205,"href":"https:\/\/radiorevelacionfm.cl\/index.php?rest_route=\/wp\/v2\/posts\/9203\/revisions\/9205"}],"wp:featuredmedia":[{"embeddable":true,"href":"https:\/\/radiorevelacionfm.cl\/index.php?rest_route=\/wp\/v2\/media\/9204"}],"wp:attachment":[{"href":"https:\/\/radiorevelacionfm.cl\/index.php?rest_route=%2Fwp%2Fv2%2Fmedia&parent=9203"}],"wp:term":[{"taxonomy":"category","embeddable":true,"href":"https:\/\/radiorevelacionfm.cl\/index.php?rest_route=%2Fwp%2Fv2%2Fcategories&post=9203"},{"taxonomy":"post_tag","embeddable":true,"href":"https:\/\/radiorevelacionfm.cl\/index.php?rest_route=%2Fwp%2Fv2%2Ftags&post=9203"}],"curies":[{"name":"wp","href":"https:\/\/api.w.org\/{rel}","templated":true}]}}