{"id":9200,"date":"2021-09-30T18:04:25","date_gmt":"2021-09-30T21:04:25","guid":{"rendered":"https:\/\/radiorevelacionfm.cl\/?p=9200"},"modified":"2021-09-30T18:04:25","modified_gmt":"2021-09-30T21:04:25","slug":"sernapesca-mantiene-la-vigilancia-previo-al-inicio-de-la-temporada-de-pesca-recreativa","status":"publish","type":"post","link":"https:\/\/radiorevelacionfm.cl\/?p=9200","title":{"rendered":"Sernapesca mantiene la vigilancia previo al inicio de la temporada de pesca recreativa"},"content":{"rendered":"<div class=\"flex_column av_one_full  flex_column_div av-zero-column-padding first  avia-builder-el-0  el_before_av_one_full  avia-builder-el-first  \" style='border-radius:0px; '><div  class='avia-image-container  av-styling-    avia-builder-el-1  avia-builder-el-no-sibling  avia-align-center '  itemprop=\"image\" itemscope=\"itemscope\" itemtype=\"https:\/\/schema.org\/ImageObject\"  ><div class='avia-image-container-inner'><div class='avia-image-overlay-wrap'><img decoding=\"async\" class='wp-image-9201 avia-img-lazy-loading-not-9201 avia_image' src=\"https:\/\/radiorevelacionfm.cl\/wp-content\/uploads\/2021\/09\/2-61-1_optimized.jpg\" alt='' title='2-(61)-(1)_optimized' height=\"600\" width=\"800\"  itemprop=\"thumbnailUrl\" srcset=\"https:\/\/radiorevelacionfm.cl\/wp-content\/uploads\/2021\/09\/2-61-1_optimized.jpg 800w, https:\/\/radiorevelacionfm.cl\/wp-content\/uploads\/2021\/09\/2-61-1_optimized-300x225.jpg 300w, https:\/\/radiorevelacionfm.cl\/wp-content\/uploads\/2021\/09\/2-61-1_optimized-768x576.jpg 768w, https:\/\/radiorevelacionfm.cl\/wp-content\/uploads\/2021\/09\/2-61-1_optimized-705x529.jpg 705w, https:\/\/radiorevelacionfm.cl\/wp-content\/uploads\/2021\/09\/2-61-1_optimized-600x450.jpg 600w\" sizes=\"(max-width: 800px) 100vw, 800px\" \/><\/div><\/div><\/div><\/div><div class=\"flex_column av_one_full  flex_column_div av-zero-column-padding first  avia-builder-el-2  el_after_av_one_full  el_before_av_one_full  column-top-margin\" style='border-radius:0px; '><section class=\"av_textblock_section \"  itemscope=\"itemscope\" itemtype=\"https:\/\/schema.org\/BlogPosting\" itemprop=\"blogPost\" ><div class='avia_textblock  '   itemprop=\"text\" ><p style=\"text-align: center;\"><span style=\"font-size: 18pt;\"><b>Sernapesca mantiene la vigilancia previo al inicio de la temporada de pesca recreativa<\/b><\/span><\/p>\n<div id=\"gtx-trans\" style=\"position: absolute; left: -50px; top: 4.31534px;\">\n<div class=\"gtx-trans-icon\"><\/div>\n<\/div>\n<\/div><\/section><\/div><div class=\"flex_column av_one_full  flex_column_div av-zero-column-padding first  avia-builder-el-4  el_after_av_one_full  el_before_av_hr  column-top-margin\" style='border-radius:0px; '><section class=\"av_textblock_section \"  itemscope=\"itemscope\" itemtype=\"https:\/\/schema.org\/BlogPosting\" itemprop=\"blogPost\" ><div class='avia_textblock  '   itemprop=\"text\" ><p style=\"font-weight: 400; text-align: justify;\">Ad portas del inicio de temporada de pesca recreativa en la regi\u00f3n de Ays\u00e9n, funcionarios de Sernapesca han realizado diversas acciones de fiscalizaci\u00f3n en los principales cursos y cuerpos de agua dulce, con el objetivo de hacer cumplir la norma que regula la Pesca Recreativa, Ley N\u00b020.456.<\/p>\n<p style=\"font-weight: 400; text-align: justify;\">En el marco de las fiscalizaciones realizadas en el sector del R\u00edo Ays\u00e9n, los funcionarios de Sernapesca controlaron a pescadores que se encontraban realizando la actividad fuera de temporada.<\/p>\n<p style=\"font-weight: 400; text-align: justify;\">La temporada de pesca recreativa comienza el martes 12 de octubre en Ays\u00e9n. En este sentido, el Director Regional de Sernapesca, Cristian Hudson, record\u00f3; \u201cla pesca recreativa es una actividad que se debe realizar respetando las temporadas y cuotas de cada especie, adem\u00e1s de portar la licencia de pesca recreativa correspondiente. Esta actividad significa un importante polo de desarrollo para el turismo de la regi\u00f3n, por lo tanto, como Sernapesca continuaremos con la vigilancia durante toda la temporada de pesca recreativa, no solo para velar por el cumplimiento de la normativa, sino que adem\u00e1s para frenar la pesca furtiva, captura\u00a0que se desarrolla con redes u otras artes de pesca masivas con fines comerciales y que\u00a0constituye un delito, por lo tanto, quienes la realizan, pueden arriesgar hasta penas de c\u00e1rcel.\u201d Concluy\u00f3.<\/p>\n<p style=\"font-weight: 400; text-align: justify;\">La autoridad regional hizo un llamado a pescadoras y pescadores recreativos a mantenerse informados sobre las medidas de administraci\u00f3n que aplican sobre aperturas de temporada, pesca con devoluci\u00f3n, cuotas por especie, etc. Esta informaci\u00f3n puede encontrarse en\u00a0<a href=\"http:\/\/www.sernapesca.cl\/area-trabajo\/pesca-recreativa\" data-saferedirecturl=\"https:\/\/www.google.com\/url?q=http:\/\/www.sernapesca.cl\/area-trabajo\/pesca-recreativa&amp;source=gmail&amp;ust=1633118652356000&amp;usg=AFQjCNExGR3SsEwfYUOYEvlKX1Zrj2v6pg\">http:\/\/www.sernapesca.cl\/area-trabajo\/pesca-recreativa<\/a>.<\/p>\n<p style=\"font-weight: 400; text-align: justify;\">Finalmente, desde Sernapesca recordaron que la licencia de pesca recreativa, puede adquirirse de manera online, ingresando a la p\u00e1gina web del Servicio,\u00a0<a href=\"https:\/\/pescarecreativa.sernapesca.cl\/\" data-saferedirecturl=\"https:\/\/www.google.com\/url?q=https:\/\/pescarecreativa.sernapesca.cl&amp;source=gmail&amp;ust=1633118652356000&amp;usg=AFQjCNGw7lM7EGLgHicVj0dTgaeBbggh7w\">https:\/\/pescarecreativa.sernapesca.cl<\/a>\u00a0o bien ir hasta la oficina comunal de Sernapesca m\u00e1s cercana. Adem\u00e1s, desde el organismo fiscalizador invitaron a dar aviso sobre eventuales actividades de pesca furtiva al tel\u00e9fono 800 320 032.<\/p>\n<\/div><\/section><\/div><div  style='height:50px' class='hr hr-invisible   avia-builder-el-6  el_after_av_one_full  el_before_av_social_share '><span class='hr-inner ' ><span class='hr-inner-style'><\/span><\/span><\/div><\/p>\n<div  class='av-social-sharing-box  avia-builder-el-7  el_after_av_hr  el_before_av_hr  '><div class='av-share-box'><h5 class='av-share-link-description av-no-toc '>Compartir esta noticia<\/h5><ul class='av-share-box-list noLightbox'><li class='av-share-link av-social-link-facebook' ><a target=\"_blank\" aria-label=\"Compartir en Facebook\" href='https:\/\/www.facebook.com\/sharer.php?u=https:\/\/radiorevelacionfm.cl\/?p=9200&#038;t=Sernapesca%20mantiene%20la%20vigilancia%20previo%20al%20inicio%20de%20la%20temporada%20de%20pesca%20recreativa' aria-hidden='false' data-av_icon='\ue8f3' data-av_iconfont='entypo-fontello' title='' data-avia-related-tooltip='Compartir en Facebook' rel=\"noopener\"><span class='avia_hidden_link_text'>Compartir en Facebook<\/span><\/a><\/li><li class='av-share-link av-social-link-twitter' ><a target=\"_blank\" aria-label=\"Compartir en Twitter\" href='https:\/\/twitter.com\/share?text=Sernapesca%20mantiene%20la%20vigilancia%20previo%20al%20inicio%20de%20la%20temporada%20de%20pesca%20recreativa&#038;url=https:\/\/radiorevelacionfm.cl\/?p=9200' aria-hidden='false' data-av_icon='\ue8f1' data-av_iconfont='entypo-fontello' title='' data-avia-related-tooltip='Compartir en Twitter' rel=\"noopener\"><span class='avia_hidden_link_text'>Compartir en Twitter<\/span><\/a><\/li><li class='av-share-link av-social-link-whatsapp' ><a target=\"_blank\" aria-label=\"Compartir en Whatsapp\" href='https:\/\/api.whatsapp.com\/send?text=https:\/\/radiorevelacionfm.cl\/?p=9200' aria-hidden='false' data-av_icon='\uf232' data-av_iconfont='entypo-fontello' title='' data-avia-related-tooltip='Compartir en Whatsapp' rel=\"noopener\"><span class='avia_hidden_link_text'>Compartir en Whatsapp<\/span><\/a><\/li><li class='av-share-link av-social-link-linkedin' ><a target=\"_blank\" aria-label=\"Compartir en LinkedIn\" href='https:\/\/linkedin.com\/shareArticle?mini=true&#038;title=Sernapesca%20mantiene%20la%20vigilancia%20previo%20al%20inicio%20de%20la%20temporada%20de%20pesca%20recreativa&#038;url=https:\/\/radiorevelacionfm.cl\/?p=9200' aria-hidden='false' data-av_icon='\ue8fc' data-av_iconfont='entypo-fontello' title='' data-avia-related-tooltip='Compartir en LinkedIn' rel=\"noopener\"><span class='avia_hidden_link_text'>Compartir en LinkedIn<\/span><\/a><\/li><li class='av-share-link av-social-link-mail' ><a  aria-label=\"Compartir por correo\" href='mailto:?subject=Sernapesca%20mantiene%20la%20vigilancia%20previo%20al%20inicio%20de%20la%20temporada%20de%20pesca%20recreativa&#038;body=https:\/\/radiorevelacionfm.cl\/?p=9200' aria-hidden='false' data-av_icon='\ue805' data-av_iconfont='entypo-fontello' title='' data-avia-related-tooltip='Compartir por correo'><span class='avia_hidden_link_text'>Compartir por correo<\/span><\/a><\/li><\/ul><\/div><\/div>\n<div  style='height:50px' class='hr hr-invisible   avia-builder-el-8  el_after_av_social_share  el_before_av_comments_list '><span class='hr-inner ' ><span class='hr-inner-style'><\/span><\/span><\/div>\n<div  class='av-buildercomment  av-blog-meta-html-info-disabled av-blog-meta-tag-disabled  '><\/div>\n","protected":false},"excerpt":{"rendered":"","protected":false},"author":1,"featured_media":9201,"comment_status":"open","ping_status":"open","sticky":false,"template":"","format":"standard","meta":{"footnotes":""},"categories":[60,38],"tags":[],"class_list":["post-9200","post","type-post","status-publish","format-standard","has-post-thumbnail","hentry","category-pesca","category-regional"],"jetpack_featured_media_url":"https:\/\/radiorevelacionfm.cl\/wp-content\/uploads\/2021\/09\/2-61-1_optimized.jpg","_links":{"self":[{"href":"https:\/\/radiorevelacionfm.cl\/index.php?rest_route=\/wp\/v2\/posts\/9200","targetHints":{"allow":["GET"]}}],"collection":[{"href":"https:\/\/radiorevelacionfm.cl\/index.php?rest_route=\/wp\/v2\/posts"}],"about":[{"href":"https:\/\/radiorevelacionfm.cl\/index.php?rest_route=\/wp\/v2\/types\/post"}],"author":[{"embeddable":true,"href":"https:\/\/radiorevelacionfm.cl\/index.php?rest_route=\/wp\/v2\/users\/1"}],"replies":[{"embeddable":true,"href":"https:\/\/radiorevelacionfm.cl\/index.php?rest_route=%2Fwp%2Fv2%2Fcomments&post=9200"}],"version-history":[{"count":1,"href":"https:\/\/radiorevelacionfm.cl\/index.php?rest_route=\/wp\/v2\/posts\/9200\/revisions"}],"predecessor-version":[{"id":9202,"href":"https:\/\/radiorevelacionfm.cl\/index.php?rest_route=\/wp\/v2\/posts\/9200\/revisions\/9202"}],"wp:featuredmedia":[{"embeddable":true,"href":"https:\/\/radiorevelacionfm.cl\/index.php?rest_route=\/wp\/v2\/media\/9201"}],"wp:attachment":[{"href":"https:\/\/radiorevelacionfm.cl\/index.php?rest_route=%2Fwp%2Fv2%2Fmedia&parent=9200"}],"wp:term":[{"taxonomy":"category","embeddable":true,"href":"https:\/\/radiorevelacionfm.cl\/index.php?rest_route=%2Fwp%2Fv2%2Fcategories&post=9200"},{"taxonomy":"post_tag","embeddable":true,"href":"https:\/\/radiorevelacionfm.cl\/index.php?rest_route=%2Fwp%2Fv2%2Ftags&post=9200"}],"curies":[{"name":"wp","href":"https:\/\/api.w.org\/{rel}","templated":true}]}}