{"id":9197,"date":"2021-09-30T17:42:03","date_gmt":"2021-09-30T20:42:03","guid":{"rendered":"https:\/\/radiorevelacionfm.cl\/?p=9197"},"modified":"2021-09-30T17:42:03","modified_gmt":"2021-09-30T20:42:03","slug":"fin-del-estado-de-excepcion-constitucional-mas-de-561-dias-de-ininterrumpido-trabajo-de-carabineros-en-apoyo-al-control-de-la-pandemia","status":"publish","type":"post","link":"https:\/\/radiorevelacionfm.cl\/?p=9197","title":{"rendered":"Fin del estado de excepci\u00f3n constitucional: M\u00e1s de 561 d\u00edas de ininterrumpido trabajo de Carabineros en apoyo al control de la pandemia"},"content":{"rendered":"<div class=\"flex_column av_one_full  flex_column_div av-zero-column-padding first  avia-builder-el-0  el_before_av_one_full  avia-builder-el-first  \" style='border-radius:0px; '><div  class='avia-image-container  av-styling-    avia-builder-el-1  avia-builder-el-no-sibling  avia-align-center '  itemprop=\"image\" itemscope=\"itemscope\" itemtype=\"https:\/\/schema.org\/ImageObject\"  ><div class='avia-image-container-inner'><div class='avia-image-overlay-wrap'><img decoding=\"async\" class='wp-image-9198 avia-img-lazy-loading-not-9198 avia_image' src=\"https:\/\/radiorevelacionfm.cl\/wp-content\/uploads\/2021\/09\/untitled-4-1_optimized.jpg\" alt='' title='untitled-4-(1)_optimized' height=\"600\" width=\"1067\"  itemprop=\"thumbnailUrl\" srcset=\"https:\/\/radiorevelacionfm.cl\/wp-content\/uploads\/2021\/09\/untitled-4-1_optimized.jpg 1067w, https:\/\/radiorevelacionfm.cl\/wp-content\/uploads\/2021\/09\/untitled-4-1_optimized-300x169.jpg 300w, https:\/\/radiorevelacionfm.cl\/wp-content\/uploads\/2021\/09\/untitled-4-1_optimized-1030x579.jpg 1030w, https:\/\/radiorevelacionfm.cl\/wp-content\/uploads\/2021\/09\/untitled-4-1_optimized-768x432.jpg 768w, https:\/\/radiorevelacionfm.cl\/wp-content\/uploads\/2021\/09\/untitled-4-1_optimized-705x396.jpg 705w, https:\/\/radiorevelacionfm.cl\/wp-content\/uploads\/2021\/09\/untitled-4-1_optimized-600x337.jpg 600w\" sizes=\"(max-width: 1067px) 100vw, 1067px\" \/><\/div><\/div><\/div><\/div><div class=\"flex_column av_one_full  flex_column_div av-zero-column-padding first  avia-builder-el-2  el_after_av_one_full  el_before_av_one_full  column-top-margin\" style='border-radius:0px; '><section class=\"av_textblock_section \"  itemscope=\"itemscope\" itemtype=\"https:\/\/schema.org\/BlogPosting\" itemprop=\"blogPost\" ><div class='avia_textblock  '   itemprop=\"text\" ><p style=\"text-align: center;\"><strong><span style=\"font-size: 18pt;\">Fin del estado de excepci\u00f3n constitucional: M\u00e1s de 561 d\u00edas de ininterrumpido trabajo de Carabineros en apoyo al control de la pandemia<\/span><\/strong><\/p>\n<div id=\"gtx-trans\" style=\"position: absolute; left: -50px; top: 4.31534px;\">\n<div class=\"gtx-trans-icon\"><\/div>\n<\/div>\n<\/div><\/section><\/div><div class=\"flex_column av_one_full  flex_column_div av-zero-column-padding first  avia-builder-el-4  el_after_av_one_full  el_before_av_hr  column-top-margin\" style='border-radius:0px; '><section class=\"av_textblock_section \"  itemscope=\"itemscope\" itemtype=\"https:\/\/schema.org\/BlogPosting\" itemprop=\"blogPost\" ><div class='avia_textblock  '   itemprop=\"text\" ><p style=\"text-align: justify;\">Con el firme compromiso de\u00a0entrega al servicio del pa\u00eds,\u00a0la\u00a0Instituci\u00f3n realiz\u00f3 m\u00faltiples servicios en conjunto con el Ej\u00e9rcito de Chile orientados a velar por el cumplimiento de las disposiciones sanitarias y contribuir a frenar el avance de los contagios.<\/p>\n<p style=\"text-align: justify;\">En la historia de nuestro pa\u00eds -marcada por los embates de la naturaleza y el clima- pocos son los registros de estragos o afectaciones en la salud de la poblaci\u00f3n causados por pandemias y que hayan costado la vida de cientos de compatriotas.<\/p>\n<p style=\"text-align: justify;\">Fue un d\u00eda 17 de noviembre del a\u00f1o 2020, cuando -seg\u00fan los primeros registros- en la ciudad china de Wuhan se detect\u00f3 el primer caso COVID-19 en humanos, enfermedad causada por el Coronavirus SARS-Cov-2. Veintitr\u00e9s meses despu\u00e9s hay m\u00e1s de 234 millones de contagios y m\u00e1s de 4,7 millones de fallecidos en todo el mundo.<\/p>\n<p style=\"text-align: justify;\">Tras pesquisar la presencia del virus en la poblaci\u00f3n, el 3 de marzo de 2020 fue detectado en Chile el primer caso y, el 14 de ese mismo mes, el primer caso en la comuna de Tortel, en la regi\u00f3n de Ays\u00e9n.<\/p>\n<p style=\"text-align: justify;\">En tan solo 15 d\u00edas, el creciente n\u00famero de contagios alcanz\u00f3 a 238 personas en nuestro pa\u00eds, lo que oblig\u00f3 a las autoridades al cierre de fronteras y a decretar el 18 de marzo de ese mismo a\u00f1o, estado de excepci\u00f3n constitucional (y toque de queda nocturno a partir del 22 de marzo) medida que se extendi\u00f3 por 561 d\u00edas y que finaliza hoy jueves 30 de septiembre de 2021.<\/p>\n<p style=\"text-align: justify;\">A partir de aquel entonces, Carabineros inici\u00f3 un trabajo junto a las Fuerzas Armadas e implement\u00f3 diversos servicios preventivos y de fiscalizaci\u00f3n con la finalidad de desarrollar una labor orientada a dar cumplimiento a las disposiciones sanitarias dispuestas por la autoridad del ramo, junto con enfatizar en el uso de las medidas de bioseguridad para el control de la propagaci\u00f3n del virus y disminuir la curva de contagios por COVID-19.<\/p>\n<p style=\"text-align: justify;\"><strong>Compromiso total<\/strong><\/p>\n<p style=\"text-align: justify;\">Durante los cerca de dos a\u00f1os por los cuales se extendi\u00f3 el estado de excepci\u00f3n constitucional, Carabineros realiz\u00f3 numerosos servicios en la regi\u00f3n de Ays\u00e9n y despleg\u00f3 diariamente a lo largo del territorio 36 veh\u00edculos policiales para apoyar el control de la pandemia.<\/p>\n<p style=\"text-align: justify;\">En este periodo un total de 2.555 personas fueron detenidas \/ conducidas y denunciadas por infracci\u00f3n al toque de queda; 69 detenidos por quebrantamiento de cuarentena; 69 por fiestas clandestinas; 17 por sumarios sanitarios y 736 infracciones por no uso de mascarilla.<\/p>\n<p style=\"text-align: justify;\">Igualmente Carabineros efectu\u00f3 un control de trazabilidad a 68.997 personas y 37.831 veh\u00edculos. Asimismo se otorgaron 666 salvoconductos presenciales y 5.875 permisos temporales presenciales.<\/p>\n<p style=\"text-align: justify;\">El Jefe de la XI Zona de Carabineros Ays\u00e9n, General Hugo Zenteno V\u00e1squez, indic\u00f3 que \u00aben este periodo, hemos redoblado nuestros esfuerzos no solo para apoyar el control de la pandemia, sino tambi\u00e9n para mantener los servicios de control y prevenci\u00f3n del delito junto con atender los m\u00faltiples requerimientos por parte de la comunidad a quienes nos debemos. Efectuamos m\u00faltiples llamados, fiscalizaciones a establecimientos comerciales, detecci\u00f3n de fiestas clandestinas entre otras actividades, siendo los antecedentes puestos en conocimiento de la Fiscal\u00eda y de la Autoridad Sanitaria, con la finalidad de iniciar los sumarios respectivos\u00bb, indic\u00f3.<\/p>\n<p style=\"text-align: justify;\">Desde un primer momento, Carabineros inst\u00f3 a la comunidad a tomar conciencia sobre el resultado o efecto de las acciones individuales y\/o colectivas, formulando llamados a una conducta responsable, que deje de lado el individualismo, instando a ser emp\u00e1ticos con los dem\u00e1s y especialmente con los adultos mayores.<\/p>\n<p style=\"text-align: justify;\">\u00abEl COVID-19 nos ha remecido como sociedad, para priorizar y darle importancia a lo relevante, es decir, para devolvernos un poco de humanidad, concepto que hoy cobra especial fuerza y relevancia junto a la solidaridad, toda vez que superar esta pandemia requiere de aspectos simples que dicen relaci\u00f3n con la empat\u00eda por nuestros semejantes\u00bb, complement\u00f3 el Jefe de Zona de Carabineros Ays\u00e9n.<\/p>\n<p style=\"text-align: justify;\">Desde el primer momento, el compromiso de la Instituci\u00f3n ha sido total para contribuir al control de la pandemia. A mediados del mes de enero del presente a\u00f1o, Carabineros realiz\u00f3 el servicio de escolta tras la llegada de las primeras dosis de vacunas Pfizer a la regi\u00f3n, apoyando tambi\u00e9n su distribuci\u00f3n hasta las distintas comunas a lo largo del territorio.<\/p>\n<p style=\"text-align: justify;\"><strong>Al servicio del pa\u00eds<\/strong><\/p>\n<p style=\"text-align: justify;\">Carabineros es una instituci\u00f3n de todos, que nace de la comunidad y se debe a ella, sin distingo de ninguna naturaleza.<\/p>\n<p style=\"text-align: justify;\">La pandemia no solo ha dejado en evidencia el aspecto sanitario, sino tambi\u00e9n la vulnerabilidad en que se encuentran diversas familias. En tal sentido, nuestra labor ha ido m\u00e1s all\u00e1 del control y fiscalizaci\u00f3n y, en nuestro rol de comodidad p\u00fablica a trav\u00e9s de sus Oficinas Comunitarias -conocedores de la realidad de sus territorios- los carabineros han estado ocupados, brindando orientaci\u00f3n, colaborando, reuniendo y entregado ayuda destinada a quienes m\u00e1s lo requieren, permitiendo solidarizar con las familias en este complejo momento.<\/p>\n<p style=\"text-align: justify;\">\u00abA trav\u00e9s de este espacio, hago llegar mi reconocimiento a todo el personal institucional a lo largo de la regi\u00f3n de Ays\u00e9n, quienes durante esta pandemia, sin importar las distancias, el clima u otra condici\u00f3n han estado desplegados en la ciudad, en las rutas y los m\u00e1s apartados rincones de nuestra extensa geograf\u00eda, haciendo prevenci\u00f3n, fiscalizando y reiterando la necesidad mantener las medidas de bioseguridad. Perseveraremos en nuestros esfuerzos para alcanzar los niveles de seguridad necesarios que nos permitan continuar avanzando como personas y como familias de la regi\u00f3n\u00bb, acot\u00f3 el General Zenteno.<\/p>\n<p style=\"text-align: justify;\">Asimismo, el Oficial General resalt\u00f3 el trabajo de los funcionarios de la salud, cuya entrega ha permitido que hoy muchas personas mantengan a sus seres queridos a su lado. \u00abNo puedo sino destacar el enorme esfuerzo desplegado por el personal de salud, quienes con gran vocaci\u00f3n, entrega y profesionalismo -inclusive arriesgando su propia integridad- han dado lo mejor de s\u00ed para salvar la vida de cientos de pacientes durante esta pandemia\u00bb.<\/p>\n<p style=\"text-align: justify;\">La eliminaci\u00f3n del estado de excepci\u00f3n constitucional, se traduce en la supresi\u00f3n de las restricciones impuestas, no obstante, nuestro llamado seguir\u00e1 siendo el mismo, mantengamos los resguardos, no descuidemos el uso de la mascarilla, respetemos los aforos. No seamos parte de las estad\u00edsticas, recuerda que los resguardos y la distancia de hoy, nos permitir\u00e1 estar juntos ma\u00f1ana.<\/p>\n<\/div><\/section><\/div><div  style='height:50px' class='hr hr-invisible   avia-builder-el-6  el_after_av_one_full  el_before_av_social_share '><span class='hr-inner ' ><span class='hr-inner-style'><\/span><\/span><\/div><\/p>\n<div  class='av-social-sharing-box  avia-builder-el-7  el_after_av_hr  el_before_av_hr  '><div class='av-share-box'><h5 class='av-share-link-description av-no-toc '>Compartir esta noticia<\/h5><ul class='av-share-box-list noLightbox'><li class='av-share-link av-social-link-facebook' ><a target=\"_blank\" aria-label=\"Compartir en Facebook\" href='https:\/\/www.facebook.com\/sharer.php?u=https:\/\/radiorevelacionfm.cl\/?p=9197&#038;t=Fin%20del%20estado%20de%20excepci%C3%B3n%20constitucional%3A%20M%C3%A1s%20de%20561%20d%C3%ADas%20de%20ininterrumpido%20trabajo%20de%20Carabineros%20en%20apoyo%20al%20control%20de%20la%20pandemia' aria-hidden='false' data-av_icon='\ue8f3' data-av_iconfont='entypo-fontello' title='' data-avia-related-tooltip='Compartir en Facebook' rel=\"noopener\"><span class='avia_hidden_link_text'>Compartir en Facebook<\/span><\/a><\/li><li class='av-share-link av-social-link-twitter' ><a target=\"_blank\" aria-label=\"Compartir en Twitter\" href='https:\/\/twitter.com\/share?text=Fin%20del%20estado%20de%20excepci%C3%B3n%20constitucional%3A%20M%C3%A1s%20de%20561%20d%C3%ADas%20de%20ininterrumpido%20trabajo%20de%20Carabineros%20en%20apoyo%20al%20control%20de%20la%20pandemia&#038;url=https:\/\/radiorevelacionfm.cl\/?p=9197' aria-hidden='false' data-av_icon='\ue8f1' data-av_iconfont='entypo-fontello' title='' data-avia-related-tooltip='Compartir en Twitter' rel=\"noopener\"><span class='avia_hidden_link_text'>Compartir en Twitter<\/span><\/a><\/li><li class='av-share-link av-social-link-whatsapp' ><a target=\"_blank\" aria-label=\"Compartir en Whatsapp\" href='https:\/\/api.whatsapp.com\/send?text=https:\/\/radiorevelacionfm.cl\/?p=9197' aria-hidden='false' data-av_icon='\uf232' data-av_iconfont='entypo-fontello' title='' data-avia-related-tooltip='Compartir en Whatsapp' rel=\"noopener\"><span class='avia_hidden_link_text'>Compartir en Whatsapp<\/span><\/a><\/li><li class='av-share-link av-social-link-linkedin' ><a target=\"_blank\" aria-label=\"Compartir en LinkedIn\" href='https:\/\/linkedin.com\/shareArticle?mini=true&#038;title=Fin%20del%20estado%20de%20excepci%C3%B3n%20constitucional%3A%20M%C3%A1s%20de%20561%20d%C3%ADas%20de%20ininterrumpido%20trabajo%20de%20Carabineros%20en%20apoyo%20al%20control%20de%20la%20pandemia&#038;url=https:\/\/radiorevelacionfm.cl\/?p=9197' aria-hidden='false' data-av_icon='\ue8fc' data-av_iconfont='entypo-fontello' title='' data-avia-related-tooltip='Compartir en LinkedIn' rel=\"noopener\"><span class='avia_hidden_link_text'>Compartir en LinkedIn<\/span><\/a><\/li><li class='av-share-link av-social-link-mail' ><a  aria-label=\"Compartir por correo\" href='mailto:?subject=Fin%20del%20estado%20de%20excepci%C3%B3n%20constitucional%3A%20M%C3%A1s%20de%20561%20d%C3%ADas%20de%20ininterrumpido%20trabajo%20de%20Carabineros%20en%20apoyo%20al%20control%20de%20la%20pandemia&#038;body=https:\/\/radiorevelacionfm.cl\/?p=9197' aria-hidden='false' data-av_icon='\ue805' data-av_iconfont='entypo-fontello' title='' data-avia-related-tooltip='Compartir por correo'><span class='avia_hidden_link_text'>Compartir por correo<\/span><\/a><\/li><\/ul><\/div><\/div>\n<div  style='height:50px' class='hr hr-invisible   avia-builder-el-8  el_after_av_social_share  el_before_av_comments_list '><span class='hr-inner ' ><span class='hr-inner-style'><\/span><\/span><\/div>\n<div  class='av-buildercomment  av-blog-meta-html-info-disabled av-blog-meta-tag-disabled  '><\/div>\n","protected":false},"excerpt":{"rendered":"","protected":false},"author":1,"featured_media":9198,"comment_status":"open","ping_status":"open","sticky":false,"template":"","format":"standard","meta":{"footnotes":""},"categories":[36],"tags":[],"class_list":["post-9197","post","type-post","status-publish","format-standard","has-post-thumbnail","hentry","category-policial"],"jetpack_featured_media_url":"https:\/\/radiorevelacionfm.cl\/wp-content\/uploads\/2021\/09\/untitled-4-1_optimized.jpg","_links":{"self":[{"href":"https:\/\/radiorevelacionfm.cl\/index.php?rest_route=\/wp\/v2\/posts\/9197","targetHints":{"allow":["GET"]}}],"collection":[{"href":"https:\/\/radiorevelacionfm.cl\/index.php?rest_route=\/wp\/v2\/posts"}],"about":[{"href":"https:\/\/radiorevelacionfm.cl\/index.php?rest_route=\/wp\/v2\/types\/post"}],"author":[{"embeddable":true,"href":"https:\/\/radiorevelacionfm.cl\/index.php?rest_route=\/wp\/v2\/users\/1"}],"replies":[{"embeddable":true,"href":"https:\/\/radiorevelacionfm.cl\/index.php?rest_route=%2Fwp%2Fv2%2Fcomments&post=9197"}],"version-history":[{"count":1,"href":"https:\/\/radiorevelacionfm.cl\/index.php?rest_route=\/wp\/v2\/posts\/9197\/revisions"}],"predecessor-version":[{"id":9199,"href":"https:\/\/radiorevelacionfm.cl\/index.php?rest_route=\/wp\/v2\/posts\/9197\/revisions\/9199"}],"wp:featuredmedia":[{"embeddable":true,"href":"https:\/\/radiorevelacionfm.cl\/index.php?rest_route=\/wp\/v2\/media\/9198"}],"wp:attachment":[{"href":"https:\/\/radiorevelacionfm.cl\/index.php?rest_route=%2Fwp%2Fv2%2Fmedia&parent=9197"}],"wp:term":[{"taxonomy":"category","embeddable":true,"href":"https:\/\/radiorevelacionfm.cl\/index.php?rest_route=%2Fwp%2Fv2%2Fcategories&post=9197"},{"taxonomy":"post_tag","embeddable":true,"href":"https:\/\/radiorevelacionfm.cl\/index.php?rest_route=%2Fwp%2Fv2%2Ftags&post=9197"}],"curies":[{"name":"wp","href":"https:\/\/api.w.org\/{rel}","templated":true}]}}