{"id":9185,"date":"2021-09-30T10:20:56","date_gmt":"2021-09-30T13:20:56","guid":{"rendered":"https:\/\/radiorevelacionfm.cl\/?p=9185"},"modified":"2021-09-30T10:20:56","modified_gmt":"2021-09-30T13:20:56","slug":"villa-ohiggins-conectividad-y-aislamiento-los-desafios-presentados-por-la-comunidad-al-gobierno-regional","status":"publish","type":"post","link":"https:\/\/radiorevelacionfm.cl\/?p=9185","title":{"rendered":"Villa O&#8217;Higgins: conectividad y aislamiento, los desaf\u00edos presentados por la comunidad al Gobierno Regional"},"content":{"rendered":"<div class=\"flex_column av_one_full  flex_column_div av-zero-column-padding first  avia-builder-el-0  el_before_av_one_full  avia-builder-el-first  \" style='border-radius:0px; '><div  class='avia-image-container  av-styling-    avia-builder-el-1  avia-builder-el-no-sibling  avia-align-center '  itemprop=\"image\" itemscope=\"itemscope\" itemtype=\"https:\/\/schema.org\/ImageObject\"  ><div class='avia-image-container-inner'><div class='avia-image-overlay-wrap'><img decoding=\"async\" class='wp-image-9186 avia-img-lazy-loading-not-9186 avia_image' src=\"https:\/\/radiorevelacionfm.cl\/wp-content\/uploads\/2021\/09\/GOB-VO-2021-09-28-1-1.jpeg\" alt='' title='GOB VO 2021-09-28 (1) (1)' height=\"600\" width=\"900\"  itemprop=\"thumbnailUrl\" srcset=\"https:\/\/radiorevelacionfm.cl\/wp-content\/uploads\/2021\/09\/GOB-VO-2021-09-28-1-1.jpeg 900w, https:\/\/radiorevelacionfm.cl\/wp-content\/uploads\/2021\/09\/GOB-VO-2021-09-28-1-1-300x200.jpeg 300w, https:\/\/radiorevelacionfm.cl\/wp-content\/uploads\/2021\/09\/GOB-VO-2021-09-28-1-1-768x512.jpeg 768w, https:\/\/radiorevelacionfm.cl\/wp-content\/uploads\/2021\/09\/GOB-VO-2021-09-28-1-1-705x470.jpeg 705w, https:\/\/radiorevelacionfm.cl\/wp-content\/uploads\/2021\/09\/GOB-VO-2021-09-28-1-1-600x400.jpeg 600w\" sizes=\"(max-width: 900px) 100vw, 900px\" \/><\/div><\/div><\/div><\/div><div class=\"flex_column av_one_full  flex_column_div av-zero-column-padding first  avia-builder-el-2  el_after_av_one_full  el_before_av_one_full  column-top-margin\" style='border-radius:0px; '><section class=\"av_textblock_section \"  itemscope=\"itemscope\" itemtype=\"https:\/\/schema.org\/BlogPosting\" itemprop=\"blogPost\" ><div class='avia_textblock  '   itemprop=\"text\" ><p style=\"text-align: center;\"><span style=\"font-size: 18pt;\"><b>Villa O&#8217;Higgins: conectividad y aislamiento,\u00a0los desaf\u00edos\u00a0presentados por la comunidad al Gobierno Regional\u00a0<\/b><\/span><\/p>\n<div id=\"gtx-trans\" style=\"position: absolute; left: -50px; top: 4.31534px;\">\n<div class=\"gtx-trans-icon\"><\/div>\n<\/div>\n<\/div><\/section><\/div><div class=\"flex_column av_one_full  flex_column_div av-zero-column-padding first  avia-builder-el-4  el_after_av_one_full  el_before_av_hr  column-top-margin\" style='border-radius:0px; '><section class=\"av_textblock_section \"  itemscope=\"itemscope\" itemtype=\"https:\/\/schema.org\/BlogPosting\" itemprop=\"blogPost\" ><div class='avia_textblock  '   itemprop=\"text\" ><p style=\"text-align: justify;\">Gran participaci\u00f3n de la comunidad y sus organizaciones se desarroll\u00f3 reuni\u00f3n que sostuvieron autoridades locales y la delegaci\u00f3n del Gobierno Regional en la comuna de Villa O&#8217;Higgins este martes 28 de septiembre.<\/p>\n<p style=\"text-align: justify;\">La instancia, que cont\u00f3 con la presencia del alcalde Claudio Fica, el Concejo Municipal y miembros del Gobierno Regional, comenz\u00f3 presentando el detalle de todos los aspectos vistos en el Plan de Desarrollo del Territorio para la Provincia de Los Glaciares.<\/p>\n<p style=\"text-align: justify;\">Para la Gobernadora Mac\u00edas, la participaci\u00f3n ciudadana ser\u00e1 un eje rector de la gesti\u00f3n en el Gobierno Regional. \u00abEstamos contentos porque contamos con una importante participaci\u00f3n, porque generar espacios de conversaci\u00f3n en los territorios y con las personas que los habitan es fundamental para saber tomar las decisiones en materia de inversi\u00f3n p\u00fablica. Estamos felices de revisar iniciativas directamente con ellos, por ejemplo en t\u00e9rminos de conectividad y electrificaci\u00f3n\u00bb, afirm\u00f3.<\/p>\n<p style=\"text-align: justify;\">Vecinas y vecinos del sector tambi\u00e9n valoraron el espacio de di\u00e1logo abierto con las autoridades. \u00abEs incre\u00edblemente importante que la primera Gobernadora Regional que tenemos haya llegado a Villa O&#8217;Higgins a escucharnos. Ha sido una reuni\u00f3n extensa, pero buen\u00edsima para presentar nuestros requerimientos\u00bb, dijo al t\u00e9rmino de la\u00a0ocasi\u00f3n Nora P\u00e9rez, vecina del sector Mayer.<\/p>\n<p style=\"text-align: justify;\">Por su parte, el alcalde Fica agradeci\u00f3 la oportunidad de presentar junto a concejales y concejalas las urgencias de la comuna. \u00abMuy contentos de tener la visita de nuestra Gobernadora, primero revisando con el Concejo Municipal el Plan de Rezago Territorial y luego con vecinos y vecinas. Hemos planteado todas las ideas de los proyectos que queremos realizar en la comuna para que nos apoye con las gestiones. Los subsidios, los embarcaderos para los sectores aislados son fundamentales para avanzar en este periodo. Adem\u00e1s, del mejoramiento de las comunicaciones tan necesarias hoy d\u00eda\u00bb.<\/p>\n<p style=\"text-align: justify;\"><strong>Presencia del Consejo Regional\u00a0<\/strong><\/p>\n<p style=\"text-align: justify;\">En la oportunidad tambi\u00e9n estuvieron participando los Consejeros Regionales de la Provincia, Jorge Abello y Carlos Campos, quienes manifestaron la voluntad de seguir trabajando para apoyar el desarrollo de la comunidad.<\/p>\n<p style=\"text-align: justify;\">\u00abNos hemos sumado a la agenda de la Gobernadora en este viaje al Ays\u00e9n profundo, hablando en Villa O&#8217;Higgins con vecinos que hacen patria d\u00eda a d\u00eda, donde tenemos una deuda tremenda. Necesitamos soberan\u00eda inteligente, comunicaciones satelitales para mejorar su calidad de vida\u00bb, afirmaba el consejero Campos.<\/p>\n<p style=\"text-align: justify;\">Para Jorge Abello, el Gobierno Regional debe ser un aporte real a los vecinos y vecinas. \u00abHemos acompa\u00f1ado a nuestra Gobernadora y escuchado los requerimientos de la comunidad. Estamos dispuestos a avanzar en todos aquellos trabajos donde el Gobierno Regional pueda ser un aporte, viendo proyectos en marcha y todo los que est\u00e1n pendientes. La comunidad quiere seguir progresando y avanzando en sus territorios, estamos comprometidos con las demandas de la gente de nuestra Provincia\u00bb, finaliz\u00f3.<\/p>\n<p style=\"text-align: justify;\">La agenda de la m\u00e1xima autoridad regional sigui\u00f3 en la comuna de Tortel para generar un espacio de di\u00e1logo comunitario abierto con autoridades locales y vecinos\/as.<\/p>\n<\/div><\/section><\/div><div  style='height:50px' class='hr hr-invisible   avia-builder-el-6  el_after_av_one_full  el_before_av_social_share '><span class='hr-inner ' ><span class='hr-inner-style'><\/span><\/span><\/div><\/p>\n<div  class='av-social-sharing-box  avia-builder-el-7  el_after_av_hr  el_before_av_hr  '><div class='av-share-box'><h5 class='av-share-link-description av-no-toc '>Compartir esta noticia<\/h5><ul class='av-share-box-list noLightbox'><li class='av-share-link av-social-link-facebook' ><a target=\"_blank\" aria-label=\"Compartir en Facebook\" href='https:\/\/www.facebook.com\/sharer.php?u=https:\/\/radiorevelacionfm.cl\/?p=9185&#038;t=Villa%20O%E2%80%99Higgins%3A%20conectividad%20y%20aislamiento%2C%20los%20desaf%C3%ADos%20presentados%20por%20la%20comunidad%20al%20Gobierno%20Regional' aria-hidden='false' data-av_icon='\ue8f3' data-av_iconfont='entypo-fontello' title='' data-avia-related-tooltip='Compartir en Facebook' rel=\"noopener\"><span class='avia_hidden_link_text'>Compartir en Facebook<\/span><\/a><\/li><li class='av-share-link av-social-link-twitter' ><a target=\"_blank\" aria-label=\"Compartir en Twitter\" href='https:\/\/twitter.com\/share?text=Villa%20O%E2%80%99Higgins%3A%20conectividad%20y%20aislamiento%2C%20los%20desaf%C3%ADos%20presentados%20por%20la%20comunidad%20al%20Gobierno%20Regional&#038;url=https:\/\/radiorevelacionfm.cl\/?p=9185' aria-hidden='false' data-av_icon='\ue8f1' data-av_iconfont='entypo-fontello' title='' data-avia-related-tooltip='Compartir en Twitter' rel=\"noopener\"><span class='avia_hidden_link_text'>Compartir en Twitter<\/span><\/a><\/li><li class='av-share-link av-social-link-whatsapp' ><a target=\"_blank\" aria-label=\"Compartir en Whatsapp\" href='https:\/\/api.whatsapp.com\/send?text=https:\/\/radiorevelacionfm.cl\/?p=9185' aria-hidden='false' data-av_icon='\uf232' data-av_iconfont='entypo-fontello' title='' data-avia-related-tooltip='Compartir en Whatsapp' rel=\"noopener\"><span class='avia_hidden_link_text'>Compartir en Whatsapp<\/span><\/a><\/li><li class='av-share-link av-social-link-linkedin' ><a target=\"_blank\" aria-label=\"Compartir en LinkedIn\" href='https:\/\/linkedin.com\/shareArticle?mini=true&#038;title=Villa%20O%E2%80%99Higgins%3A%20conectividad%20y%20aislamiento%2C%20los%20desaf%C3%ADos%20presentados%20por%20la%20comunidad%20al%20Gobierno%20Regional&#038;url=https:\/\/radiorevelacionfm.cl\/?p=9185' aria-hidden='false' data-av_icon='\ue8fc' data-av_iconfont='entypo-fontello' title='' data-avia-related-tooltip='Compartir en LinkedIn' rel=\"noopener\"><span class='avia_hidden_link_text'>Compartir en LinkedIn<\/span><\/a><\/li><li class='av-share-link av-social-link-mail' ><a  aria-label=\"Compartir por correo\" href='mailto:?subject=Villa%20O%E2%80%99Higgins%3A%20conectividad%20y%20aislamiento%2C%20los%20desaf%C3%ADos%20presentados%20por%20la%20comunidad%20al%20Gobierno%20Regional&#038;body=https:\/\/radiorevelacionfm.cl\/?p=9185' aria-hidden='false' data-av_icon='\ue805' data-av_iconfont='entypo-fontello' title='' data-avia-related-tooltip='Compartir por correo'><span class='avia_hidden_link_text'>Compartir por correo<\/span><\/a><\/li><\/ul><\/div><\/div>\n<div  style='height:50px' class='hr hr-invisible   avia-builder-el-8  el_after_av_social_share  el_before_av_comments_list '><span class='hr-inner ' ><span class='hr-inner-style'><\/span><\/span><\/div>\n<div  class='av-buildercomment  av-blog-meta-html-info-disabled av-blog-meta-tag-disabled  '><\/div>\n","protected":false},"excerpt":{"rendered":"","protected":false},"author":1,"featured_media":9186,"comment_status":"open","ping_status":"open","sticky":false,"template":"","format":"standard","meta":{"footnotes":""},"categories":[38],"tags":[],"class_list":["post-9185","post","type-post","status-publish","format-standard","has-post-thumbnail","hentry","category-regional"],"jetpack_featured_media_url":"https:\/\/radiorevelacionfm.cl\/wp-content\/uploads\/2021\/09\/GOB-VO-2021-09-28-1-1.jpeg","_links":{"self":[{"href":"https:\/\/radiorevelacionfm.cl\/index.php?rest_route=\/wp\/v2\/posts\/9185","targetHints":{"allow":["GET"]}}],"collection":[{"href":"https:\/\/radiorevelacionfm.cl\/index.php?rest_route=\/wp\/v2\/posts"}],"about":[{"href":"https:\/\/radiorevelacionfm.cl\/index.php?rest_route=\/wp\/v2\/types\/post"}],"author":[{"embeddable":true,"href":"https:\/\/radiorevelacionfm.cl\/index.php?rest_route=\/wp\/v2\/users\/1"}],"replies":[{"embeddable":true,"href":"https:\/\/radiorevelacionfm.cl\/index.php?rest_route=%2Fwp%2Fv2%2Fcomments&post=9185"}],"version-history":[{"count":1,"href":"https:\/\/radiorevelacionfm.cl\/index.php?rest_route=\/wp\/v2\/posts\/9185\/revisions"}],"predecessor-version":[{"id":9187,"href":"https:\/\/radiorevelacionfm.cl\/index.php?rest_route=\/wp\/v2\/posts\/9185\/revisions\/9187"}],"wp:featuredmedia":[{"embeddable":true,"href":"https:\/\/radiorevelacionfm.cl\/index.php?rest_route=\/wp\/v2\/media\/9186"}],"wp:attachment":[{"href":"https:\/\/radiorevelacionfm.cl\/index.php?rest_route=%2Fwp%2Fv2%2Fmedia&parent=9185"}],"wp:term":[{"taxonomy":"category","embeddable":true,"href":"https:\/\/radiorevelacionfm.cl\/index.php?rest_route=%2Fwp%2Fv2%2Fcategories&post=9185"},{"taxonomy":"post_tag","embeddable":true,"href":"https:\/\/radiorevelacionfm.cl\/index.php?rest_route=%2Fwp%2Fv2%2Ftags&post=9185"}],"curies":[{"name":"wp","href":"https:\/\/api.w.org\/{rel}","templated":true}]}}