{"id":9182,"date":"2021-09-30T09:22:03","date_gmt":"2021-09-30T12:22:03","guid":{"rendered":"https:\/\/radiorevelacionfm.cl\/?p=9182"},"modified":"2021-09-30T09:22:03","modified_gmt":"2021-09-30T12:22:03","slug":"organizaciones-sociales-reciben-fondo-social-presidente-de-la-republica-2021","status":"publish","type":"post","link":"https:\/\/radiorevelacionfm.cl\/?p=9182","title":{"rendered":"Organizaciones Sociales reciben Fondo Social Presidente de la Rep\u00fablica 2021"},"content":{"rendered":"<div class=\"flex_column av_one_full  flex_column_div av-zero-column-padding first  avia-builder-el-0  el_before_av_one_full  avia-builder-el-first  \" style='border-radius:0px; '><div  class='avia-image-container  av-styling-    avia-builder-el-1  avia-builder-el-no-sibling  avia-align-center '  itemprop=\"image\" itemscope=\"itemscope\" itemtype=\"https:\/\/schema.org\/ImageObject\"  ><div class='avia-image-container-inner'><div class='avia-image-overlay-wrap'><img decoding=\"async\" class='wp-image-9183 avia-img-lazy-loading-not-9183 avia_image' src=\"https:\/\/radiorevelacionfm.cl\/wp-content\/uploads\/2021\/09\/4-43i-1-1.jpg\" alt='' title='4 (43)i (1) (1)' height=\"600\" width=\"1282\"  itemprop=\"thumbnailUrl\" srcset=\"https:\/\/radiorevelacionfm.cl\/wp-content\/uploads\/2021\/09\/4-43i-1-1.jpg 1282w, https:\/\/radiorevelacionfm.cl\/wp-content\/uploads\/2021\/09\/4-43i-1-1-300x140.jpg 300w, https:\/\/radiorevelacionfm.cl\/wp-content\/uploads\/2021\/09\/4-43i-1-1-1030x482.jpg 1030w, https:\/\/radiorevelacionfm.cl\/wp-content\/uploads\/2021\/09\/4-43i-1-1-768x359.jpg 768w, https:\/\/radiorevelacionfm.cl\/wp-content\/uploads\/2021\/09\/4-43i-1-1-705x330.jpg 705w, https:\/\/radiorevelacionfm.cl\/wp-content\/uploads\/2021\/09\/4-43i-1-1-600x281.jpg 600w\" sizes=\"(max-width: 1282px) 100vw, 1282px\" \/><\/div><\/div><\/div><\/div><div class=\"flex_column av_one_full  flex_column_div av-zero-column-padding first  avia-builder-el-2  el_after_av_one_full  el_before_av_one_full  column-top-margin\" style='border-radius:0px; '><section class=\"av_textblock_section \"  itemscope=\"itemscope\" itemtype=\"https:\/\/schema.org\/BlogPosting\" itemprop=\"blogPost\" ><div class='avia_textblock  '   itemprop=\"text\" ><p style=\"text-align: center;\"><span style=\"font-size: 18pt;\"><strong>Organizaciones Sociales reciben Fondo Social Presidente de la Rep\u00fablica 2021<\/strong><\/span><\/p>\n<div id=\"gtx-trans\" style=\"position: absolute; left: -50px; top: 4.31534px;\">\n<div class=\"gtx-trans-icon\"><\/div>\n<\/div>\n<\/div><\/section><\/div><div class=\"flex_column av_one_full  flex_column_div av-zero-column-padding first  avia-builder-el-4  el_after_av_one_full  el_before_av_hr  column-top-margin\" style='border-radius:0px; '><section class=\"av_textblock_section \"  itemscope=\"itemscope\" itemtype=\"https:\/\/schema.org\/BlogPosting\" itemprop=\"blogPost\" ><div class='avia_textblock  '   itemprop=\"text\" ><p style=\"text-align: justify;\">En primera instancia fueron 7 organizaciones que recibieron este aporte gubernamental.<\/p>\n<p style=\"text-align: justify;\">En el transcurso de esta semana en dependencias de la Delegaci\u00f3n Presidencial Provincial de Ays\u00e9n se desarrollaron dos significativas ceremonias y cumpliendo con los protocolos sanitarios establecidos para evitar el contagio del Covid 19, por esta raz\u00f3n y en primera instancia se entregaron los cheques del Fondo Social Presidente de la Rep\u00fablica 2021 a 4 organizaciones, al Club Deportivo Cerro Marchant, AG. Peque\u00f1os Agricultores y Ganaderos de Puerto Ays\u00e9n, Agrupaci\u00f3n Social y Cultural\u00a0 Mujeres Emprendedoras, Arte y Oficio y por \u00faltimo la Agrupaci\u00f3n Esperanza de Vida qui\u00e9n a trav\u00e9s de su Presidenta Jaqueline Melinao agradeci\u00f3 el haber recibido el cheque de manos de la autoridad provincial \u201cagradecida primero que nada del Presidente de la Rep\u00fablica por esta oportunidad que le da a todos los emprendedores como para las organizaciones sociales que les falta tanto el apoyo para poder implementar sus sedes comunitarias y bueno nosotros estamos muy contentos de haber recibido este aporte ya que el se\u00f1or Gobernador cuando era Gobernador, ahora Delegado Presidencial nos llam\u00f3 para postular a este FONDES porque no cont\u00e1bamos con los recursos para poder arreglar nuestra sede\u201d.<\/p>\n<p style=\"text-align: justify;\">En una segunda ceremonia fue el turno del Club Deportivo Ays\u00e9n, el Club de Adultos Mayores Arturo Prat y el Club Social de Amigos de Puerto Ays\u00e9n, quienes administran el Gimnasio Nalcayec y quienes destacaron la posibilidad de poder obtener estos recursos para potenciar el deporte formativo \u201ccomo agrupaci\u00f3n la gesti\u00f3n que hizo en un inicio que nos dio la oportunidad don Manuel Ortiz, tambi\u00e9n agradecer a la se\u00f1ora Karen que nos ayud\u00f3 a presentar este proyecto, es primera vez que participamos de esto para poder a acceder a fondos del Estado para poder mejorar la calidad de nuestro gimnasio, nosotros nos vamos agradecido porque esto le servir\u00e1 a los usuarios y a los ni\u00f1os que acogemos en nuestro gimnasio\u201d dec\u00eda Pedro \u00c1lvarez Presidente del Club.<\/p>\n<p style=\"text-align: justify;\">En tanto el representante del Presidente de la Rep\u00fablica en la provincia Manuel Ortiz resaltaba sobre la entrega de estos cheques \u201ccomo cada a\u00f1o y en representaci\u00f3n del Presidente Sebasti\u00e1n Pi\u00f1era hemos realizado dos actividades que comprende la entrega de estos primeros FONDES 2021, una vez m\u00e1s hemos cumplido con nuestras organizaciones, quiero reconocer el trabajo que realizan en apoyo de toda la comunidad para poder mejorar la calidad de vida o mejorar las sedes que cada uno de ellos ocupan\u201d.<\/p>\n<p style=\"text-align: justify;\"><strong>\u00a0<\/strong><\/p>\n<\/div><\/section><\/div><div  style='height:50px' class='hr hr-invisible   avia-builder-el-6  el_after_av_one_full  el_before_av_social_share '><span class='hr-inner ' ><span class='hr-inner-style'><\/span><\/span><\/div><\/p>\n<div  class='av-social-sharing-box  avia-builder-el-7  el_after_av_hr  el_before_av_hr  '><div class='av-share-box'><h5 class='av-share-link-description av-no-toc '>Compartir esta noticia<\/h5><ul class='av-share-box-list noLightbox'><li class='av-share-link av-social-link-facebook' ><a target=\"_blank\" aria-label=\"Compartir en Facebook\" href='https:\/\/www.facebook.com\/sharer.php?u=https:\/\/radiorevelacionfm.cl\/?p=9182&#038;t=Organizaciones%20Sociales%20reciben%20Fondo%20Social%20Presidente%20de%20la%20Rep%C3%BAblica%202021' aria-hidden='false' data-av_icon='\ue8f3' data-av_iconfont='entypo-fontello' title='' data-avia-related-tooltip='Compartir en Facebook' rel=\"noopener\"><span class='avia_hidden_link_text'>Compartir en Facebook<\/span><\/a><\/li><li class='av-share-link av-social-link-twitter' ><a target=\"_blank\" aria-label=\"Compartir en Twitter\" href='https:\/\/twitter.com\/share?text=Organizaciones%20Sociales%20reciben%20Fondo%20Social%20Presidente%20de%20la%20Rep%C3%BAblica%202021&#038;url=https:\/\/radiorevelacionfm.cl\/?p=9182' aria-hidden='false' data-av_icon='\ue8f1' data-av_iconfont='entypo-fontello' title='' data-avia-related-tooltip='Compartir en Twitter' rel=\"noopener\"><span class='avia_hidden_link_text'>Compartir en Twitter<\/span><\/a><\/li><li class='av-share-link av-social-link-whatsapp' ><a target=\"_blank\" aria-label=\"Compartir en Whatsapp\" href='https:\/\/api.whatsapp.com\/send?text=https:\/\/radiorevelacionfm.cl\/?p=9182' aria-hidden='false' data-av_icon='\uf232' data-av_iconfont='entypo-fontello' title='' data-avia-related-tooltip='Compartir en Whatsapp' rel=\"noopener\"><span class='avia_hidden_link_text'>Compartir en Whatsapp<\/span><\/a><\/li><li class='av-share-link av-social-link-linkedin' ><a target=\"_blank\" aria-label=\"Compartir en LinkedIn\" href='https:\/\/linkedin.com\/shareArticle?mini=true&#038;title=Organizaciones%20Sociales%20reciben%20Fondo%20Social%20Presidente%20de%20la%20Rep%C3%BAblica%202021&#038;url=https:\/\/radiorevelacionfm.cl\/?p=9182' aria-hidden='false' data-av_icon='\ue8fc' data-av_iconfont='entypo-fontello' title='' data-avia-related-tooltip='Compartir en LinkedIn' rel=\"noopener\"><span class='avia_hidden_link_text'>Compartir en LinkedIn<\/span><\/a><\/li><li class='av-share-link av-social-link-mail' ><a  aria-label=\"Compartir por correo\" href='mailto:?subject=Organizaciones%20Sociales%20reciben%20Fondo%20Social%20Presidente%20de%20la%20Rep%C3%BAblica%202021&#038;body=https:\/\/radiorevelacionfm.cl\/?p=9182' aria-hidden='false' data-av_icon='\ue805' data-av_iconfont='entypo-fontello' title='' data-avia-related-tooltip='Compartir por correo'><span class='avia_hidden_link_text'>Compartir por correo<\/span><\/a><\/li><\/ul><\/div><\/div>\n<div  style='height:50px' class='hr hr-invisible   avia-builder-el-8  el_after_av_social_share  el_before_av_comments_list '><span class='hr-inner ' ><span class='hr-inner-style'><\/span><\/span><\/div>\n<div  class='av-buildercomment  av-blog-meta-html-info-disabled av-blog-meta-tag-disabled  '><\/div>\n","protected":false},"excerpt":{"rendered":"","protected":false},"author":1,"featured_media":9183,"comment_status":"open","ping_status":"open","sticky":false,"template":"","format":"standard","meta":{"footnotes":""},"categories":[38],"tags":[],"class_list":["post-9182","post","type-post","status-publish","format-standard","has-post-thumbnail","hentry","category-regional"],"jetpack_featured_media_url":"https:\/\/radiorevelacionfm.cl\/wp-content\/uploads\/2021\/09\/4-43i-1-1.jpg","_links":{"self":[{"href":"https:\/\/radiorevelacionfm.cl\/index.php?rest_route=\/wp\/v2\/posts\/9182","targetHints":{"allow":["GET"]}}],"collection":[{"href":"https:\/\/radiorevelacionfm.cl\/index.php?rest_route=\/wp\/v2\/posts"}],"about":[{"href":"https:\/\/radiorevelacionfm.cl\/index.php?rest_route=\/wp\/v2\/types\/post"}],"author":[{"embeddable":true,"href":"https:\/\/radiorevelacionfm.cl\/index.php?rest_route=\/wp\/v2\/users\/1"}],"replies":[{"embeddable":true,"href":"https:\/\/radiorevelacionfm.cl\/index.php?rest_route=%2Fwp%2Fv2%2Fcomments&post=9182"}],"version-history":[{"count":1,"href":"https:\/\/radiorevelacionfm.cl\/index.php?rest_route=\/wp\/v2\/posts\/9182\/revisions"}],"predecessor-version":[{"id":9184,"href":"https:\/\/radiorevelacionfm.cl\/index.php?rest_route=\/wp\/v2\/posts\/9182\/revisions\/9184"}],"wp:featuredmedia":[{"embeddable":true,"href":"https:\/\/radiorevelacionfm.cl\/index.php?rest_route=\/wp\/v2\/media\/9183"}],"wp:attachment":[{"href":"https:\/\/radiorevelacionfm.cl\/index.php?rest_route=%2Fwp%2Fv2%2Fmedia&parent=9182"}],"wp:term":[{"taxonomy":"category","embeddable":true,"href":"https:\/\/radiorevelacionfm.cl\/index.php?rest_route=%2Fwp%2Fv2%2Fcategories&post=9182"},{"taxonomy":"post_tag","embeddable":true,"href":"https:\/\/radiorevelacionfm.cl\/index.php?rest_route=%2Fwp%2Fv2%2Ftags&post=9182"}],"curies":[{"name":"wp","href":"https:\/\/api.w.org\/{rel}","templated":true}]}}