{"id":9174,"date":"2021-09-30T09:48:59","date_gmt":"2021-09-30T12:48:59","guid":{"rendered":"https:\/\/radiorevelacionfm.cl\/?p=9174"},"modified":"2021-09-30T09:48:59","modified_gmt":"2021-09-30T12:48:59","slug":"equipo-del-mop-sostiene-diversas-reuniones-de-trabajo-mancomunado-con-alcaldes-concejales-y-comunidad","status":"publish","type":"post","link":"https:\/\/radiorevelacionfm.cl\/?p=9174","title":{"rendered":"Equipo del MOP sostiene diversas reuniones de trabajo mancomunado con alcaldes, concejales y comunidad"},"content":{"rendered":"<div class=\"flex_column av_one_full  flex_column_div av-zero-column-padding first  avia-builder-el-0  el_before_av_one_full  avia-builder-el-first  \" style='border-radius:0px; '><div  class='avia-image-container  av-styling-    avia-builder-el-1  avia-builder-el-no-sibling  avia-align-center '  itemprop=\"image\" itemscope=\"itemscope\" itemtype=\"https:\/\/schema.org\/ImageObject\"  ><div class='avia-image-container-inner'><div class='avia-image-overlay-wrap'><img decoding=\"async\" class='wp-image-9175 avia-img-lazy-loading-not-9175 avia_image' src=\"https:\/\/radiorevelacionfm.cl\/wp-content\/uploads\/2021\/09\/IMG_5218i-1-1.jpg\" alt='' title='IMG_5218i (1) (1)' height=\"600\" width=\"1340\"  itemprop=\"thumbnailUrl\" srcset=\"https:\/\/radiorevelacionfm.cl\/wp-content\/uploads\/2021\/09\/IMG_5218i-1-1.jpg 1340w, https:\/\/radiorevelacionfm.cl\/wp-content\/uploads\/2021\/09\/IMG_5218i-1-1-300x134.jpg 300w, https:\/\/radiorevelacionfm.cl\/wp-content\/uploads\/2021\/09\/IMG_5218i-1-1-1030x461.jpg 1030w, https:\/\/radiorevelacionfm.cl\/wp-content\/uploads\/2021\/09\/IMG_5218i-1-1-768x344.jpg 768w, https:\/\/radiorevelacionfm.cl\/wp-content\/uploads\/2021\/09\/IMG_5218i-1-1-705x316.jpg 705w, https:\/\/radiorevelacionfm.cl\/wp-content\/uploads\/2021\/09\/IMG_5218i-1-1-600x269.jpg 600w\" sizes=\"(max-width: 1340px) 100vw, 1340px\" \/><\/div><\/div><\/div><\/div><div class=\"flex_column av_one_full  flex_column_div av-zero-column-padding first  avia-builder-el-2  el_after_av_one_full  el_before_av_one_full  column-top-margin\" style='border-radius:0px; '><section class=\"av_textblock_section \"  itemscope=\"itemscope\" itemtype=\"https:\/\/schema.org\/BlogPosting\" itemprop=\"blogPost\" ><div class='avia_textblock  '   itemprop=\"text\" ><p style=\"text-align: center;\"><strong><span style=\"font-size: 18pt;\">Equipo del MOP sostiene diversas reuniones de trabajo mancomunado con alcaldes, concejales y comunidad <\/span><\/strong><\/p>\n<div id=\"gtx-trans\" style=\"position: absolute; left: -50px; top: 4.31534px;\">\n<div class=\"gtx-trans-icon\"><\/div>\n<\/div>\n<\/div><\/section><\/div><div class=\"flex_column av_one_full  flex_column_div av-zero-column-padding first  avia-builder-el-4  el_after_av_one_full  el_before_av_hr  column-top-margin\" style='border-radius:0px; '><section class=\"av_textblock_section \"  itemscope=\"itemscope\" itemtype=\"https:\/\/schema.org\/BlogPosting\" itemprop=\"blogPost\" ><div class='avia_textblock  '   itemprop=\"text\" ><p style=\"text-align: justify;\">Una serie de reuniones ha sostenido estos \u00faltimos d\u00edas el Secretario Regional Ministerial de Obras P\u00fablicas, N\u00e9stor Mera Mu\u00f1oz y su equipo t\u00e9cnico, con Alcaldes, Concejales y \u00a0equipos \u00a0de diversas Municipalidades en un trabajo mancomunado y con los vecinos en el territorio para ir avanzando en materias de inter\u00e9s para las comunidades y en el marco de la ejecuci\u00f3n del plan Paso a Paso Chile se Recupera a trav\u00e9s del cual estamos construyendo \u00a0obras y entregando nuevos empleos en la regi\u00f3n de Ays\u00e9n.<\/p>\n<p style=\"text-align: justify;\">\u201cYa hemos sostenido reuniones con los Alcaldes y sus equipos de Las Guaitecas, de Ays\u00e9n, de Coyhaique y de Chile Chico y la verdad esperamos hacerlo con todos los municipios de la regi\u00f3n de Ays\u00e9n, porque este es el mandato que tenemos del gobierno de nuestro presidente Sebasti\u00e1n Pi\u00f1era y tambi\u00e9n es el sello de nuestra gesti\u00f3n. En esta oportunidad, con el Alcalde de Chile Chico tuvimos una muy buena reuni\u00f3n en donde abordamos las obras m\u00e1s emblem\u00e1ticas que ellos tienen como gesti\u00f3n Municipal, especialmente el proyecto de costanera en donde tanto nosotros como el Ministerio de Vivienda y Urbanismo vamos a trabajar conjuntamente para poder avanzar en esa arista. Tambi\u00e9n, nosotros como Ministerio de Obras P\u00fablicas le dimos a conocer el plan de inversi\u00f3n que tenemos en la comuna, que es muy importante y ambicioso y que incluye la pavimentaci\u00f3n desde Chile Chico hacia el cruce a Bah\u00eda Jara actualmente en fase de t\u00e9rmino, estamos trabajando en la conservaci\u00f3n del\u00a0 Aer\u00f3dromo local, este segundo semestre vamos a licitar la construcci\u00f3n del Borde Costero de Puerto Bertrand la que es una gran obra que estamos llevando a cabo como Ministerio con una importante inversi\u00f3n y tambi\u00e9n hablamos acerca de las obras que ya hemos realizado en Puerto Guadal como el encausamiento del estero Los Sauces, y\u00a0 hoy d\u00eda en la ampliaci\u00f3n del Servicio Sanitario Rural. En suma, han sido reuniones muy productivas para poder abordar todos estos proyectos conjuntamente, los que en definitiva son planteamientos de la comunidad\u201d, afirm\u00f3 el SEREMI del MOP.<\/p>\n<p style=\"text-align: justify;\">Por su parte, el Alcalde de Chile Chico Luperciano Mu\u00f1oz, junto con agradecer al Seremi N\u00e9stor Mera esta reuni\u00f3n, indic\u00f3 que como equipo vinieron a exponer algunas necesidades. \u201cLo que nos interesa es abordar en conjunto con el SERVIU el Dise\u00f1o de ingenier\u00eda para pavimentar la calle Costanera, que son 1300 metros, y que es pr\u00e1cticamente la \u00fanica calle que nos falta pavimentar. Por la complejidad, no s\u00f3lo se necesita el Dise\u00f1o de Ingenier\u00eda as\u00ed que el SEREMI comprometi\u00f3 las gestiones\u00a0 para ayudarnos en esa tarea que es complicada porque esto tiene costos elevados. Para nosotros es fundamental esta alianza entre el SERVIU, el MOP y el Municipio para que podamos sacar adelante la pavimentaci\u00f3n de esta calle; junto con ello, nosotros tenemos como visi\u00f3n continuar el anhelado proyecto de costanera de Chile Chico. As\u00ed que estas alianzas nos van a permitir llegar a buen puerto. Otros temas que tocamos con \u00e9l\u00a0 es que despu\u00e9s del 18 de octubre vamos a tener una reuni\u00f3n junto a su equipo t\u00e9cnico y sus Directores en Chile Chico y tambi\u00e9n con SERVIU para abordar este y otros temas en los que hemos solicitado el apoyo del Ministerio de Obras P\u00fablicas. As\u00ed que estamos contentos, para nosotros ha sido una reuni\u00f3n fruct\u00edfera, creemos y confiamos en que la ayuda del Ministerio de Obras P\u00fablicas va a ser fundamental para sacar adelante este y otros proyectos\u201d.<\/p>\n<p style=\"text-align: justify;\">Respecto de la reuni\u00f3n sostenida con autoridades de Las Guaitecas, el Alcalde de esta comuna, Marcos Silva Miranda destac\u00f3 la gentileza y tiempo que dedic\u00f3 el Seremi de Obras P\u00fablicas y su equipo de Directores para reunirse con ellos, oportunidad en la que le plantearon todas sus inquietudes, necesidades y requerimientos que los aquejan como comuna. \u201cNos interesa sobremanera poder ir avanzando paulatinamente en estas necesidades.\u00a0 Esto marca relevancia, porque hoy d\u00eda los Concejales y este Alcalde somos un equipo nuevo en esta administraci\u00f3n y es muy importante que los Concejales visiten diversos sectores de la regi\u00f3n, conozcan a los SEREMIS, a los Directores, conocer a los distintos Servicios y a quienes est\u00e1n a cargo, para que eso permita tambi\u00e9n que \u00a0ellos puedan \u00a0ayudar y gestionar \u00a0lo que la\u00a0 comunidad nos demanda. As\u00ed que en ese contexto, nos vamos satisfechos y agradecidos de que nos hayan recibido y esperar que lo que hemos manifestado y planteado se vaya materializando en el corto plazo. As\u00ed que muy contentos y agradecidos, porque sabemos que todos hoy d\u00eda tenemos agendas bastante acotadas, con todos los inconvenientes que hoy d\u00eda existen, por lo tanto que nos den un tiempo para atendernos, eso se agradece\u201d.<\/p>\n<p style=\"text-align: justify;\">En tanto, el Concejal por la comuna de Las Guaitecas, Juan Carlos Vargas se\u00f1al\u00f3 \u201cfue una reuni\u00f3n bastante fruct\u00edfera, se trataron temas muy relevantes para la comuna en conjunto con el Concejo Municipal, el Alcalde y el SEREMI de Obras P\u00fablicas. Hablamos temas como el agua potable, el camino hacia Repollal y tambi\u00e9n la infraestructura que est\u00e1 paralizada hoy en d\u00eda en la Caleta de Pescadores. Los resultados han sido bastante buenos, hemos tenido bastantes respuestas,\u201d asegur\u00f3.<\/p>\n<p style=\"text-align: justify;\">Con relaci\u00f3n a la reuni\u00f3n con el Alcalde de Las Guaitecas y el Concejo Municipal, N\u00e9stor Mera agreg\u00f3 que fue una positiva reuni\u00f3n en donde vimos diversos temas de la comuna como la mantenci\u00f3n y proyectos futuros de adocretado que tenemos en el camino Melinka Repollal, el proyecto de muelle que est\u00e1 \u00a0pronto a comenzar su ejecuci\u00f3n en la Caleta de Pescadores de Melinka, con Obras Hidr\u00e1ulicas vimos el funcionamiento del Servicio Sanitario Rural de la Isla y los proyectos que tenemos en esa \u00e1rea y tambi\u00e9n con nuestra Direcci\u00f3n de Arquitectura y el Minvu vamos a generar un convenio para dise\u00f1ar el futuro nuevo Liceo de Melinka, as\u00ed que hemos tenido importantes resultados de este trabajo conjunto que estamos llevando a cabo con cada uno de los Municipios y continuaremos inyectando recursos y entregando empleos en cada comuna en el marco del Plan Paso a Paso Chile se Recupera\u201d.<\/p>\n<\/div><\/section><\/div><div  style='height:50px' class='hr hr-invisible   avia-builder-el-6  el_after_av_one_full  el_before_av_social_share '><span class='hr-inner ' ><span class='hr-inner-style'><\/span><\/span><\/div><\/p>\n<div  class='av-social-sharing-box  avia-builder-el-7  el_after_av_hr  el_before_av_hr  '><div class='av-share-box'><h5 class='av-share-link-description av-no-toc '>Compartir esta noticia<\/h5><ul class='av-share-box-list noLightbox'><li class='av-share-link av-social-link-facebook' ><a target=\"_blank\" aria-label=\"Compartir en Facebook\" href='https:\/\/www.facebook.com\/sharer.php?u=https:\/\/radiorevelacionfm.cl\/?p=9174&#038;t=Equipo%20del%20MOP%20sostiene%20diversas%20reuniones%20de%20trabajo%20mancomunado%20con%20alcaldes%2C%20concejales%20y%20comunidad' aria-hidden='false' data-av_icon='\ue8f3' data-av_iconfont='entypo-fontello' title='' data-avia-related-tooltip='Compartir en Facebook' rel=\"noopener\"><span class='avia_hidden_link_text'>Compartir en Facebook<\/span><\/a><\/li><li class='av-share-link av-social-link-twitter' ><a target=\"_blank\" aria-label=\"Compartir en Twitter\" href='https:\/\/twitter.com\/share?text=Equipo%20del%20MOP%20sostiene%20diversas%20reuniones%20de%20trabajo%20mancomunado%20con%20alcaldes%2C%20concejales%20y%20comunidad&#038;url=https:\/\/radiorevelacionfm.cl\/?p=9174' aria-hidden='false' data-av_icon='\ue8f1' data-av_iconfont='entypo-fontello' title='' data-avia-related-tooltip='Compartir en Twitter' rel=\"noopener\"><span class='avia_hidden_link_text'>Compartir en Twitter<\/span><\/a><\/li><li class='av-share-link av-social-link-whatsapp' ><a target=\"_blank\" aria-label=\"Compartir en Whatsapp\" href='https:\/\/api.whatsapp.com\/send?text=https:\/\/radiorevelacionfm.cl\/?p=9174' aria-hidden='false' data-av_icon='\uf232' data-av_iconfont='entypo-fontello' title='' data-avia-related-tooltip='Compartir en Whatsapp' rel=\"noopener\"><span class='avia_hidden_link_text'>Compartir en Whatsapp<\/span><\/a><\/li><li class='av-share-link av-social-link-linkedin' ><a target=\"_blank\" aria-label=\"Compartir en LinkedIn\" href='https:\/\/linkedin.com\/shareArticle?mini=true&#038;title=Equipo%20del%20MOP%20sostiene%20diversas%20reuniones%20de%20trabajo%20mancomunado%20con%20alcaldes%2C%20concejales%20y%20comunidad&#038;url=https:\/\/radiorevelacionfm.cl\/?p=9174' aria-hidden='false' data-av_icon='\ue8fc' data-av_iconfont='entypo-fontello' title='' data-avia-related-tooltip='Compartir en LinkedIn' rel=\"noopener\"><span class='avia_hidden_link_text'>Compartir en LinkedIn<\/span><\/a><\/li><li class='av-share-link av-social-link-mail' ><a  aria-label=\"Compartir por correo\" href='mailto:?subject=Equipo%20del%20MOP%20sostiene%20diversas%20reuniones%20de%20trabajo%20mancomunado%20con%20alcaldes%2C%20concejales%20y%20comunidad&#038;body=https:\/\/radiorevelacionfm.cl\/?p=9174' aria-hidden='false' data-av_icon='\ue805' data-av_iconfont='entypo-fontello' title='' data-avia-related-tooltip='Compartir por correo'><span class='avia_hidden_link_text'>Compartir por correo<\/span><\/a><\/li><\/ul><\/div><\/div>\n<div  style='height:50px' class='hr hr-invisible   avia-builder-el-8  el_after_av_social_share  el_before_av_comments_list '><span class='hr-inner ' ><span class='hr-inner-style'><\/span><\/span><\/div>\n<div  class='av-buildercomment  av-blog-meta-html-info-disabled av-blog-meta-tag-disabled  '><\/div>\n","protected":false},"excerpt":{"rendered":"","protected":false},"author":1,"featured_media":9175,"comment_status":"open","ping_status":"open","sticky":false,"template":"","format":"standard","meta":{"footnotes":""},"categories":[38],"tags":[],"class_list":["post-9174","post","type-post","status-publish","format-standard","has-post-thumbnail","hentry","category-regional"],"jetpack_featured_media_url":"https:\/\/radiorevelacionfm.cl\/wp-content\/uploads\/2021\/09\/IMG_5218i-1-1.jpg","_links":{"self":[{"href":"https:\/\/radiorevelacionfm.cl\/index.php?rest_route=\/wp\/v2\/posts\/9174","targetHints":{"allow":["GET"]}}],"collection":[{"href":"https:\/\/radiorevelacionfm.cl\/index.php?rest_route=\/wp\/v2\/posts"}],"about":[{"href":"https:\/\/radiorevelacionfm.cl\/index.php?rest_route=\/wp\/v2\/types\/post"}],"author":[{"embeddable":true,"href":"https:\/\/radiorevelacionfm.cl\/index.php?rest_route=\/wp\/v2\/users\/1"}],"replies":[{"embeddable":true,"href":"https:\/\/radiorevelacionfm.cl\/index.php?rest_route=%2Fwp%2Fv2%2Fcomments&post=9174"}],"version-history":[{"count":1,"href":"https:\/\/radiorevelacionfm.cl\/index.php?rest_route=\/wp\/v2\/posts\/9174\/revisions"}],"predecessor-version":[{"id":9176,"href":"https:\/\/radiorevelacionfm.cl\/index.php?rest_route=\/wp\/v2\/posts\/9174\/revisions\/9176"}],"wp:featuredmedia":[{"embeddable":true,"href":"https:\/\/radiorevelacionfm.cl\/index.php?rest_route=\/wp\/v2\/media\/9175"}],"wp:attachment":[{"href":"https:\/\/radiorevelacionfm.cl\/index.php?rest_route=%2Fwp%2Fv2%2Fmedia&parent=9174"}],"wp:term":[{"taxonomy":"category","embeddable":true,"href":"https:\/\/radiorevelacionfm.cl\/index.php?rest_route=%2Fwp%2Fv2%2Fcategories&post=9174"},{"taxonomy":"post_tag","embeddable":true,"href":"https:\/\/radiorevelacionfm.cl\/index.php?rest_route=%2Fwp%2Fv2%2Ftags&post=9174"}],"curies":[{"name":"wp","href":"https:\/\/api.w.org\/{rel}","templated":true}]}}