{"id":9172,"date":"2021-09-30T15:56:10","date_gmt":"2021-09-30T18:56:10","guid":{"rendered":"https:\/\/radiorevelacionfm.cl\/?p=9172"},"modified":"2021-09-30T15:56:10","modified_gmt":"2021-09-30T18:56:10","slug":"concluyen-obras-de-mejoramiento-en-cementerios-de-villa-la-tapera-y-amengual","status":"publish","type":"post","link":"https:\/\/radiorevelacionfm.cl\/?p=9172","title":{"rendered":"Concluyen obras de mejoramiento en cementerios de Villa La Tapera y Amengual"},"content":{"rendered":"<div class=\"flex_column av_one_full  flex_column_div av-zero-column-padding first  avia-builder-el-0  el_before_av_one_full  avia-builder-el-first  \" style='border-radius:0px; '><div  class='avia-image-container  av-styling-    avia-builder-el-1  avia-builder-el-no-sibling  avia-align-center '  itemprop=\"image\" itemscope=\"itemscope\" itemtype=\"https:\/\/schema.org\/ImageObject\"  ><div class='avia-image-container-inner'><div class='avia-image-overlay-wrap'><img decoding=\"async\" class='wp-image-9192 avia-img-lazy-loading-not-9192 avia_image' src=\"https:\/\/radiorevelacionfm.cl\/wp-content\/uploads\/2021\/09\/AMENGUAL-3-1-1.jpeg\" alt='' title='AMENGUAL 3 (1) (1)' height=\"600\" width=\"900\"  itemprop=\"thumbnailUrl\" srcset=\"https:\/\/radiorevelacionfm.cl\/wp-content\/uploads\/2021\/09\/AMENGUAL-3-1-1.jpeg 900w, https:\/\/radiorevelacionfm.cl\/wp-content\/uploads\/2021\/09\/AMENGUAL-3-1-1-300x200.jpeg 300w, https:\/\/radiorevelacionfm.cl\/wp-content\/uploads\/2021\/09\/AMENGUAL-3-1-1-768x512.jpeg 768w, https:\/\/radiorevelacionfm.cl\/wp-content\/uploads\/2021\/09\/AMENGUAL-3-1-1-705x470.jpeg 705w, https:\/\/radiorevelacionfm.cl\/wp-content\/uploads\/2021\/09\/AMENGUAL-3-1-1-600x400.jpeg 600w\" sizes=\"(max-width: 900px) 100vw, 900px\" \/><\/div><\/div><\/div><\/div><div class=\"flex_column av_one_full  flex_column_div av-zero-column-padding first  avia-builder-el-2  el_after_av_one_full  el_before_av_one_full  column-top-margin\" style='border-radius:0px; '><section class=\"av_textblock_section \"  itemscope=\"itemscope\" itemtype=\"https:\/\/schema.org\/BlogPosting\" itemprop=\"blogPost\" ><div class='avia_textblock  '   itemprop=\"text\" ><p style=\"text-align: center;\"><strong><span style=\"font-size: 18pt;\">Concluyen obras de mejoramiento en cementerios de Villa La Tapera y Amengual<\/span><\/strong><\/p>\n<div id=\"gtx-trans\" style=\"position: absolute; left: -50px; top: 4.31534px;\">\n<div class=\"gtx-trans-icon\"><\/div>\n<\/div>\n<\/div><\/section><\/div><\/p>\n<div class=\"flex_column av_one_full  flex_column_div av-zero-column-padding first  avia-builder-el-4  el_after_av_one_full  el_before_av_hr  column-top-margin\" style='border-radius:0px; '><section class=\"av_textblock_section \"  itemscope=\"itemscope\" itemtype=\"https:\/\/schema.org\/BlogPosting\" itemprop=\"blogPost\" ><div class='avia_textblock  '   itemprop=\"text\" ><p style=\"text-align: justify;\">Ante la comisi\u00f3n de Seguimiento y Control del Consejo Regional (CORE) fue presentado el\u00a0balance del proyecto de mejoramiento y equipamiento de los cementerios de Villas La\u00a0Tapera y Amengual, en la comuna de Lago Verde.<\/p>\n<p style=\"text-align: justify;\">Las obras implicaron 53 millones del Fondo Regional de Inversi\u00f3n Local (FRIL) Emergencia,\u00a0del Fondo Nacional de Desarrollo Regional, siendo expuestas por el director de Secplan,\u00a0Mat\u00edas Araya, en representaci\u00f3n del alcalde Nelson Opazo.<\/p>\n<p style=\"text-align: justify;\">La comisi\u00f3n es presidida por el consejero Gustavo Villarroel, e integrada por los consejeros\u00a0Eligio Montecinos y Luis Co\u00f1uecar, quienes efectuaron una visita a los camposantos para\u00a0concluir el seguimiento de ambas iniciativas.<\/p>\n<p style=\"text-align: justify;\">\u00abNos ha permitido tener la informaci\u00f3n completa de c\u00f3mo se desarrollaron estos proyectos y por iniciativa de algunos colegas consejeros regionales, podamos hacer una\u00a0visita en terreno para que todo lo expuesto y entregado verbalmente y, a trav\u00e9s de la\u00a0fotograf\u00eda, de los trabajos y t\u00e9rmino de obras, pudi\u00e9ramos constatarlo personalmente en\u00a0terreno. Corresponde que podamos tener la tranquilidad y claridad de que la inversi\u00f3n ha\u00a0sido correcta y que todos los trabajos est\u00e1n dentro de lo que el proyecto originalmente\u00a0contemplaban\u00bb, indic\u00f3 Gustavo Villarroel.<\/p>\n<p style=\"text-align: justify;\">Por su parte, Luis Co\u00f1uecar valor\u00f3 la contrataci\u00f3n de trabajadores de los mismos sectores, generando opciones de empleabilidad. \u00abLo importante es que estos proyectos permitieron dar mano de obra tanto en Amengual como en Tapera, a personas adultas mayores que, sin duda, a veces les cuesta encontrar trabajo por su edad, sin embargo, ellos participaron en estos proyectos. Son proyectos bien ejecutados, con una mirada tur\u00edstica para ambas localidades y que vienen a mejorar el entorno en el que se encuentran estos camposanto\u00bb, destac\u00f3 Luis Co\u00f1uecar.<\/p>\n<p style=\"text-align: justify;\">Los trabajos se desarrollaron entre marzo y julio, per\u00edodo en el cual se contrataron 18 jornales y dos capataces.<\/p>\n<p style=\"text-align: justify;\">En Villa Amengual se mejor\u00f3 el cerco de mamposter\u00eda de piedra, pintura y barniz y se construy\u00f3 una techumbre de acceso, entre otros.<\/p>\n<p style=\"text-align: justify;\">En Villa La Tapera se trabaj\u00f3 en el port\u00f3n met\u00e1lico, en la mamposter\u00eda de piedra, techumbre de acceso, cerco de madera, m\u00e1s aseo y limpieza general.<\/p>\n<\/div><\/section><\/div>\n<div  style='height:50px' class='hr hr-invisible   avia-builder-el-6  el_after_av_one_full  el_before_av_social_share '><span class='hr-inner ' ><span class='hr-inner-style'><\/span><\/span><\/div>\n<div  class='av-social-sharing-box  avia-builder-el-7  el_after_av_hr  el_before_av_hr  '><div class='av-share-box'><h5 class='av-share-link-description av-no-toc '>Compartir esta noticia<\/h5><ul class='av-share-box-list noLightbox'><li class='av-share-link av-social-link-facebook' ><a target=\"_blank\" aria-label=\"Compartir en Facebook\" href='https:\/\/www.facebook.com\/sharer.php?u=https:\/\/radiorevelacionfm.cl\/?p=9172&#038;t=Concluyen%20obras%20de%20mejoramiento%20en%20cementerios%20de%20Villa%20La%20Tapera%20y%20Amengual' aria-hidden='false' data-av_icon='\ue8f3' data-av_iconfont='entypo-fontello' title='' data-avia-related-tooltip='Compartir en Facebook' rel=\"noopener\"><span class='avia_hidden_link_text'>Compartir en Facebook<\/span><\/a><\/li><li class='av-share-link av-social-link-twitter' ><a target=\"_blank\" aria-label=\"Compartir en Twitter\" href='https:\/\/twitter.com\/share?text=Concluyen%20obras%20de%20mejoramiento%20en%20cementerios%20de%20Villa%20La%20Tapera%20y%20Amengual&#038;url=https:\/\/radiorevelacionfm.cl\/?p=9172' aria-hidden='false' data-av_icon='\ue8f1' data-av_iconfont='entypo-fontello' title='' data-avia-related-tooltip='Compartir en Twitter' rel=\"noopener\"><span class='avia_hidden_link_text'>Compartir en Twitter<\/span><\/a><\/li><li class='av-share-link av-social-link-whatsapp' ><a target=\"_blank\" aria-label=\"Compartir en Whatsapp\" href='https:\/\/api.whatsapp.com\/send?text=https:\/\/radiorevelacionfm.cl\/?p=9172' aria-hidden='false' data-av_icon='\uf232' data-av_iconfont='entypo-fontello' title='' data-avia-related-tooltip='Compartir en Whatsapp' rel=\"noopener\"><span class='avia_hidden_link_text'>Compartir en Whatsapp<\/span><\/a><\/li><li class='av-share-link av-social-link-linkedin' ><a target=\"_blank\" aria-label=\"Compartir en LinkedIn\" href='https:\/\/linkedin.com\/shareArticle?mini=true&#038;title=Concluyen%20obras%20de%20mejoramiento%20en%20cementerios%20de%20Villa%20La%20Tapera%20y%20Amengual&#038;url=https:\/\/radiorevelacionfm.cl\/?p=9172' aria-hidden='false' data-av_icon='\ue8fc' data-av_iconfont='entypo-fontello' title='' data-avia-related-tooltip='Compartir en LinkedIn' rel=\"noopener\"><span class='avia_hidden_link_text'>Compartir en LinkedIn<\/span><\/a><\/li><li class='av-share-link av-social-link-mail' ><a  aria-label=\"Compartir por correo\" href='mailto:?subject=Concluyen%20obras%20de%20mejoramiento%20en%20cementerios%20de%20Villa%20La%20Tapera%20y%20Amengual&#038;body=https:\/\/radiorevelacionfm.cl\/?p=9172' aria-hidden='false' data-av_icon='\ue805' data-av_iconfont='entypo-fontello' title='' data-avia-related-tooltip='Compartir por correo'><span class='avia_hidden_link_text'>Compartir por correo<\/span><\/a><\/li><\/ul><\/div><\/div>\n<div  style='height:50px' class='hr hr-invisible   avia-builder-el-8  el_after_av_social_share  el_before_av_comments_list '><span class='hr-inner ' ><span class='hr-inner-style'><\/span><\/span><\/div>\n<div  class='av-buildercomment  av-blog-meta-html-info-disabled av-blog-meta-tag-disabled  '><\/div>\n","protected":false},"excerpt":{"rendered":"","protected":false},"author":1,"featured_media":9192,"comment_status":"open","ping_status":"open","sticky":false,"template":"","format":"standard","meta":{"footnotes":""},"categories":[38],"tags":[],"class_list":["post-9172","post","type-post","status-publish","format-standard","has-post-thumbnail","hentry","category-regional"],"jetpack_featured_media_url":"https:\/\/radiorevelacionfm.cl\/wp-content\/uploads\/2021\/09\/AMENGUAL-3-1-1.jpeg","_links":{"self":[{"href":"https:\/\/radiorevelacionfm.cl\/index.php?rest_route=\/wp\/v2\/posts\/9172","targetHints":{"allow":["GET"]}}],"collection":[{"href":"https:\/\/radiorevelacionfm.cl\/index.php?rest_route=\/wp\/v2\/posts"}],"about":[{"href":"https:\/\/radiorevelacionfm.cl\/index.php?rest_route=\/wp\/v2\/types\/post"}],"author":[{"embeddable":true,"href":"https:\/\/radiorevelacionfm.cl\/index.php?rest_route=\/wp\/v2\/users\/1"}],"replies":[{"embeddable":true,"href":"https:\/\/radiorevelacionfm.cl\/index.php?rest_route=%2Fwp%2Fv2%2Fcomments&post=9172"}],"version-history":[{"count":2,"href":"https:\/\/radiorevelacionfm.cl\/index.php?rest_route=\/wp\/v2\/posts\/9172\/revisions"}],"predecessor-version":[{"id":9193,"href":"https:\/\/radiorevelacionfm.cl\/index.php?rest_route=\/wp\/v2\/posts\/9172\/revisions\/9193"}],"wp:featuredmedia":[{"embeddable":true,"href":"https:\/\/radiorevelacionfm.cl\/index.php?rest_route=\/wp\/v2\/media\/9192"}],"wp:attachment":[{"href":"https:\/\/radiorevelacionfm.cl\/index.php?rest_route=%2Fwp%2Fv2%2Fmedia&parent=9172"}],"wp:term":[{"taxonomy":"category","embeddable":true,"href":"https:\/\/radiorevelacionfm.cl\/index.php?rest_route=%2Fwp%2Fv2%2Fcategories&post=9172"},{"taxonomy":"post_tag","embeddable":true,"href":"https:\/\/radiorevelacionfm.cl\/index.php?rest_route=%2Fwp%2Fv2%2Ftags&post=9172"}],"curies":[{"name":"wp","href":"https:\/\/api.w.org\/{rel}","templated":true}]}}