{"id":9162,"date":"2021-09-29T20:56:59","date_gmt":"2021-09-29T23:56:59","guid":{"rendered":"https:\/\/radiorevelacionfm.cl\/?p=9162"},"modified":"2021-09-29T21:06:56","modified_gmt":"2021-09-30T00:06:56","slug":"vecinos-del-sector-alto-manihuales-participaron-de-charla-sobre-las-principales-irregularidades-en-la-posesion-de-un-bien-raiz","status":"publish","type":"post","link":"https:\/\/radiorevelacionfm.cl\/?p=9162","title":{"rendered":"Vecinos del sector Alto Ma\u00f1ihuales participaron de charla sobre las principales irregularidades en la posesi\u00f3n de un bien ra\u00edz"},"content":{"rendered":"<div class=\"flex_column av_one_full  flex_column_div av-zero-column-padding first  avia-builder-el-0  el_before_av_one_full  avia-builder-el-first  \" style='border-radius:0px; '><div  class='avia-image-container  av-styling-    avia-builder-el-1  avia-builder-el-no-sibling  avia-align-center '  itemprop=\"image\" itemscope=\"itemscope\" itemtype=\"https:\/\/schema.org\/ImageObject\"  ><div class='avia-image-container-inner'><div class='avia-image-overlay-wrap'><img decoding=\"async\" class='wp-image-9165 avia-img-lazy-loading-not-9165 avia_image' src=\"https:\/\/radiorevelacionfm.cl\/wp-content\/uploads\/2021\/09\/3-53a-1-1.jpg\" alt='' title='3 (53)a (1) (1)' height=\"600\" width=\"682\"  itemprop=\"thumbnailUrl\" srcset=\"https:\/\/radiorevelacionfm.cl\/wp-content\/uploads\/2021\/09\/3-53a-1-1.jpg 682w, https:\/\/radiorevelacionfm.cl\/wp-content\/uploads\/2021\/09\/3-53a-1-1-300x264.jpg 300w, https:\/\/radiorevelacionfm.cl\/wp-content\/uploads\/2021\/09\/3-53a-1-1-600x528.jpg 600w\" sizes=\"(max-width: 682px) 100vw, 682px\" \/><\/div><\/div><\/div><\/div><div class=\"flex_column av_one_full  flex_column_div av-zero-column-padding first  avia-builder-el-2  el_after_av_one_full  el_before_av_one_full  column-top-margin\" style='border-radius:0px; '><section class=\"av_textblock_section \"  itemscope=\"itemscope\" itemtype=\"https:\/\/schema.org\/BlogPosting\" itemprop=\"blogPost\" ><div class='avia_textblock  '   itemprop=\"text\" ><p style=\"text-align: center;\"><strong><span style=\"font-size: 18pt;\">Vecinos del sector Alto Ma\u00f1ihuales participaron de charla sobre las principales irregularidades en la posesi\u00f3n de un bien ra\u00edz<\/span><\/strong><\/p>\n<div id=\"gtx-trans\" style=\"position: absolute; left: -50px; top: 4.31534px;\">\n<div class=\"gtx-trans-icon\"><\/div>\n<\/div>\n<\/div><\/section><\/div><\/p>\n<div class=\"flex_column av_one_full  flex_column_div av-zero-column-padding first  avia-builder-el-4  el_after_av_one_full  el_before_av_hr  column-top-margin\" style='border-radius:0px; '><section class=\"av_textblock_section \"  itemscope=\"itemscope\" itemtype=\"https:\/\/schema.org\/BlogPosting\" itemprop=\"blogPost\" ><div class='avia_textblock  '   itemprop=\"text\" ><p style=\"text-align: justify;\">Entre las formas de adquirir una propiedad, existen algunas que pueden no finalizar con la obtenci\u00f3n del t\u00edtulo y su escritura p\u00fablica debidamente inscrita en el conservador de bienes ra\u00edces, entre ellas, se abordaron en la charla: la escritura de compraventa, cesi\u00f3n de derechos, un testamento, donaci\u00f3n verbal, compra de acciones o mejoras.<\/p>\n<p style=\"text-align: justify;\">Si bien el Ministerio de Bienes Nacionales, dentro de sus facultades, cuenta con la normativa que le permite sanear situaciones de irregularidad en la posesi\u00f3n material en propiedad particular (Decreto Ley N\u00b0 2.695, de 1979), tiene tambi\u00e9n la misi\u00f3n de prevenir dichas irregularidades, para ello, se ha implementado un calendario anual de charlas dirigidas a la comunidad.<\/p>\n<p style=\"text-align: justify;\">En esta oportunidad, la Seremi Ana Mar\u00eda Mora Araneda, junto al encargado de la Unidad de Regularizaci\u00f3n, se trasladaron hasta la sede de la Junta de Vecinos del sector de Alto Ma\u00f1ihuales, distante a unos 150 kil\u00f3metros al norte de la capital regional, para sostener un conversatorio con los vecinos y aclarar dudas en \u00e9stas y otras materias del Ministerio.<\/p>\n<p style=\"text-align: justify;\">As\u00ed tambi\u00e9n, se explic\u00f3 que en la legislaci\u00f3n chilena para transferir un bien ra\u00edz es necesario una escritura p\u00fablica (t\u00edtulo) y la posterior inscripci\u00f3n en el Conservador de Bienes Ra\u00edces. Fuera de este orden, se efect\u00faan otras formas de transferir un bien ra\u00edz u otras formas de posesi\u00f3n, por ejemplo: escritura de compraventa, cesi\u00f3n de derechos, promesa de venta no cumplida, herencia con antecedentes antiguos, etc.<\/p>\n<p style=\"text-align: justify;\">\u201cEs importante para nuestro Ministerio dar a conocer estas materias, que muchas veces son complejas de abordar y explicar, ya que implican la aplicaci\u00f3n de diversas normativas y el pronunciamiento de otros servicios. Es en ese entendido, que el Gobierno Regional y su Consejo, actualmente nos brinda el apoyo a trav\u00e9s del Plan de Regularizaci\u00f3n de la Propiedad Ra\u00edz, para llegar hasta los sectores m\u00e1s aislados, realizar atenciones personalizadas, responder consultas y as\u00ed socializar nuestros procedimientos. Anteriormente, estuvimos con esta misma charla en la Biblioteca Municipal de Villa O\u00b4Higgins, la idea es llegar al m\u00e1ximo de usuarios posibles\u201d, detall\u00f3 la Seremi Ana Mar\u00eda Mora.<\/p>\n<p style=\"text-align: justify;\">Esta actividad fue valorada por Mar\u00eda Ram\u00edrez Rivas presidenta de la Junta de Vecinos sector Alto Ma\u00f1ihuales. \u201cNosotros somos los m\u00e1s agradecidos de tener a Bienes Nacionales en nuestra localidad, de que nos den a conocer las materias para regularizar, ya que no podemos llegar siempre a las oficinas y nos vinieron a solucionar varias situaciones de posesi\u00f3n, como la situaci\u00f3n de nuestra sede, la que queremos quede a nombre de la junta de vecinos\u201d.<\/p>\n<p style=\"text-align: justify;\">En ese sentido Gladys Huenchumir Uma\u00f1a, vecina del sector, detall\u00f3 que esperan generar proyectos que les permitan mejorar sus instalaciones. \u201cCuando ya seamos poseedores de este terreno pensamos en que podemos ampliar nuestra sede, porque aqu\u00ed tambi\u00e9n funciona el taller de adulto mayor, quienes podr\u00edan tener un espacio para un taller, para todo esto necesitamos ser due\u00f1os, eso es lo que queremos concretar con Bienes Nacionales\u201d.<\/p>\n<p style=\"text-align: justify;\"><strong>\u00bfQu\u00e9 problemas se producen al no contar con la inscripci\u00f3n de dominio del inmueble?<\/strong><\/p>\n<ul style=\"text-align: justify;\">\n<li>Disminuci\u00f3n en su valor comercial.<\/li>\n<li>Induce a transferencias imperfectas.<\/li>\n<li>Riesgo de p\u00e9rdida de la inversi\u00f3n efectuada.<\/li>\n<li>Dificultad de acceder a la red social del Estado.<\/li>\n<\/ul>\n<p style=\"text-align: justify;\"><strong>Beneficios de ser propietario <\/strong><\/p>\n<ul style=\"text-align: justify;\">\n<li>El ser propietario permite optar a diversos beneficios del estado y de entidades p\u00fablicas. En los sectores rurales a subsidio habitacional, planes de manejo forestal, cr\u00e9ditos para compra de abonos, semillas, etc. y si se trata de inmuebles urbanos, a subsidio habitacional por parte del servicio de vivienda y urbanismo, planes de mejoramientos de ampliaci\u00f3n de viviendas, pavimentos participativos, entre otros.<\/li>\n<\/ul>\n<\/div><\/section><\/div>\n<div  style='height:50px' class='hr hr-invisible   avia-builder-el-6  el_after_av_one_full  el_before_av_social_share '><span class='hr-inner ' ><span class='hr-inner-style'><\/span><\/span><\/div>\n<div  class='av-social-sharing-box  avia-builder-el-7  el_after_av_hr  el_before_av_hr  '><div class='av-share-box'><h5 class='av-share-link-description av-no-toc '>Compartir esta noticia<\/h5><ul class='av-share-box-list noLightbox'><li class='av-share-link av-social-link-facebook' ><a target=\"_blank\" aria-label=\"Compartir en Facebook\" href='https:\/\/www.facebook.com\/sharer.php?u=https:\/\/radiorevelacionfm.cl\/?p=9162&#038;t=Vecinos%20del%20sector%20Alto%20Ma%C3%B1ihuales%20participaron%20de%20charla%20sobre%20las%20principales%20irregularidades%20en%20la%20posesi%C3%B3n%20de%20un%20bien%20ra%C3%ADz' aria-hidden='false' data-av_icon='\ue8f3' data-av_iconfont='entypo-fontello' title='' data-avia-related-tooltip='Compartir en Facebook' rel=\"noopener\"><span class='avia_hidden_link_text'>Compartir en Facebook<\/span><\/a><\/li><li class='av-share-link av-social-link-twitter' ><a target=\"_blank\" aria-label=\"Compartir en Twitter\" href='https:\/\/twitter.com\/share?text=Vecinos%20del%20sector%20Alto%20Ma%C3%B1ihuales%20participaron%20de%20charla%20sobre%20las%20principales%20irregularidades%20en%20la%20posesi%C3%B3n%20de%20un%20bien%20ra%C3%ADz&#038;url=https:\/\/radiorevelacionfm.cl\/?p=9162' aria-hidden='false' data-av_icon='\ue8f1' data-av_iconfont='entypo-fontello' title='' data-avia-related-tooltip='Compartir en Twitter' rel=\"noopener\"><span class='avia_hidden_link_text'>Compartir en Twitter<\/span><\/a><\/li><li class='av-share-link av-social-link-whatsapp' ><a target=\"_blank\" aria-label=\"Compartir en Whatsapp\" href='https:\/\/api.whatsapp.com\/send?text=https:\/\/radiorevelacionfm.cl\/?p=9162' aria-hidden='false' data-av_icon='\uf232' data-av_iconfont='entypo-fontello' title='' data-avia-related-tooltip='Compartir en Whatsapp' rel=\"noopener\"><span class='avia_hidden_link_text'>Compartir en Whatsapp<\/span><\/a><\/li><li class='av-share-link av-social-link-linkedin' ><a target=\"_blank\" aria-label=\"Compartir en LinkedIn\" href='https:\/\/linkedin.com\/shareArticle?mini=true&#038;title=Vecinos%20del%20sector%20Alto%20Ma%C3%B1ihuales%20participaron%20de%20charla%20sobre%20las%20principales%20irregularidades%20en%20la%20posesi%C3%B3n%20de%20un%20bien%20ra%C3%ADz&#038;url=https:\/\/radiorevelacionfm.cl\/?p=9162' aria-hidden='false' data-av_icon='\ue8fc' data-av_iconfont='entypo-fontello' title='' data-avia-related-tooltip='Compartir en LinkedIn' rel=\"noopener\"><span class='avia_hidden_link_text'>Compartir en LinkedIn<\/span><\/a><\/li><li class='av-share-link av-social-link-mail' ><a  aria-label=\"Compartir por correo\" href='mailto:?subject=Vecinos%20del%20sector%20Alto%20Ma%C3%B1ihuales%20participaron%20de%20charla%20sobre%20las%20principales%20irregularidades%20en%20la%20posesi%C3%B3n%20de%20un%20bien%20ra%C3%ADz&#038;body=https:\/\/radiorevelacionfm.cl\/?p=9162' aria-hidden='false' data-av_icon='\ue805' data-av_iconfont='entypo-fontello' title='' data-avia-related-tooltip='Compartir por correo'><span class='avia_hidden_link_text'>Compartir por correo<\/span><\/a><\/li><\/ul><\/div><\/div>\n<div  style='height:50px' class='hr hr-invisible   avia-builder-el-8  el_after_av_social_share  el_before_av_comments_list '><span class='hr-inner ' ><span class='hr-inner-style'><\/span><\/span><\/div>\n<div  class='av-buildercomment  av-blog-meta-html-info-disabled av-blog-meta-tag-disabled  '><\/div>\n","protected":false},"excerpt":{"rendered":"","protected":false},"author":1,"featured_media":9167,"comment_status":"open","ping_status":"open","sticky":false,"template":"","format":"standard","meta":{"footnotes":""},"categories":[38],"tags":[],"class_list":["post-9162","post","type-post","status-publish","format-standard","has-post-thumbnail","hentry","category-regional"],"jetpack_featured_media_url":"https:\/\/radiorevelacionfm.cl\/wp-content\/uploads\/2021\/09\/3-53aa-1_optimized.jpg","_links":{"self":[{"href":"https:\/\/radiorevelacionfm.cl\/index.php?rest_route=\/wp\/v2\/posts\/9162","targetHints":{"allow":["GET"]}}],"collection":[{"href":"https:\/\/radiorevelacionfm.cl\/index.php?rest_route=\/wp\/v2\/posts"}],"about":[{"href":"https:\/\/radiorevelacionfm.cl\/index.php?rest_route=\/wp\/v2\/types\/post"}],"author":[{"embeddable":true,"href":"https:\/\/radiorevelacionfm.cl\/index.php?rest_route=\/wp\/v2\/users\/1"}],"replies":[{"embeddable":true,"href":"https:\/\/radiorevelacionfm.cl\/index.php?rest_route=%2Fwp%2Fv2%2Fcomments&post=9162"}],"version-history":[{"count":2,"href":"https:\/\/radiorevelacionfm.cl\/index.php?rest_route=\/wp\/v2\/posts\/9162\/revisions"}],"predecessor-version":[{"id":9166,"href":"https:\/\/radiorevelacionfm.cl\/index.php?rest_route=\/wp\/v2\/posts\/9162\/revisions\/9166"}],"wp:featuredmedia":[{"embeddable":true,"href":"https:\/\/radiorevelacionfm.cl\/index.php?rest_route=\/wp\/v2\/media\/9167"}],"wp:attachment":[{"href":"https:\/\/radiorevelacionfm.cl\/index.php?rest_route=%2Fwp%2Fv2%2Fmedia&parent=9162"}],"wp:term":[{"taxonomy":"category","embeddable":true,"href":"https:\/\/radiorevelacionfm.cl\/index.php?rest_route=%2Fwp%2Fv2%2Fcategories&post=9162"},{"taxonomy":"post_tag","embeddable":true,"href":"https:\/\/radiorevelacionfm.cl\/index.php?rest_route=%2Fwp%2Fv2%2Ftags&post=9162"}],"curies":[{"name":"wp","href":"https:\/\/api.w.org\/{rel}","templated":true}]}}