{"id":9160,"date":"2021-09-29T20:38:59","date_gmt":"2021-09-29T23:38:59","guid":{"rendered":"https:\/\/radiorevelacionfm.cl\/?p=9160"},"modified":"2021-09-29T20:38:59","modified_gmt":"2021-09-29T23:38:59","slug":"senadora-ordenes-y-cuarto-retiro-mi-voto-esta-comprometido-con-el-proyecto","status":"publish","type":"post","link":"https:\/\/radiorevelacionfm.cl\/?p=9160","title":{"rendered":"Senadora \u00d3rdenes y cuarto retiro: \u201cMi voto est\u00e1 comprometido con el proyecto\u201d"},"content":{"rendered":"<div class=\"flex_column av_one_full  flex_column_div av-zero-column-padding first  avia-builder-el-0  el_before_av_one_full  avia-builder-el-first  \" style='border-radius:0px; '><div  class='avia-image-container  av-styling-    avia-builder-el-1  avia-builder-el-no-sibling  avia-align-center '  itemprop=\"image\" itemscope=\"itemscope\" itemtype=\"https:\/\/schema.org\/ImageObject\"  ><div class='avia-image-container-inner'><div class='avia-image-overlay-wrap'><img decoding=\"async\" class='wp-image-5350 avia-img-lazy-loading-not-5350 avia_image' src=\"https:\/\/radiorevelacionfm.cl\/wp-content\/uploads\/2021\/06\/SENADORA-ORDENES-1-1.jpg\" alt='' title='SENADORA ORDENES (1) (1)' height=\"600\" width=\"900\"  itemprop=\"thumbnailUrl\" srcset=\"https:\/\/radiorevelacionfm.cl\/wp-content\/uploads\/2021\/06\/SENADORA-ORDENES-1-1.jpg 900w, https:\/\/radiorevelacionfm.cl\/wp-content\/uploads\/2021\/06\/SENADORA-ORDENES-1-1-300x200.jpg 300w, https:\/\/radiorevelacionfm.cl\/wp-content\/uploads\/2021\/06\/SENADORA-ORDENES-1-1-768x512.jpg 768w, https:\/\/radiorevelacionfm.cl\/wp-content\/uploads\/2021\/06\/SENADORA-ORDENES-1-1-705x470.jpg 705w, https:\/\/radiorevelacionfm.cl\/wp-content\/uploads\/2021\/06\/SENADORA-ORDENES-1-1-600x400.jpg 600w\" sizes=\"(max-width: 900px) 100vw, 900px\" \/><\/div><\/div><\/div><\/div><div class=\"flex_column av_one_full  flex_column_div av-zero-column-padding first  avia-builder-el-2  el_after_av_one_full  el_before_av_one_full  column-top-margin\" style='border-radius:0px; '><section class=\"av_textblock_section \"  itemscope=\"itemscope\" itemtype=\"https:\/\/schema.org\/BlogPosting\" itemprop=\"blogPost\" ><div class='avia_textblock  '   itemprop=\"text\" ><p style=\"text-align: center;\"><strong><span style=\"font-size: 18pt;\">Senadora \u00d3rdenes y cuarto retiro: \u201cMi voto est\u00e1 comprometido con el proyecto\u201d<\/span><\/strong><\/p>\n<div id=\"gtx-trans\" style=\"position: absolute; left: -50px; top: 4.31534px;\">\n<div class=\"gtx-trans-icon\"><\/div>\n<\/div>\n<\/div><\/section><\/div><div class=\"flex_column av_one_full  flex_column_div av-zero-column-padding first  avia-builder-el-4  el_after_av_one_full  el_before_av_hr  column-top-margin\" style='border-radius:0px; '><section class=\"av_textblock_section \"  itemscope=\"itemscope\" itemtype=\"https:\/\/schema.org\/BlogPosting\" itemprop=\"blogPost\" ><div class='avia_textblock  '   itemprop=\"text\" ><div style=\"text-align: justify;\"><span style=\"font-size: 12pt;\">La parlamentaria por la regi\u00f3n de Ays\u00e9n adelant\u00f3 que votar\u00e1 favorablemente el proyecto que establece el cuarto retiro de los fondos de pensiones. Para \u00d3rdenes Neira, est\u00e1 iniciativa \u201cresponde a una necesidad de chilenas y chilenos, especialmente, ser\u00e1 un apoyo para familias de clase media\u201d, indic\u00f3.\u00a0<\/span><\/div>\n<div style=\"text-align: justify;\"><span style=\"font-size: 12pt;\">\u00a0<\/span><\/div>\n<div style=\"text-align: justify;\"><span style=\"font-size: 12pt;\">Luego que la C\u00e1mara de Diputadas y Diputados aprobar\u00e1 por 94 votos a favor el proyecto del cuarto retiro de la AFP, los ojos se volcaron al Senado, quienes tendr\u00e1n que determinar el futuro del proyecto.\u00a0<\/span><\/div>\n<div style=\"text-align: justify;\"><span style=\"font-size: 12pt;\">\u00a0<\/span><\/div>\n<div style=\"text-align: justify;\"><span style=\"font-size: 12pt;\">Por su parte, el Gobierno anunci\u00f3 que la iniciativa ingresar\u00e1 con discusi\u00f3n inmediata, lo que reducir\u00e1 los tiempos de discusi\u00f3n en el Senado. Frente a este escenario, la senadora por la regi\u00f3n de Ays\u00e9n, Ximena \u00d3rdenes Neira adelant\u00f3 que votar\u00e1 a favor del proyecto independiente del tiempo de discusi\u00f3n del proyecto.\u00a0<\/span><\/div>\n<div style=\"text-align: justify;\"><span style=\"font-size: 12pt;\">\u00a0<\/span><\/div>\n<div style=\"text-align: justify;\"><span style=\"font-size: 12pt;\">\u201cEs verdad, que se levantar\u00e1 el Estado de Excepci\u00f3n Constitucional por la pandemia y comenzar\u00e1 un proceso de reactivaci\u00f3n laboral, econ\u00f3mica, pero tambi\u00e9n es cierto que esto no ocurrir\u00e1 de un d\u00eda para otro y eso es algo que el Gobierno no est\u00e1 considerando que la necesidad de las y los chilenos es hoy\u201d.<\/span><\/div>\n<div style=\"text-align: justify;\"><span style=\"font-size: 12pt;\">\u00a0<\/span><\/div>\n<div style=\"text-align: justify;\"><span style=\"font-size: 12pt;\">Asimismo, la senadora \u00d3rdenes desestim\u00f3 los comentarios que apuntan a que el retiro pueda provocar efectos negativos. \u201cEn todos los retiros anteriores se habl\u00f3 de escenarios econ\u00f3micos catastr\u00f3ficos, que provocar\u00edan que nuestra macroeconom\u00eda cayera en un escenario de crisis, pero en este tipo de discusi\u00f3n se cae en un error: mirar lo macro y no lo micro, las familias chilenas no necesitan recursos para invertirlos o irse de viajes, estamos hablando de pago de deudas comerciales, de salud, de gastos de la vida diaria que hoy no est\u00e1n cubiertos\u201d, sostuvo. \u00a0<\/span><\/div>\n<div style=\"text-align: justify;\"><span style=\"font-size: 12pt;\">\u00a0<\/span><\/div>\n<div style=\"text-align: justify;\"><span style=\"font-size: 12pt;\">Finalmente, la parlamentaria por la regi\u00f3n de Ays\u00e9n recalc\u00f3 que \u201casegurar que el retiro del 10% de los fondos de pensiones afectar\u00e1 las futuras jubilaciones, es una frase sumamente violenta. Son miles las personas que se han jubilado con pensiones que no cubren las necesidades b\u00e1sicas y que nunca sacaron sus recursos. Por lo tanto, decir que al sacar un cuarto retiro las pensiones se ver\u00e1n afectadas son frases que solo generan molestia entre las y los chilenos\u201d, puntualiz\u00f3.<\/span><\/div>\n<\/div><\/section><\/div><div  style='height:50px' class='hr hr-invisible   avia-builder-el-6  el_after_av_one_full  el_before_av_social_share '><span class='hr-inner ' ><span class='hr-inner-style'><\/span><\/span><\/div><\/p>\n<div  class='av-social-sharing-box  avia-builder-el-7  el_after_av_hr  el_before_av_hr  '><div class='av-share-box'><h5 class='av-share-link-description av-no-toc '>Compartir esta noticia<\/h5><ul class='av-share-box-list noLightbox'><li class='av-share-link av-social-link-facebook' ><a target=\"_blank\" aria-label=\"Compartir en Facebook\" href='https:\/\/www.facebook.com\/sharer.php?u=https:\/\/radiorevelacionfm.cl\/?p=9160&#038;t=Senadora%20%C3%93rdenes%20y%20cuarto%20retiro%3A%20%E2%80%9CMi%20voto%20est%C3%A1%20comprometido%20con%20el%20proyecto%E2%80%9D' aria-hidden='false' data-av_icon='\ue8f3' data-av_iconfont='entypo-fontello' title='' data-avia-related-tooltip='Compartir en Facebook' rel=\"noopener\"><span class='avia_hidden_link_text'>Compartir en Facebook<\/span><\/a><\/li><li class='av-share-link av-social-link-twitter' ><a target=\"_blank\" aria-label=\"Compartir en Twitter\" href='https:\/\/twitter.com\/share?text=Senadora%20%C3%93rdenes%20y%20cuarto%20retiro%3A%20%E2%80%9CMi%20voto%20est%C3%A1%20comprometido%20con%20el%20proyecto%E2%80%9D&#038;url=https:\/\/radiorevelacionfm.cl\/?p=9160' aria-hidden='false' data-av_icon='\ue8f1' data-av_iconfont='entypo-fontello' title='' data-avia-related-tooltip='Compartir en Twitter' rel=\"noopener\"><span class='avia_hidden_link_text'>Compartir en Twitter<\/span><\/a><\/li><li class='av-share-link av-social-link-whatsapp' ><a target=\"_blank\" aria-label=\"Compartir en Whatsapp\" href='https:\/\/api.whatsapp.com\/send?text=https:\/\/radiorevelacionfm.cl\/?p=9160' aria-hidden='false' data-av_icon='\uf232' data-av_iconfont='entypo-fontello' title='' data-avia-related-tooltip='Compartir en Whatsapp' rel=\"noopener\"><span class='avia_hidden_link_text'>Compartir en Whatsapp<\/span><\/a><\/li><li class='av-share-link av-social-link-linkedin' ><a target=\"_blank\" aria-label=\"Compartir en LinkedIn\" href='https:\/\/linkedin.com\/shareArticle?mini=true&#038;title=Senadora%20%C3%93rdenes%20y%20cuarto%20retiro%3A%20%E2%80%9CMi%20voto%20est%C3%A1%20comprometido%20con%20el%20proyecto%E2%80%9D&#038;url=https:\/\/radiorevelacionfm.cl\/?p=9160' aria-hidden='false' data-av_icon='\ue8fc' data-av_iconfont='entypo-fontello' title='' data-avia-related-tooltip='Compartir en LinkedIn' rel=\"noopener\"><span class='avia_hidden_link_text'>Compartir en LinkedIn<\/span><\/a><\/li><li class='av-share-link av-social-link-mail' ><a  aria-label=\"Compartir por correo\" href='mailto:?subject=Senadora%20%C3%93rdenes%20y%20cuarto%20retiro%3A%20%E2%80%9CMi%20voto%20est%C3%A1%20comprometido%20con%20el%20proyecto%E2%80%9D&#038;body=https:\/\/radiorevelacionfm.cl\/?p=9160' aria-hidden='false' data-av_icon='\ue805' data-av_iconfont='entypo-fontello' title='' data-avia-related-tooltip='Compartir por correo'><span class='avia_hidden_link_text'>Compartir por correo<\/span><\/a><\/li><\/ul><\/div><\/div>\n<div  style='height:50px' class='hr hr-invisible   avia-builder-el-8  el_after_av_social_share  el_before_av_comments_list '><span class='hr-inner ' ><span class='hr-inner-style'><\/span><\/span><\/div>\n<div  class='av-buildercomment  av-blog-meta-html-info-disabled av-blog-meta-tag-disabled  '><\/div>\n","protected":false},"excerpt":{"rendered":"","protected":false},"author":1,"featured_media":5350,"comment_status":"open","ping_status":"open","sticky":false,"template":"","format":"standard","meta":{"footnotes":""},"categories":[35],"tags":[],"class_list":["post-9160","post","type-post","status-publish","format-standard","has-post-thumbnail","hentry","category-politica"],"jetpack_featured_media_url":"https:\/\/radiorevelacionfm.cl\/wp-content\/uploads\/2021\/06\/SENADORA-ORDENES-1-1.jpg","_links":{"self":[{"href":"https:\/\/radiorevelacionfm.cl\/index.php?rest_route=\/wp\/v2\/posts\/9160","targetHints":{"allow":["GET"]}}],"collection":[{"href":"https:\/\/radiorevelacionfm.cl\/index.php?rest_route=\/wp\/v2\/posts"}],"about":[{"href":"https:\/\/radiorevelacionfm.cl\/index.php?rest_route=\/wp\/v2\/types\/post"}],"author":[{"embeddable":true,"href":"https:\/\/radiorevelacionfm.cl\/index.php?rest_route=\/wp\/v2\/users\/1"}],"replies":[{"embeddable":true,"href":"https:\/\/radiorevelacionfm.cl\/index.php?rest_route=%2Fwp%2Fv2%2Fcomments&post=9160"}],"version-history":[{"count":1,"href":"https:\/\/radiorevelacionfm.cl\/index.php?rest_route=\/wp\/v2\/posts\/9160\/revisions"}],"predecessor-version":[{"id":9161,"href":"https:\/\/radiorevelacionfm.cl\/index.php?rest_route=\/wp\/v2\/posts\/9160\/revisions\/9161"}],"wp:featuredmedia":[{"embeddable":true,"href":"https:\/\/radiorevelacionfm.cl\/index.php?rest_route=\/wp\/v2\/media\/5350"}],"wp:attachment":[{"href":"https:\/\/radiorevelacionfm.cl\/index.php?rest_route=%2Fwp%2Fv2%2Fmedia&parent=9160"}],"wp:term":[{"taxonomy":"category","embeddable":true,"href":"https:\/\/radiorevelacionfm.cl\/index.php?rest_route=%2Fwp%2Fv2%2Fcategories&post=9160"},{"taxonomy":"post_tag","embeddable":true,"href":"https:\/\/radiorevelacionfm.cl\/index.php?rest_route=%2Fwp%2Fv2%2Ftags&post=9160"}],"curies":[{"name":"wp","href":"https:\/\/api.w.org\/{rel}","templated":true}]}}