{"id":9152,"date":"2021-09-29T18:36:23","date_gmt":"2021-09-29T21:36:23","guid":{"rendered":"https:\/\/radiorevelacionfm.cl\/?p=9152"},"modified":"2021-09-29T19:13:18","modified_gmt":"2021-09-29T22:13:18","slug":"familias-de-rio-norte-fortalecen-la-produccion-ovina-gracias-a-proyecto-financiado-por-el-fosis","status":"publish","type":"post","link":"https:\/\/radiorevelacionfm.cl\/?p=9152","title":{"rendered":"Familias de R\u00edo Norte fortalecen la producci\u00f3n ovina gracias a proyecto financiado por el FOSIS"},"content":{"rendered":"<div class=\"flex_column av_one_full  flex_column_div av-zero-column-padding first  avia-builder-el-0  el_before_av_one_full  avia-builder-el-first  \" style='border-radius:0px; '><div  class='avia-image-container  av-styling-    avia-builder-el-1  avia-builder-el-no-sibling  avia-align-center '  itemprop=\"image\" itemscope=\"itemscope\" itemtype=\"https:\/\/schema.org\/ImageObject\"  ><div class='avia-image-container-inner'><div class='avia-image-overlay-wrap'><img decoding=\"async\" class='wp-image-9158 avia-img-lazy-loading-not-9158 avia_image' src=\"https:\/\/radiorevelacionfm.cl\/wp-content\/uploads\/2021\/09\/1-73-2_optimized.jpg\" alt='' title='1-(73)-(2)_optimized' height=\"590\" width=\"1023\"  itemprop=\"thumbnailUrl\" srcset=\"https:\/\/radiorevelacionfm.cl\/wp-content\/uploads\/2021\/09\/1-73-2_optimized.jpg 1023w, https:\/\/radiorevelacionfm.cl\/wp-content\/uploads\/2021\/09\/1-73-2_optimized-300x173.jpg 300w, https:\/\/radiorevelacionfm.cl\/wp-content\/uploads\/2021\/09\/1-73-2_optimized-768x443.jpg 768w, https:\/\/radiorevelacionfm.cl\/wp-content\/uploads\/2021\/09\/1-73-2_optimized-705x407.jpg 705w, https:\/\/radiorevelacionfm.cl\/wp-content\/uploads\/2021\/09\/1-73-2_optimized-600x346.jpg 600w\" sizes=\"(max-width: 1023px) 100vw, 1023px\" \/><\/div><\/div><\/div><\/div><div class=\"flex_column av_one_full  flex_column_div av-zero-column-padding first  avia-builder-el-2  el_after_av_one_full  el_before_av_one_full  column-top-margin\" style='border-radius:0px; '><section class=\"av_textblock_section \"  itemscope=\"itemscope\" itemtype=\"https:\/\/schema.org\/BlogPosting\" itemprop=\"blogPost\" ><div class='avia_textblock  '   itemprop=\"text\" ><p style=\"text-align: center;\"><span style=\"font-size: 18pt;\"><strong>Familias de R\u00edo Norte fortalecen la producci\u00f3n ovina gracias a proyecto financiado por el FOSIS<\/strong><\/span><\/p>\n<div id=\"gtx-trans\" style=\"position: absolute; left: -50px; top: 4.31534px;\">\n<div class=\"gtx-trans-icon\"><\/div>\n<\/div>\n<\/div><\/section><\/div><\/p>\n<div class=\"flex_column av_one_full  flex_column_div av-zero-column-padding first  avia-builder-el-4  el_after_av_one_full  el_before_av_hr  column-top-margin\" style='border-radius:0px; '><section class=\"av_textblock_section \"  itemscope=\"itemscope\" itemtype=\"https:\/\/schema.org\/BlogPosting\" itemprop=\"blogPost\" ><div class='avia_textblock  '   itemprop=\"text\" ><p style=\"text-align: justify;\">Hasta la localidad de R\u00edo Norte llegaron autoridades regionales del FOSIS, Ministerio de Desarrollo Social y Familia y Ministerio de Agricultura para participar en la entrega de alimento concentrado e insumos veterinarios, en el contexto del programa Yo Emprendo, que apoya a organizaciones productivas del territorio.<\/p>\n<p style=\"text-align: justify;\">La iniciativa denominada \u201cLas familias de R\u00edo Norte se unen para mejorar la producci\u00f3n Ovina\u201d, busca congregar y potenciar la asociatividad de habitantes de esta localidad rural, ubicada en la comuna de Coyhaique, en torno a una actividad tradicional del sector, junto con capacitarlos en el manejo sanitario y productivo.<\/p>\n<p style=\"text-align: justify;\">En el proceso de ejecuci\u00f3n se ha trabajado de forma conjunta con el Comit\u00e9 Campesino Cerro Mirador e INDAP, quienes a trav\u00e9s de sus profesionales ha constituido un importante apoyo para la organizaci\u00f3n y un gran aliado para el FOSIS en la supervisi\u00f3n y desarrollo de este proyecto.<\/p>\n<p style=\"text-align: justify;\">Gracias al financiamiento que entrega este programa ser\u00e1 posible implementar con equipos, herramientas e insumos para el adecuado manejo del ganado, donde se consideraron m\u00e1quinas manuales de esquila, alimento concentrado, sal en piedra, sal minera, crotales e insumos veterinarios para los animales.<\/p>\n<p style=\"text-align: justify;\">Isabel Cruces, Dirigenta del Comit\u00e9 Campesino Cerro Mirador, valor\u00f3 positivamente la iniciativa y se\u00f1al\u00f3 que \u201cacabamos de recibir los bienes de un proyecto que hicimos como comit\u00e9 y sector, donde se entreg\u00f3 forraje, jeringas, vitaminas y sal para las ovejas. Este proyecto fue gracias al FOSIS y nos permiti\u00f3 entregar todos estos insumos de alimentaci\u00f3n y cuidado del ganado a las familias de nuestro sector.\u201d<\/p>\n<p style=\"text-align: justify;\">Dominique Br\u00e4utigam, Directora Regional del FOSIS en Ays\u00e9n, destac\u00f3 que \u201centregamos herramientas e insumos a organizaciones productivas apoyando la actividad agr\u00edcola y ganadera del territorio y en esta oportunidad se hizo una alianza muy importante donde el Ministerio de Agricultura tambi\u00e9n se suma, a trav\u00e9s de INDAP, con asesor\u00edas y acompa\u00f1amiento al proceso que hoy d\u00eda desarrolla el FOSIS en esta localidad.\u201d<\/p>\n<p style=\"text-align: justify;\">El Seremi (S) de Desarrollo Social y Familia, Sebasti\u00e1n Barra, manifest\u00f3 que \u201cestamos muy contentos y queremos destacar y felicitar el trabajo intersectorial que est\u00e1 llevando a cabo el FOSIS y la Seremi de Agricultura a trav\u00e9s de INDAP. Un trabajo que llega al territorio donde est\u00e1n los vecinos, la gente de campo y el mundo rural. Muy felices de participar en este hito que ha resuelto grandes problemas con los animales y favorece el trabajo en la vida de campo.\u201d<\/p>\n<p style=\"text-align: justify;\">Felipe Henr\u00edquez, Seremi de Agricultura, manifest\u00f3 estar \u201cfeliz de poder estar acompa\u00f1ando a Isabel Cruces y a las familias del sector R\u00edo Norte en esta instancia del proyecto que se ha podido concretar gracias al apoyo del Ministerio de Desarrollo Social y Familia, a trav\u00e9s de FOSIS. Este trabajo intersectorial hace carne la pol\u00edtica nacional de desarrollo rural que ha puesto en funcionamiento el presidente Sebasti\u00e1n Pi\u00f1era. Un proyecto productivo que considera asistencia t\u00e9cnica capacitaci\u00f3n y deja sembrada una semilla para que estos productores puedan utilizar este conocimiento en futuras temporadas.\u201d<\/p>\n<p style=\"text-align: justify;\">El Programa Yo Emprendo Grupal Autogestionado busca contribuir al mejoramiento en el desarrollo de actividades econ\u00f3micas de agrupaciones de car\u00e1cter productivo y es parte de la oferta regular del FOSIS.<\/p>\n<\/div><\/section><\/div>\n<div  style='height:50px' class='hr hr-invisible   avia-builder-el-6  el_after_av_one_full  el_before_av_social_share '><span class='hr-inner ' ><span class='hr-inner-style'><\/span><\/span><\/div>\n<div  class='av-social-sharing-box  avia-builder-el-7  el_after_av_hr  el_before_av_hr  '><div class='av-share-box'><h5 class='av-share-link-description av-no-toc '>Compartir esta noticia<\/h5><ul class='av-share-box-list noLightbox'><li class='av-share-link av-social-link-facebook' ><a target=\"_blank\" aria-label=\"Compartir en Facebook\" href='https:\/\/www.facebook.com\/sharer.php?u=https:\/\/radiorevelacionfm.cl\/?p=9152&#038;t=Familias%20de%20R%C3%ADo%20Norte%20fortalecen%20la%20producci%C3%B3n%20ovina%20gracias%20a%20proyecto%20financiado%20por%20el%20FOSIS' aria-hidden='false' data-av_icon='\ue8f3' data-av_iconfont='entypo-fontello' title='' data-avia-related-tooltip='Compartir en Facebook' rel=\"noopener\"><span class='avia_hidden_link_text'>Compartir en Facebook<\/span><\/a><\/li><li class='av-share-link av-social-link-twitter' ><a target=\"_blank\" aria-label=\"Compartir en Twitter\" href='https:\/\/twitter.com\/share?text=Familias%20de%20R%C3%ADo%20Norte%20fortalecen%20la%20producci%C3%B3n%20ovina%20gracias%20a%20proyecto%20financiado%20por%20el%20FOSIS&#038;url=https:\/\/radiorevelacionfm.cl\/?p=9152' aria-hidden='false' data-av_icon='\ue8f1' data-av_iconfont='entypo-fontello' title='' data-avia-related-tooltip='Compartir en Twitter' rel=\"noopener\"><span class='avia_hidden_link_text'>Compartir en Twitter<\/span><\/a><\/li><li class='av-share-link av-social-link-whatsapp' ><a target=\"_blank\" aria-label=\"Compartir en Whatsapp\" href='https:\/\/api.whatsapp.com\/send?text=https:\/\/radiorevelacionfm.cl\/?p=9152' aria-hidden='false' data-av_icon='\uf232' data-av_iconfont='entypo-fontello' title='' data-avia-related-tooltip='Compartir en Whatsapp' rel=\"noopener\"><span class='avia_hidden_link_text'>Compartir en Whatsapp<\/span><\/a><\/li><li class='av-share-link av-social-link-linkedin' ><a target=\"_blank\" aria-label=\"Compartir en LinkedIn\" href='https:\/\/linkedin.com\/shareArticle?mini=true&#038;title=Familias%20de%20R%C3%ADo%20Norte%20fortalecen%20la%20producci%C3%B3n%20ovina%20gracias%20a%20proyecto%20financiado%20por%20el%20FOSIS&#038;url=https:\/\/radiorevelacionfm.cl\/?p=9152' aria-hidden='false' data-av_icon='\ue8fc' data-av_iconfont='entypo-fontello' title='' data-avia-related-tooltip='Compartir en LinkedIn' rel=\"noopener\"><span class='avia_hidden_link_text'>Compartir en LinkedIn<\/span><\/a><\/li><li class='av-share-link av-social-link-mail' ><a  aria-label=\"Compartir por correo\" href='mailto:?subject=Familias%20de%20R%C3%ADo%20Norte%20fortalecen%20la%20producci%C3%B3n%20ovina%20gracias%20a%20proyecto%20financiado%20por%20el%20FOSIS&#038;body=https:\/\/radiorevelacionfm.cl\/?p=9152' aria-hidden='false' data-av_icon='\ue805' data-av_iconfont='entypo-fontello' title='' data-avia-related-tooltip='Compartir por correo'><span class='avia_hidden_link_text'>Compartir por correo<\/span><\/a><\/li><\/ul><\/div><\/div>\n<div  style='height:50px' class='hr hr-invisible   avia-builder-el-8  el_after_av_social_share  el_before_av_comments_list '><span class='hr-inner ' ><span class='hr-inner-style'><\/span><\/span><\/div>\n<div  class='av-buildercomment  av-blog-meta-html-info-disabled av-blog-meta-tag-disabled  '><\/div>\n","protected":false},"excerpt":{"rendered":"","protected":false},"author":1,"featured_media":9158,"comment_status":"open","ping_status":"open","sticky":false,"template":"","format":"standard","meta":{"footnotes":""},"categories":[38],"tags":[],"class_list":["post-9152","post","type-post","status-publish","format-standard","has-post-thumbnail","hentry","category-regional"],"jetpack_featured_media_url":"https:\/\/radiorevelacionfm.cl\/wp-content\/uploads\/2021\/09\/1-73-2_optimized.jpg","_links":{"self":[{"href":"https:\/\/radiorevelacionfm.cl\/index.php?rest_route=\/wp\/v2\/posts\/9152","targetHints":{"allow":["GET"]}}],"collection":[{"href":"https:\/\/radiorevelacionfm.cl\/index.php?rest_route=\/wp\/v2\/posts"}],"about":[{"href":"https:\/\/radiorevelacionfm.cl\/index.php?rest_route=\/wp\/v2\/types\/post"}],"author":[{"embeddable":true,"href":"https:\/\/radiorevelacionfm.cl\/index.php?rest_route=\/wp\/v2\/users\/1"}],"replies":[{"embeddable":true,"href":"https:\/\/radiorevelacionfm.cl\/index.php?rest_route=%2Fwp%2Fv2%2Fcomments&post=9152"}],"version-history":[{"count":2,"href":"https:\/\/radiorevelacionfm.cl\/index.php?rest_route=\/wp\/v2\/posts\/9152\/revisions"}],"predecessor-version":[{"id":9159,"href":"https:\/\/radiorevelacionfm.cl\/index.php?rest_route=\/wp\/v2\/posts\/9152\/revisions\/9159"}],"wp:featuredmedia":[{"embeddable":true,"href":"https:\/\/radiorevelacionfm.cl\/index.php?rest_route=\/wp\/v2\/media\/9158"}],"wp:attachment":[{"href":"https:\/\/radiorevelacionfm.cl\/index.php?rest_route=%2Fwp%2Fv2%2Fmedia&parent=9152"}],"wp:term":[{"taxonomy":"category","embeddable":true,"href":"https:\/\/radiorevelacionfm.cl\/index.php?rest_route=%2Fwp%2Fv2%2Fcategories&post=9152"},{"taxonomy":"post_tag","embeddable":true,"href":"https:\/\/radiorevelacionfm.cl\/index.php?rest_route=%2Fwp%2Fv2%2Ftags&post=9152"}],"curies":[{"name":"wp","href":"https:\/\/api.w.org\/{rel}","templated":true}]}}