{"id":9145,"date":"2021-09-29T16:45:06","date_gmt":"2021-09-29T19:45:06","guid":{"rendered":"https:\/\/radiorevelacionfm.cl\/?p=9145"},"modified":"2021-09-29T16:45:06","modified_gmt":"2021-09-29T19:45:06","slug":"alcalde-de-chile-chico-por-situacion-de-conectividad-necesitamos-un-catamaran-y-habilitar-terminales-portuarios","status":"publish","type":"post","link":"https:\/\/radiorevelacionfm.cl\/?p=9145","title":{"rendered":"Alcalde de Chile Chico por situaci\u00f3n de conectividad: \u201cNecesitamos un catamar\u00e1n y habilitar terminales portuarios\u201d"},"content":{"rendered":"<div class=\"flex_column av_one_full  flex_column_div av-zero-column-padding first  avia-builder-el-0  el_before_av_one_full  avia-builder-el-first  \" style='border-radius:0px; '><div  class='avia-image-container  av-styling-    avia-builder-el-1  avia-builder-el-no-sibling  avia-align-center '  itemprop=\"image\" itemscope=\"itemscope\" itemtype=\"https:\/\/schema.org\/ImageObject\"  ><div class='avia-image-container-inner'><div class='avia-image-overlay-wrap'><img decoding=\"async\" class='wp-image-9146 avia-img-lazy-loading-not-9146 avia_image' src=\"https:\/\/radiorevelacionfm.cl\/wp-content\/uploads\/2021\/09\/Tehuelche0-1-1.jpg\" alt='' title='Tehuelche0 (1) (1)' height=\"600\" width=\"902\"  itemprop=\"thumbnailUrl\" srcset=\"https:\/\/radiorevelacionfm.cl\/wp-content\/uploads\/2021\/09\/Tehuelche0-1-1.jpg 902w, https:\/\/radiorevelacionfm.cl\/wp-content\/uploads\/2021\/09\/Tehuelche0-1-1-300x200.jpg 300w, https:\/\/radiorevelacionfm.cl\/wp-content\/uploads\/2021\/09\/Tehuelche0-1-1-768x511.jpg 768w, https:\/\/radiorevelacionfm.cl\/wp-content\/uploads\/2021\/09\/Tehuelche0-1-1-705x469.jpg 705w, https:\/\/radiorevelacionfm.cl\/wp-content\/uploads\/2021\/09\/Tehuelche0-1-1-600x399.jpg 600w\" sizes=\"(max-width: 902px) 100vw, 902px\" \/><\/div><\/div><\/div><\/div><div class=\"flex_column av_one_full  flex_column_div av-zero-column-padding first  avia-builder-el-2  el_after_av_one_full  el_before_av_one_full  column-top-margin\" style='border-radius:0px; '><section class=\"av_textblock_section \"  itemscope=\"itemscope\" itemtype=\"https:\/\/schema.org\/BlogPosting\" itemprop=\"blogPost\" ><div class='avia_textblock  '   itemprop=\"text\" ><p style=\"text-align: center;\"><strong><span style=\"font-size: 18pt;\">Alcalde de Chile Chico por situaci\u00f3n de conectividad: \u201cNecesitamos un catamar\u00e1n y habilitar terminales portuarios\u201d<\/span><\/strong><\/p>\n<div id=\"gtx-trans\" style=\"position: absolute; left: -50px; top: 4.31534px;\">\n<div class=\"gtx-trans-icon\"><\/div>\n<\/div>\n<\/div><\/section><\/div><div class=\"flex_column av_one_full  flex_column_div av-zero-column-padding first  avia-builder-el-4  el_after_av_one_full  el_before_av_hr  column-top-margin\" style='border-radius:0px; '><section class=\"av_textblock_section \"  itemscope=\"itemscope\" itemtype=\"https:\/\/schema.org\/BlogPosting\" itemprop=\"blogPost\" ><div class='avia_textblock  '   itemprop=\"text\" ><p style=\"text-align: justify;\">El alcalde, Luperciano Mu\u00f1oz, se refiri\u00f3 a la problem\u00e1tica que existe en materia de conectividad por las constantes fallas que han presentado las embarcaciones, situaci\u00f3n que ha derivado en planes de contingencia y soluciones de car\u00e1cter moment\u00e1neo.<\/p>\n<p style=\"text-align: justify;\">En este sentido, el edil present\u00f3 recientemente una propuesta al subsecretario de Obras P\u00fablicas, Crist\u00f3bal Leturia, que apunta a la adquisici\u00f3n de una embarcaci\u00f3n diferente, ya que seg\u00fan el jefe comunal \u201cel problema no radica en la capacidad sino que en la frecuencia, por lo tanto, lo que necesitamos es habilitar 2 terminales portuarios: Bah\u00eda Jara y Levic\u00e1n, adem\u00e1s de la adquisici\u00f3n de un catamar\u00e1n para reducir los tiempos de traslado, desarrollar el turismo local y binacional con Los Antiguos, y en definitiva, liberar al estado de la pesada carga que tiene con nosotros a trav\u00e9s de los subsidios, ya que el privado va a invertir y competir\u201d.<\/p>\n<p style=\"text-align: justify;\">Mu\u00f1oz record\u00f3 que esta iniciativa fue presentada en el gobierno del presidente, Ricardo Lagos, y durante ambos mandatos de Michelle Bachelet y Sebasti\u00e1n Pi\u00f1era, pero sin resultados.<\/p>\n<p style=\"text-align: justify;\">\u201cContratamos a ingenieros navales y profesionales expertos en el \u00e1rea para elaborar una s\u00f3lida propuesta en esta materia, sin embargo, jam\u00e1s fue considerada\u201d, explic\u00f3.<\/p>\n<p style=\"text-align: justify;\">El jefe comunal apunt\u00f3 a la falta de voluntad pol\u00edtica para dar respuesta a esta sentida demanda de los habitantes de la comuna y desconexi\u00f3n con la realidad local, \u201cya que podemos llenar el lago de barcazas, pero la soluci\u00f3n no pasa por eso, sino por la adquisici\u00f3n de embarcaciones modernas, que reduzcan los tiempos de viaje y ampl\u00eden la oferta en materia tur\u00edstica, permitiendo adem\u00e1s potenciar este sector productivo de suma relevancia para nosotros\u201d.<\/p>\n<p style=\"text-align: justify;\">El edil aprovech\u00f3 la oportunidad para realizar un llamado a la gobernadora regional, Andrea Mac\u00edas, y a los parlamentarios a apoyar esta iniciativa que permitir\u00e1 entregar una soluci\u00f3n definitiva en materia de conectividad a los habitantes de la comuna y terminar con las \u201csoluciones parche\u201d, se\u00f1al\u00f3.<\/p>\n<\/div><\/section><\/div><div  style='height:50px' class='hr hr-invisible   avia-builder-el-6  el_after_av_one_full  el_before_av_social_share '><span class='hr-inner ' ><span class='hr-inner-style'><\/span><\/span><\/div><\/p>\n<div  class='av-social-sharing-box  avia-builder-el-7  el_after_av_hr  el_before_av_hr  '><div class='av-share-box'><h5 class='av-share-link-description av-no-toc '>Compartir esta noticia<\/h5><ul class='av-share-box-list noLightbox'><li class='av-share-link av-social-link-facebook' ><a target=\"_blank\" aria-label=\"Compartir en Facebook\" href='https:\/\/www.facebook.com\/sharer.php?u=https:\/\/radiorevelacionfm.cl\/?p=9145&#038;t=Alcalde%20de%20Chile%20Chico%20por%20situaci%C3%B3n%20de%20conectividad%3A%20%E2%80%9CNecesitamos%20un%20catamar%C3%A1n%20y%20habilitar%20terminales%20portuarios%E2%80%9D' aria-hidden='false' data-av_icon='\ue8f3' data-av_iconfont='entypo-fontello' title='' data-avia-related-tooltip='Compartir en Facebook' rel=\"noopener\"><span class='avia_hidden_link_text'>Compartir en Facebook<\/span><\/a><\/li><li class='av-share-link av-social-link-twitter' ><a target=\"_blank\" aria-label=\"Compartir en Twitter\" href='https:\/\/twitter.com\/share?text=Alcalde%20de%20Chile%20Chico%20por%20situaci%C3%B3n%20de%20conectividad%3A%20%E2%80%9CNecesitamos%20un%20catamar%C3%A1n%20y%20habilitar%20terminales%20portuarios%E2%80%9D&#038;url=https:\/\/radiorevelacionfm.cl\/?p=9145' aria-hidden='false' data-av_icon='\ue8f1' data-av_iconfont='entypo-fontello' title='' data-avia-related-tooltip='Compartir en Twitter' rel=\"noopener\"><span class='avia_hidden_link_text'>Compartir en Twitter<\/span><\/a><\/li><li class='av-share-link av-social-link-whatsapp' ><a target=\"_blank\" aria-label=\"Compartir en Whatsapp\" href='https:\/\/api.whatsapp.com\/send?text=https:\/\/radiorevelacionfm.cl\/?p=9145' aria-hidden='false' data-av_icon='\uf232' data-av_iconfont='entypo-fontello' title='' data-avia-related-tooltip='Compartir en Whatsapp' rel=\"noopener\"><span class='avia_hidden_link_text'>Compartir en Whatsapp<\/span><\/a><\/li><li class='av-share-link av-social-link-linkedin' ><a target=\"_blank\" aria-label=\"Compartir en LinkedIn\" href='https:\/\/linkedin.com\/shareArticle?mini=true&#038;title=Alcalde%20de%20Chile%20Chico%20por%20situaci%C3%B3n%20de%20conectividad%3A%20%E2%80%9CNecesitamos%20un%20catamar%C3%A1n%20y%20habilitar%20terminales%20portuarios%E2%80%9D&#038;url=https:\/\/radiorevelacionfm.cl\/?p=9145' aria-hidden='false' data-av_icon='\ue8fc' data-av_iconfont='entypo-fontello' title='' data-avia-related-tooltip='Compartir en LinkedIn' rel=\"noopener\"><span class='avia_hidden_link_text'>Compartir en LinkedIn<\/span><\/a><\/li><li class='av-share-link av-social-link-mail' ><a  aria-label=\"Compartir por correo\" href='mailto:?subject=Alcalde%20de%20Chile%20Chico%20por%20situaci%C3%B3n%20de%20conectividad%3A%20%E2%80%9CNecesitamos%20un%20catamar%C3%A1n%20y%20habilitar%20terminales%20portuarios%E2%80%9D&#038;body=https:\/\/radiorevelacionfm.cl\/?p=9145' aria-hidden='false' data-av_icon='\ue805' data-av_iconfont='entypo-fontello' title='' data-avia-related-tooltip='Compartir por correo'><span class='avia_hidden_link_text'>Compartir por correo<\/span><\/a><\/li><\/ul><\/div><\/div>\n<div  style='height:50px' class='hr hr-invisible   avia-builder-el-8  el_after_av_social_share  el_before_av_comments_list '><span class='hr-inner ' ><span class='hr-inner-style'><\/span><\/span><\/div>\n<div  class='av-buildercomment  av-blog-meta-html-info-disabled av-blog-meta-tag-disabled  '><\/div>\n","protected":false},"excerpt":{"rendered":"","protected":false},"author":1,"featured_media":9146,"comment_status":"open","ping_status":"open","sticky":false,"template":"","format":"standard","meta":{"footnotes":""},"categories":[38],"tags":[],"class_list":["post-9145","post","type-post","status-publish","format-standard","has-post-thumbnail","hentry","category-regional"],"jetpack_featured_media_url":"https:\/\/radiorevelacionfm.cl\/wp-content\/uploads\/2021\/09\/Tehuelche0-1-1.jpg","_links":{"self":[{"href":"https:\/\/radiorevelacionfm.cl\/index.php?rest_route=\/wp\/v2\/posts\/9145","targetHints":{"allow":["GET"]}}],"collection":[{"href":"https:\/\/radiorevelacionfm.cl\/index.php?rest_route=\/wp\/v2\/posts"}],"about":[{"href":"https:\/\/radiorevelacionfm.cl\/index.php?rest_route=\/wp\/v2\/types\/post"}],"author":[{"embeddable":true,"href":"https:\/\/radiorevelacionfm.cl\/index.php?rest_route=\/wp\/v2\/users\/1"}],"replies":[{"embeddable":true,"href":"https:\/\/radiorevelacionfm.cl\/index.php?rest_route=%2Fwp%2Fv2%2Fcomments&post=9145"}],"version-history":[{"count":1,"href":"https:\/\/radiorevelacionfm.cl\/index.php?rest_route=\/wp\/v2\/posts\/9145\/revisions"}],"predecessor-version":[{"id":9147,"href":"https:\/\/radiorevelacionfm.cl\/index.php?rest_route=\/wp\/v2\/posts\/9145\/revisions\/9147"}],"wp:featuredmedia":[{"embeddable":true,"href":"https:\/\/radiorevelacionfm.cl\/index.php?rest_route=\/wp\/v2\/media\/9146"}],"wp:attachment":[{"href":"https:\/\/radiorevelacionfm.cl\/index.php?rest_route=%2Fwp%2Fv2%2Fmedia&parent=9145"}],"wp:term":[{"taxonomy":"category","embeddable":true,"href":"https:\/\/radiorevelacionfm.cl\/index.php?rest_route=%2Fwp%2Fv2%2Fcategories&post=9145"},{"taxonomy":"post_tag","embeddable":true,"href":"https:\/\/radiorevelacionfm.cl\/index.php?rest_route=%2Fwp%2Fv2%2Ftags&post=9145"}],"curies":[{"name":"wp","href":"https:\/\/api.w.org\/{rel}","templated":true}]}}