{"id":9142,"date":"2021-09-29T16:29:05","date_gmt":"2021-09-29T19:29:05","guid":{"rendered":"https:\/\/radiorevelacionfm.cl\/?p=9142"},"modified":"2021-09-29T16:29:05","modified_gmt":"2021-09-29T19:29:05","slug":"municipio-de-aysen-busca-fortalecer-trabajo-con-el-comite-de-agua-potable-de-islas-huichas","status":"publish","type":"post","link":"https:\/\/radiorevelacionfm.cl\/?p=9142","title":{"rendered":"Municipio de Ays\u00e9n busca fortalecer trabajo con el Comit\u00e9 de Agua Potable de Islas Huichas"},"content":{"rendered":"<div class=\"flex_column av_one_full  flex_column_div av-zero-column-padding first  avia-builder-el-0  el_before_av_one_full  avia-builder-el-first  \" style='border-radius:0px; '><div  class='avia-image-container  av-styling-    avia-builder-el-1  avia-builder-el-no-sibling  avia-align-center '  itemprop=\"image\" itemscope=\"itemscope\" itemtype=\"https:\/\/schema.org\/ImageObject\"  ><div class='avia-image-container-inner'><div class='avia-image-overlay-wrap'><img decoding=\"async\" class='wp-image-9143 avia-img-lazy-loading-not-9143 avia_image' src=\"https:\/\/radiorevelacionfm.cl\/wp-content\/uploads\/2021\/09\/img-APHhuichas3-1-1.jpeg\" alt='' title='img-APHhuichas3 (1) (1)' height=\"600\" width=\"900\"  itemprop=\"thumbnailUrl\" srcset=\"https:\/\/radiorevelacionfm.cl\/wp-content\/uploads\/2021\/09\/img-APHhuichas3-1-1.jpeg 900w, https:\/\/radiorevelacionfm.cl\/wp-content\/uploads\/2021\/09\/img-APHhuichas3-1-1-300x200.jpeg 300w, https:\/\/radiorevelacionfm.cl\/wp-content\/uploads\/2021\/09\/img-APHhuichas3-1-1-768x512.jpeg 768w, https:\/\/radiorevelacionfm.cl\/wp-content\/uploads\/2021\/09\/img-APHhuichas3-1-1-705x470.jpeg 705w, https:\/\/radiorevelacionfm.cl\/wp-content\/uploads\/2021\/09\/img-APHhuichas3-1-1-600x400.jpeg 600w\" sizes=\"(max-width: 900px) 100vw, 900px\" \/><\/div><\/div><\/div><\/div><div class=\"flex_column av_one_full  flex_column_div av-zero-column-padding first  avia-builder-el-2  el_after_av_one_full  el_before_av_one_full  column-top-margin\" style='border-radius:0px; '><section class=\"av_textblock_section \"  itemscope=\"itemscope\" itemtype=\"https:\/\/schema.org\/BlogPosting\" itemprop=\"blogPost\" ><div class='avia_textblock  '   itemprop=\"text\" ><p style=\"text-align: center;\"><strong><span style=\"font-size: 18pt;\">Municipio de Ays\u00e9n busca fortalecer trabajo con el Comit\u00e9 de Agua Potable de Islas Huichas<\/span><\/strong><\/p>\n<div id=\"gtx-trans\" style=\"position: absolute; left: -50px; top: 4.31534px;\">\n<div class=\"gtx-trans-icon\"><\/div>\n<\/div>\n<\/div><\/section><\/div><div class=\"flex_column av_one_full  flex_column_div av-zero-column-padding first  avia-builder-el-4  el_after_av_one_full  el_before_av_hr  column-top-margin\" style='border-radius:0px; '><section class=\"av_textblock_section \"  itemscope=\"itemscope\" itemtype=\"https:\/\/schema.org\/BlogPosting\" itemprop=\"blogPost\" ><div class='avia_textblock  '   itemprop=\"text\" ><p style=\"text-align: justify;\">Con el objetivo de poder fortalecer la provisi\u00f3n del vital elemento en la zona insular de la comuna de Ays\u00e9n y en el contexto de una nueva ronda municipal a la localidad, liderada por el alcalde, Julio Uribe Alvarado. La primera autoridad, sostuvo un encuentro en terreno con el Comit\u00e9 de Agua Potable Rural (APR) de Islas Huichas para abordar un mecanismo que les permita a los habitantes contar con un adecuado suministro de agua potable y preparase para los climas c\u00e1lidos que trae consigo la futura temporada estival.<\/p>\n<p style=\"text-align: justify;\">Al respecto el edil, Julio Uribe Alvarado, destac\u00f3 que <strong>\u201c<\/strong>Hemos recibidos una solicitud de colaboraci\u00f3n con nuestra maquinar\u00eda para el Comit\u00e9 de APR. Sabemos los dif\u00edcil que es cuando vienen estos tiempos de sequ\u00eda e Islas\u00a0Huichas\u00a0se queda sin agua, por lo tanto, vamos a prestar toda la colaboraci\u00f3n para este proyecto que ellos tienen que es hacer el<strong>\u00a0<\/strong>descarpe\u00a0y poder llegar a tener otro estanque de acumulaci\u00f3n de agua, esto lo vamos a realizar durante el mes de octubre. Seguiremos colaborando con la Isla en todas sus necesidades\u201d.<\/p>\n<p style=\"text-align: justify;\">Por su parte, el tesorero del Comit\u00e9 de Agua Potable, Crist\u00f3bal Cerda, junto con destacar la visita efectuada por la autoridad comunal abord\u00f3 la solicitud formulada para efectuar distintas mejoras al sistema que poseen de captaci\u00f3n de aguas lluvias \u201cla idea nuestra es aumentar las capacidades de reservas de agua y tambi\u00e9n la captaci\u00f3n\u00a0 tanto en cantidad como calidad, eso es lo que m\u00e1s nos preocupa hoy en d\u00eda, poder tener cada vez una mejor calidad de agua y un mejor suministros para nuestros vecinos\u201d.<\/p>\n<p style=\"text-align: justify;\">Finalmente, el dirigente local enfatiz\u00f3 que en la actualidad se est\u00e1 avanzando en la autonom\u00eda del agua para la zona implementando nuevas capacidades acorde a los tiempos \u201cTenemos una planta de \u00f3smosis que est\u00e1 operativa en su cien por ciento, la cual est\u00e1 bajo la administraci\u00f3n y mantenci\u00f3n de este Comit\u00e9 y que prontamente estar\u00e1 otra vez al servicio de la comunidad, si la sequ\u00eda lo amerita, eso no quiere decir que la planta en estos momentos no est\u00e9 operando. Si nosotros quisi\u00e9ramos producir agua lo podr\u00edamos hacer sin ning\u00fan problema solamente que tenemos algunas restricciones, la m\u00e1s significativa es que la Isla no cuenta con combustible\u201d expres\u00f3 el tesorero del Agua Potable Rural.<\/p>\n<\/div><\/section><\/div><div  style='height:50px' class='hr hr-invisible   avia-builder-el-6  el_after_av_one_full  el_before_av_social_share '><span class='hr-inner ' ><span class='hr-inner-style'><\/span><\/span><\/div><\/p>\n<div  class='av-social-sharing-box  avia-builder-el-7  el_after_av_hr  el_before_av_hr  '><div class='av-share-box'><h5 class='av-share-link-description av-no-toc '>Compartir esta noticia<\/h5><ul class='av-share-box-list noLightbox'><li class='av-share-link av-social-link-facebook' ><a target=\"_blank\" aria-label=\"Compartir en Facebook\" href='https:\/\/www.facebook.com\/sharer.php?u=https:\/\/radiorevelacionfm.cl\/?p=9142&#038;t=Municipio%20de%20Ays%C3%A9n%20busca%20fortalecer%20trabajo%20con%20el%20Comit%C3%A9%20de%20Agua%20Potable%20de%20Islas%20Huichas' aria-hidden='false' data-av_icon='\ue8f3' data-av_iconfont='entypo-fontello' title='' data-avia-related-tooltip='Compartir en Facebook' rel=\"noopener\"><span class='avia_hidden_link_text'>Compartir en Facebook<\/span><\/a><\/li><li class='av-share-link av-social-link-twitter' ><a target=\"_blank\" aria-label=\"Compartir en Twitter\" href='https:\/\/twitter.com\/share?text=Municipio%20de%20Ays%C3%A9n%20busca%20fortalecer%20trabajo%20con%20el%20Comit%C3%A9%20de%20Agua%20Potable%20de%20Islas%20Huichas&#038;url=https:\/\/radiorevelacionfm.cl\/?p=9142' aria-hidden='false' data-av_icon='\ue8f1' data-av_iconfont='entypo-fontello' title='' data-avia-related-tooltip='Compartir en Twitter' rel=\"noopener\"><span class='avia_hidden_link_text'>Compartir en Twitter<\/span><\/a><\/li><li class='av-share-link av-social-link-whatsapp' ><a target=\"_blank\" aria-label=\"Compartir en Whatsapp\" href='https:\/\/api.whatsapp.com\/send?text=https:\/\/radiorevelacionfm.cl\/?p=9142' aria-hidden='false' data-av_icon='\uf232' data-av_iconfont='entypo-fontello' title='' data-avia-related-tooltip='Compartir en Whatsapp' rel=\"noopener\"><span class='avia_hidden_link_text'>Compartir en Whatsapp<\/span><\/a><\/li><li class='av-share-link av-social-link-linkedin' ><a target=\"_blank\" aria-label=\"Compartir en LinkedIn\" href='https:\/\/linkedin.com\/shareArticle?mini=true&#038;title=Municipio%20de%20Ays%C3%A9n%20busca%20fortalecer%20trabajo%20con%20el%20Comit%C3%A9%20de%20Agua%20Potable%20de%20Islas%20Huichas&#038;url=https:\/\/radiorevelacionfm.cl\/?p=9142' aria-hidden='false' data-av_icon='\ue8fc' data-av_iconfont='entypo-fontello' title='' data-avia-related-tooltip='Compartir en LinkedIn' rel=\"noopener\"><span class='avia_hidden_link_text'>Compartir en LinkedIn<\/span><\/a><\/li><li class='av-share-link av-social-link-mail' ><a  aria-label=\"Compartir por correo\" href='mailto:?subject=Municipio%20de%20Ays%C3%A9n%20busca%20fortalecer%20trabajo%20con%20el%20Comit%C3%A9%20de%20Agua%20Potable%20de%20Islas%20Huichas&#038;body=https:\/\/radiorevelacionfm.cl\/?p=9142' aria-hidden='false' data-av_icon='\ue805' data-av_iconfont='entypo-fontello' title='' data-avia-related-tooltip='Compartir por correo'><span class='avia_hidden_link_text'>Compartir por correo<\/span><\/a><\/li><\/ul><\/div><\/div>\n<div  style='height:50px' class='hr hr-invisible   avia-builder-el-8  el_after_av_social_share  el_before_av_comments_list '><span class='hr-inner ' ><span class='hr-inner-style'><\/span><\/span><\/div>\n<div  class='av-buildercomment  av-blog-meta-html-info-disabled av-blog-meta-tag-disabled  '><\/div>\n","protected":false},"excerpt":{"rendered":"","protected":false},"author":1,"featured_media":9143,"comment_status":"open","ping_status":"open","sticky":false,"template":"","format":"standard","meta":{"footnotes":""},"categories":[38],"tags":[],"class_list":["post-9142","post","type-post","status-publish","format-standard","has-post-thumbnail","hentry","category-regional"],"jetpack_featured_media_url":"https:\/\/radiorevelacionfm.cl\/wp-content\/uploads\/2021\/09\/img-APHhuichas3-1-1.jpeg","_links":{"self":[{"href":"https:\/\/radiorevelacionfm.cl\/index.php?rest_route=\/wp\/v2\/posts\/9142","targetHints":{"allow":["GET"]}}],"collection":[{"href":"https:\/\/radiorevelacionfm.cl\/index.php?rest_route=\/wp\/v2\/posts"}],"about":[{"href":"https:\/\/radiorevelacionfm.cl\/index.php?rest_route=\/wp\/v2\/types\/post"}],"author":[{"embeddable":true,"href":"https:\/\/radiorevelacionfm.cl\/index.php?rest_route=\/wp\/v2\/users\/1"}],"replies":[{"embeddable":true,"href":"https:\/\/radiorevelacionfm.cl\/index.php?rest_route=%2Fwp%2Fv2%2Fcomments&post=9142"}],"version-history":[{"count":1,"href":"https:\/\/radiorevelacionfm.cl\/index.php?rest_route=\/wp\/v2\/posts\/9142\/revisions"}],"predecessor-version":[{"id":9144,"href":"https:\/\/radiorevelacionfm.cl\/index.php?rest_route=\/wp\/v2\/posts\/9142\/revisions\/9144"}],"wp:featuredmedia":[{"embeddable":true,"href":"https:\/\/radiorevelacionfm.cl\/index.php?rest_route=\/wp\/v2\/media\/9143"}],"wp:attachment":[{"href":"https:\/\/radiorevelacionfm.cl\/index.php?rest_route=%2Fwp%2Fv2%2Fmedia&parent=9142"}],"wp:term":[{"taxonomy":"category","embeddable":true,"href":"https:\/\/radiorevelacionfm.cl\/index.php?rest_route=%2Fwp%2Fv2%2Fcategories&post=9142"},{"taxonomy":"post_tag","embeddable":true,"href":"https:\/\/radiorevelacionfm.cl\/index.php?rest_route=%2Fwp%2Fv2%2Ftags&post=9142"}],"curies":[{"name":"wp","href":"https:\/\/api.w.org\/{rel}","templated":true}]}}