{"id":9140,"date":"2021-09-29T16:05:29","date_gmt":"2021-09-29T19:05:29","guid":{"rendered":"https:\/\/radiorevelacionfm.cl\/?p=9140"},"modified":"2021-09-29T16:05:29","modified_gmt":"2021-09-29T19:05:29","slug":"minvu-anuncia-apertura-del-proceso-de-postulacion-al-subsidio-para-la-clase-media","status":"publish","type":"post","link":"https:\/\/radiorevelacionfm.cl\/?p=9140","title":{"rendered":"Minvu anuncia apertura del proceso de postulaci\u00f3n al Subsidio para la Clase Media"},"content":{"rendered":"<div class=\"flex_column av_one_full  flex_column_div av-zero-column-padding first  avia-builder-el-0  el_before_av_one_full  avia-builder-el-first  \" style='border-radius:0px; '><div  class='avia-image-container  av-styling-    avia-builder-el-1  avia-builder-el-no-sibling  avia-align-center '  itemprop=\"image\" itemscope=\"itemscope\" itemtype=\"https:\/\/schema.org\/ImageObject\"  ><div class='avia-image-container-inner'><div class='avia-image-overlay-wrap'><img decoding=\"async\" class='wp-image-3727 avia-img-lazy-loading-not-3727 avia_image' src=\"https:\/\/radiorevelacionfm.cl\/wp-content\/uploads\/2021\/05\/Subsidio1.jpg\" alt='' title='Subsidio1' height=\"580\" width=\"870\"  itemprop=\"thumbnailUrl\" srcset=\"https:\/\/radiorevelacionfm.cl\/wp-content\/uploads\/2021\/05\/Subsidio1.jpg 870w, https:\/\/radiorevelacionfm.cl\/wp-content\/uploads\/2021\/05\/Subsidio1-300x200.jpg 300w, https:\/\/radiorevelacionfm.cl\/wp-content\/uploads\/2021\/05\/Subsidio1-768x512.jpg 768w, https:\/\/radiorevelacionfm.cl\/wp-content\/uploads\/2021\/05\/Subsidio1-705x470.jpg 705w, https:\/\/radiorevelacionfm.cl\/wp-content\/uploads\/2021\/05\/Subsidio1-600x400.jpg 600w\" sizes=\"(max-width: 870px) 100vw, 870px\" \/><\/div><\/div><\/div><\/div><div class=\"flex_column av_one_full  flex_column_div av-zero-column-padding first  avia-builder-el-2  el_after_av_one_full  el_before_av_one_full  column-top-margin\" style='border-radius:0px; '><section class=\"av_textblock_section \"  itemscope=\"itemscope\" itemtype=\"https:\/\/schema.org\/BlogPosting\" itemprop=\"blogPost\" ><div class='avia_textblock  '   itemprop=\"text\" ><p style=\"text-align: center;\"><span style=\"font-size: 18pt;\"><strong>Minvu anuncia apertura del proceso de postulaci\u00f3n al Subsidio para la Clase Media<\/strong><\/span><\/p>\n<div id=\"gtx-trans\" style=\"position: absolute; left: -50px; top: 4.31534px;\">\n<div class=\"gtx-trans-icon\"><\/div>\n<\/div>\n<\/div><\/section><\/div><div class=\"flex_column av_one_full  flex_column_div av-zero-column-padding first  avia-builder-el-4  el_after_av_one_full  el_before_av_hr  column-top-margin\" style='border-radius:0px; '><section class=\"av_textblock_section \"  itemscope=\"itemscope\" itemtype=\"https:\/\/schema.org\/BlogPosting\" itemprop=\"blogPost\" ><div class='avia_textblock  '   itemprop=\"text\" ><p style=\"text-align: justify;\">El Ministerio de Vivienda y Urbanismo (Minvu) anunci\u00f3 que desde el 21 de octubre estar\u00e1 abierta la postulaci\u00f3n al <strong>Subsidio para Sectores Medios DS1<\/strong>, que permite a las familias adquirir o construir una vivienda en zonas urbanas o rurales.<\/p>\n<p style=\"text-align: justify;\">Se trata de un beneficio permite <strong>construir o adquirir una vivienda nueva o usada<\/strong> de hasta 1.100, 1.600 o 2.200 UF dependiendo del tramo al que se postule, y est\u00e1 dirigido a familias que no son propietarias, que cuentan con capacidad de ahorro y\/o acceso a cr\u00e9dito hipotecario, pero que requieren de la ayuda del Estado para acceder a una soluci\u00f3n habitacional definitiva. En la zona norte y extremo sur del pa\u00eds, como el caso de la regi\u00f3n de Ays\u00e9n, este valor aumenta hasta las 2.600 UF.<\/p>\n<p style=\"text-align: justify;\">A prop\u00f3sito de esto, el Ministro de Vivienda, Felipe Ward, coment\u00f3 que \u201choy tenemos una gran noticia, ya que <strong>el 21 de octubre se abrir\u00e1 un nuevo llamado de postulaci\u00f3n<\/strong> al Subsidio para Sectores Medios DS1, el que entrega un apoyo para la compra o construcci\u00f3n de una vivienda. Sabemos que son tiempos dif\u00edciles, especialmente para las familias vulnerables y de clase media, por eso en esta ocasi\u00f3n <strong>mantendremos los montos de ahorro<\/strong> del llamado anterior, con el objetivo de facilitar el acceso a una vivienda para miles de familias a lo largo de todo el pa\u00eds\u201d.<\/p>\n<p style=\"text-align: justify;\">De igual forma el Seremi de Vivienda, Diego Silva, complement\u00f3 la informaci\u00f3n precisando que en esta oportunidad, y como condici\u00f3n especial producto de la pandemia por Covid-19, se conservan los ahorros m\u00ednimos exigidos en el primer llamado de este 2021, el que deber\u00e1 estar depositado y como <strong><u>saldo disponible en la cuenta de ahorro para la vivienda al 30 de septiembre de 2021<\/u><\/strong>. \u201cEs importante considerar que el ahorro debe estar acreditado a m\u00e1s tardar este jueves 30, para que ojal\u00e1 muchas familias se sectores medios de nuestra regi\u00f3n puedan postular, obtener este apoyo del Estado y alcanzar as\u00ed el sue\u00f1o de su casa propia. Los invitamos entonces a estar informados tomando contacto con todas nuestras oficinas de Serviu en caso de dudas o necesidad de apoyo y orientaci\u00f3n\u201d, indic\u00f3.<\/p>\n<p style=\"text-align: justify;\">Habr\u00e1 tres v\u00edas de atenci\u00f3n: autom\u00e1tica, postulaci\u00f3n en l\u00ednea o v\u00eda formulario de atenci\u00f3n ciudadana. Los requisitos generales de postulaci\u00f3n son los siguientes<strong>:<\/strong><\/p>\n<ul style=\"text-align: justify;\">\n<li>Contar con C\u00e9dula Nacional de Identidad.<\/li>\n<li>Acreditar una cuenta de ahorro para la vivienda con una antig\u00fcedad m\u00ednima de 12 meses.<\/li>\n<li>Acreditar que el ahorro exigido en cada tramo est\u00e9 depositado y reflejado como saldo disponible en la cuenta de ahorro para la vivienda a m\u00e1s tardar el 30 de septiembre hasta las 14:00 horas.<\/li>\n<li>Estar inscrito en el Registro Social de Hogares (RSH) y no superar el porcentaje de calificaci\u00f3n socioecon\u00f3mica que exige la alternativa de subsidio a la que desea postular.<\/li>\n<\/ul>\n<\/div><\/section><\/div><div  style='height:50px' class='hr hr-invisible   avia-builder-el-6  el_after_av_one_full  el_before_av_social_share '><span class='hr-inner ' ><span class='hr-inner-style'><\/span><\/span><\/div><\/p>\n<div  class='av-social-sharing-box  avia-builder-el-7  el_after_av_hr  el_before_av_hr  '><div class='av-share-box'><h5 class='av-share-link-description av-no-toc '>Compartir esta noticia<\/h5><ul class='av-share-box-list noLightbox'><li class='av-share-link av-social-link-facebook' ><a target=\"_blank\" aria-label=\"Compartir en Facebook\" href='https:\/\/www.facebook.com\/sharer.php?u=https:\/\/radiorevelacionfm.cl\/?p=9140&#038;t=Minvu%20anuncia%20apertura%20del%20proceso%20de%20postulaci%C3%B3n%20al%20Subsidio%20para%20la%20Clase%20Media' aria-hidden='false' data-av_icon='\ue8f3' data-av_iconfont='entypo-fontello' title='' data-avia-related-tooltip='Compartir en Facebook' rel=\"noopener\"><span class='avia_hidden_link_text'>Compartir en Facebook<\/span><\/a><\/li><li class='av-share-link av-social-link-twitter' ><a target=\"_blank\" aria-label=\"Compartir en Twitter\" href='https:\/\/twitter.com\/share?text=Minvu%20anuncia%20apertura%20del%20proceso%20de%20postulaci%C3%B3n%20al%20Subsidio%20para%20la%20Clase%20Media&#038;url=https:\/\/radiorevelacionfm.cl\/?p=9140' aria-hidden='false' data-av_icon='\ue8f1' data-av_iconfont='entypo-fontello' title='' data-avia-related-tooltip='Compartir en Twitter' rel=\"noopener\"><span class='avia_hidden_link_text'>Compartir en Twitter<\/span><\/a><\/li><li class='av-share-link av-social-link-whatsapp' ><a target=\"_blank\" aria-label=\"Compartir en Whatsapp\" href='https:\/\/api.whatsapp.com\/send?text=https:\/\/radiorevelacionfm.cl\/?p=9140' aria-hidden='false' data-av_icon='\uf232' data-av_iconfont='entypo-fontello' title='' data-avia-related-tooltip='Compartir en Whatsapp' rel=\"noopener\"><span class='avia_hidden_link_text'>Compartir en Whatsapp<\/span><\/a><\/li><li class='av-share-link av-social-link-linkedin' ><a target=\"_blank\" aria-label=\"Compartir en LinkedIn\" href='https:\/\/linkedin.com\/shareArticle?mini=true&#038;title=Minvu%20anuncia%20apertura%20del%20proceso%20de%20postulaci%C3%B3n%20al%20Subsidio%20para%20la%20Clase%20Media&#038;url=https:\/\/radiorevelacionfm.cl\/?p=9140' aria-hidden='false' data-av_icon='\ue8fc' data-av_iconfont='entypo-fontello' title='' data-avia-related-tooltip='Compartir en LinkedIn' rel=\"noopener\"><span class='avia_hidden_link_text'>Compartir en LinkedIn<\/span><\/a><\/li><li class='av-share-link av-social-link-mail' ><a  aria-label=\"Compartir por correo\" href='mailto:?subject=Minvu%20anuncia%20apertura%20del%20proceso%20de%20postulaci%C3%B3n%20al%20Subsidio%20para%20la%20Clase%20Media&#038;body=https:\/\/radiorevelacionfm.cl\/?p=9140' aria-hidden='false' data-av_icon='\ue805' data-av_iconfont='entypo-fontello' title='' data-avia-related-tooltip='Compartir por correo'><span class='avia_hidden_link_text'>Compartir por correo<\/span><\/a><\/li><\/ul><\/div><\/div>\n<div  style='height:50px' class='hr hr-invisible   avia-builder-el-8  el_after_av_social_share  el_before_av_comments_list '><span class='hr-inner ' ><span class='hr-inner-style'><\/span><\/span><\/div>\n<div  class='av-buildercomment  av-blog-meta-html-info-disabled av-blog-meta-tag-disabled  '><\/div>\n","protected":false},"excerpt":{"rendered":"","protected":false},"author":1,"featured_media":3727,"comment_status":"open","ping_status":"open","sticky":false,"template":"","format":"standard","meta":{"footnotes":""},"categories":[57],"tags":[],"class_list":["post-9140","post","type-post","status-publish","format-standard","has-post-thumbnail","hentry","category-vivienda"],"jetpack_featured_media_url":"https:\/\/radiorevelacionfm.cl\/wp-content\/uploads\/2021\/05\/Subsidio1.jpg","_links":{"self":[{"href":"https:\/\/radiorevelacionfm.cl\/index.php?rest_route=\/wp\/v2\/posts\/9140","targetHints":{"allow":["GET"]}}],"collection":[{"href":"https:\/\/radiorevelacionfm.cl\/index.php?rest_route=\/wp\/v2\/posts"}],"about":[{"href":"https:\/\/radiorevelacionfm.cl\/index.php?rest_route=\/wp\/v2\/types\/post"}],"author":[{"embeddable":true,"href":"https:\/\/radiorevelacionfm.cl\/index.php?rest_route=\/wp\/v2\/users\/1"}],"replies":[{"embeddable":true,"href":"https:\/\/radiorevelacionfm.cl\/index.php?rest_route=%2Fwp%2Fv2%2Fcomments&post=9140"}],"version-history":[{"count":1,"href":"https:\/\/radiorevelacionfm.cl\/index.php?rest_route=\/wp\/v2\/posts\/9140\/revisions"}],"predecessor-version":[{"id":9141,"href":"https:\/\/radiorevelacionfm.cl\/index.php?rest_route=\/wp\/v2\/posts\/9140\/revisions\/9141"}],"wp:featuredmedia":[{"embeddable":true,"href":"https:\/\/radiorevelacionfm.cl\/index.php?rest_route=\/wp\/v2\/media\/3727"}],"wp:attachment":[{"href":"https:\/\/radiorevelacionfm.cl\/index.php?rest_route=%2Fwp%2Fv2%2Fmedia&parent=9140"}],"wp:term":[{"taxonomy":"category","embeddable":true,"href":"https:\/\/radiorevelacionfm.cl\/index.php?rest_route=%2Fwp%2Fv2%2Fcategories&post=9140"},{"taxonomy":"post_tag","embeddable":true,"href":"https:\/\/radiorevelacionfm.cl\/index.php?rest_route=%2Fwp%2Fv2%2Ftags&post=9140"}],"curies":[{"name":"wp","href":"https:\/\/api.w.org\/{rel}","templated":true}]}}