{"id":9132,"date":"2021-09-30T11:57:30","date_gmt":"2021-09-30T14:57:30","guid":{"rendered":"https:\/\/radiorevelacionfm.cl\/?p=9132"},"modified":"2021-09-30T11:57:30","modified_gmt":"2021-09-30T14:57:30","slug":"investigacion-destaca-las-potencialidades-de-la-energia-eolica-sobre-el-mar-chileno","status":"publish","type":"post","link":"https:\/\/radiorevelacionfm.cl\/?p=9132","title":{"rendered":"Investigaci\u00f3n destaca las potencialidades de la energ\u00eda e\u00f3lica sobre el mar chileno"},"content":{"rendered":"<div class=\"flex_column av_one_full  flex_column_div av-zero-column-padding first  avia-builder-el-0  el_before_av_one_full  avia-builder-el-first  \" style='border-radius:0px; '><div  class='avia-image-container  av-styling-    avia-builder-el-1  avia-builder-el-no-sibling  avia-align-center '  itemprop=\"image\" itemscope=\"itemscope\" itemtype=\"https:\/\/schema.org\/ImageObject\"  ><div class='avia-image-container-inner'><div class='avia-image-overlay-wrap'><img decoding=\"async\" class='wp-image-9133 avia-img-lazy-loading-not-9133 avia_image' src=\"https:\/\/radiorevelacionfm.cl\/wp-content\/uploads\/2021\/09\/Foto-2-3-1-1.jpg\" alt='' title='Foto 2 (3) (1) (1)' height=\"600\" width=\"800\"  itemprop=\"thumbnailUrl\" srcset=\"https:\/\/radiorevelacionfm.cl\/wp-content\/uploads\/2021\/09\/Foto-2-3-1-1.jpg 800w, https:\/\/radiorevelacionfm.cl\/wp-content\/uploads\/2021\/09\/Foto-2-3-1-1-300x225.jpg 300w, https:\/\/radiorevelacionfm.cl\/wp-content\/uploads\/2021\/09\/Foto-2-3-1-1-768x576.jpg 768w, https:\/\/radiorevelacionfm.cl\/wp-content\/uploads\/2021\/09\/Foto-2-3-1-1-705x529.jpg 705w, https:\/\/radiorevelacionfm.cl\/wp-content\/uploads\/2021\/09\/Foto-2-3-1-1-600x450.jpg 600w\" sizes=\"(max-width: 800px) 100vw, 800px\" \/><\/div><\/div><\/div><\/div><div class=\"flex_column av_one_full  flex_column_div av-zero-column-padding first  avia-builder-el-2  el_after_av_one_full  el_before_av_one_full  column-top-margin\" style='border-radius:0px; '><section class=\"av_textblock_section \"  itemscope=\"itemscope\" itemtype=\"https:\/\/schema.org\/BlogPosting\" itemprop=\"blogPost\" ><div class='avia_textblock  '   itemprop=\"text\" ><p style=\"text-align: center;\"><strong><span style=\"font-size: 18pt;\">Investigaci\u00f3n destaca las potencialidades de la energ\u00eda e\u00f3lica sobre el mar chileno<\/span><\/strong><\/p>\n<div id=\"gtx-trans\" style=\"position: absolute; left: -50px; top: 4.31534px;\">\n<div class=\"gtx-trans-icon\"><\/div>\n<\/div>\n<\/div><\/section><\/div><div class=\"flex_column av_one_full  flex_column_div av-zero-column-padding first  avia-builder-el-4  el_after_av_one_full  el_before_av_hr  column-top-margin\" style='border-radius:0px; '><section class=\"av_textblock_section \"  itemscope=\"itemscope\" itemtype=\"https:\/\/schema.org\/BlogPosting\" itemprop=\"blogPost\" ><div class='avia_textblock  '   itemprop=\"text\" ><p style=\"text-align: justify;\">El mar frente a la costa de Chile no s\u00f3lo tiene potencial energ\u00e9tico en sus olas y mareas, sino tambi\u00e9n en una posibilidad a\u00fan no explotada pero de altas capacidades y bajos costos comparativos: la energ\u00eda e\u00f3lica marina, la instalaci\u00f3n de parques e\u00f3licos para captar la energ\u00eda del viento sobre las aguas del oc\u00e9ano. As\u00ed lo se\u00f1ala el investigador Cristian Mattar Bader, integrante del Laboratorio de Geociencias de la Universidad de Ays\u00e9n, en su estudio \u201cClimatolog\u00eda de Vientos de Superficie para el An\u00e1lisis de Energ\u00eda Marina en la Patagonia Occidental\u201d.<\/p>\n<p style=\"text-align: justify;\">La diferencia entre la energ\u00eda e\u00f3lica instalada en tierra respecto de la ubicada sobre el mar, de manera flotante, es que en este \u00faltimo caso hay menos competencia y conflictos sociales, adem\u00e1s de que se pueden construir parques e\u00f3licos de mayor potencia que los terrestres, explic\u00f3 el cient\u00edfico.<\/p>\n<p style=\"text-align: justify;\">En el plano financiero, el estudio identific\u00f3 un rango de costos o viabilidad econ\u00f3mica para este desarrollo energ\u00e9tico en la costa chilena hasta 2054, destacando sus estimaciones de entre 24 a 2.000 USD\/MWh (megawatt hora) para el llamado Costo Nivelado de Energ\u00eda, donde el 80% del mar chileno presenta resultados favorables.<\/p>\n<p style=\"text-align: justify;\">La investigaci\u00f3n financiada por Fondecyt identifica c\u00f3mo los precios futuros se asocian con los escenarios clim\u00e1ticos respecto de la explotaci\u00f3n de energ\u00eda e\u00f3lica marina, se\u00f1alando por ejemplo que la mayor parte de la zona norte de Chile tendr\u00e1 al a\u00f1o 2054 un potencial e\u00f3lico mayor que el actual. Lo que genera un promisorio escenario futuro considerando que, adem\u00e1s, \u201cexiste nueva tecnolog\u00eda que a\u00f1o tras a\u00f1o va minimizando los costos de instalaci\u00f3n que son cr\u00edticos en el inicio de un proyecto\u201d, destac\u00f3 el doctor en f\u00edsica del medio ambiente y termodin\u00e1mica.<\/p>\n<p style=\"text-align: justify;\">\u00bfPero es necesaria la energ\u00eda e\u00f3lica marina? En el contexto de la crisis clim\u00e1tica actual, destacada hace algunas semanas por el panel mundial intergubernamental de expertos, m\u00e1s los intentos de descarbonizaci\u00f3n del pa\u00eds, esta potencialidad puede ser clave para avanzar en reducir las emisiones de gases de efecto invernadero a la atm\u00f3sfera. Ello ha significado la propuesta nacional de metas como alcanzar un 20% de generaci\u00f3n de energ\u00eda el\u00e9ctrica renovable para 2025 o de lograr un 70% de generaci\u00f3n por fuentes renovables para 2050. Incluso, en el plano econ\u00f3mico, como se\u00f1ala la investigaci\u00f3n, \u201cla energ\u00eda e\u00f3lica marina que se encuentra sin explotar como fuente de energ\u00eda, en el actual paradigma energ\u00e9tico de la costa chilena, supera las demandas actuales del mercado nacional y es bastante competitiva en comparaci\u00f3n con el precio medio del mercado\u201d.<\/p>\n<p style=\"text-align: justify;\">En tanto, la demanda de energ\u00eda en Chile sigue aumentando. La Comisi\u00f3n Nacional de Energ\u00eda informa que, en 2019, el pa\u00eds ten\u00eda una capacidad instalada de casi 25,3 GW, de los cuales 5 GW correspond\u00edan a generaci\u00f3n e\u00f3lica o solar; mientras que para los pr\u00f3ximos 20 a\u00f1os se espera un aumento constante en la demanda de energ\u00eda, pasando de 71,6 GWH en 2019 a 108,9 GWh en 2039, equivalente a una tasa anual de unos 1,95 GWh por a\u00f1o.<\/p>\n<p style=\"text-align: justify;\">Sin embargo, a\u00fan no existen proyectos e\u00f3licos marinos en Chile.<\/p>\n<p style=\"text-align: justify;\">Las razones las da el propio cient\u00edfico, que ya ha generado varios art\u00edculos o papers de difusi\u00f3n: probablemente se deba al marco legal actual, al per\u00edodo de recuperaci\u00f3n de la inversi\u00f3n, a la carencia de datos locales y no s\u00f3lo extranjeros; y a los costos iniciales de estas inversiones. Ello porque el marco regulatorio chileno carece de incentivos o leyes en materia de energ\u00eda e\u00f3lica marina y de un marco legal transministerial, lo que genera varias duplicaciones en los procesos administrativos. En este \u00e1mbito, la jurisdicci\u00f3n institucional para los proyectos e\u00f3licos marinos recae en los ministerios de Energ\u00eda, Defensa y Econom\u00eda y los marcos legales ambientales.<\/p>\n<p style=\"text-align: justify;\">Y aunque tambi\u00e9n hay algunas incertidumbre en el \u00e1mbito cient\u00edfico, \u00e9stas se pueden ir resolviendo con m\u00e1s investigaci\u00f3n, como por ejemplo respecto del impacto de las condiciones locales sobre un proyecto e\u00f3lico marino, para conocer mejor la capacidad de supervivencia de las turbinas y la viabilidad de sus instalaciones o el desmantelamiento debido a condiciones ambientales extremas.<\/p>\n<p style=\"text-align: justify;\">La investigaci\u00f3n es realizada por Mattar, en conjunto con el doctor en oceanograf\u00eda f\u00edsica y acad\u00e9mico de Geof\u00edsica de la Universidad de Concepci\u00f3n, Andr\u00e9s Sep\u00falveda; el candidato a doctor en Energ\u00edas de la U. de Concepci\u00f3n William L\u00f3pez-Castrill\u00f3n; el ingeniero en recursos naturales renovables Nicol\u00e1s Gonz\u00e1lez Alonso de Linaje; los geof\u00edsicos Jessica Cris\u00f3stomo, N\u00e9stor Soto y Diego Guti\u00e9rrez; y la administrativa Patricia Soto.<\/p>\n<\/div><\/section><\/div><div  style='height:50px' class='hr hr-invisible   avia-builder-el-6  el_after_av_one_full  el_before_av_social_share '><span class='hr-inner ' ><span class='hr-inner-style'><\/span><\/span><\/div><\/p>\n<div  class='av-social-sharing-box  avia-builder-el-7  el_after_av_hr  el_before_av_hr  '><div class='av-share-box'><h5 class='av-share-link-description av-no-toc '>Compartir esta noticia<\/h5><ul class='av-share-box-list noLightbox'><li class='av-share-link av-social-link-facebook' ><a target=\"_blank\" aria-label=\"Compartir en Facebook\" href='https:\/\/www.facebook.com\/sharer.php?u=https:\/\/radiorevelacionfm.cl\/?p=9132&#038;t=Investigaci%C3%B3n%20destaca%20las%20potencialidades%20de%20la%20energ%C3%ADa%20e%C3%B3lica%20sobre%20el%20mar%20chileno' aria-hidden='false' data-av_icon='\ue8f3' data-av_iconfont='entypo-fontello' title='' data-avia-related-tooltip='Compartir en Facebook' rel=\"noopener\"><span class='avia_hidden_link_text'>Compartir en Facebook<\/span><\/a><\/li><li class='av-share-link av-social-link-twitter' ><a target=\"_blank\" aria-label=\"Compartir en Twitter\" href='https:\/\/twitter.com\/share?text=Investigaci%C3%B3n%20destaca%20las%20potencialidades%20de%20la%20energ%C3%ADa%20e%C3%B3lica%20sobre%20el%20mar%20chileno&#038;url=https:\/\/radiorevelacionfm.cl\/?p=9132' aria-hidden='false' data-av_icon='\ue8f1' data-av_iconfont='entypo-fontello' title='' data-avia-related-tooltip='Compartir en Twitter' rel=\"noopener\"><span class='avia_hidden_link_text'>Compartir en Twitter<\/span><\/a><\/li><li class='av-share-link av-social-link-whatsapp' ><a target=\"_blank\" aria-label=\"Compartir en Whatsapp\" href='https:\/\/api.whatsapp.com\/send?text=https:\/\/radiorevelacionfm.cl\/?p=9132' aria-hidden='false' data-av_icon='\uf232' data-av_iconfont='entypo-fontello' title='' data-avia-related-tooltip='Compartir en Whatsapp' rel=\"noopener\"><span class='avia_hidden_link_text'>Compartir en Whatsapp<\/span><\/a><\/li><li class='av-share-link av-social-link-linkedin' ><a target=\"_blank\" aria-label=\"Compartir en LinkedIn\" href='https:\/\/linkedin.com\/shareArticle?mini=true&#038;title=Investigaci%C3%B3n%20destaca%20las%20potencialidades%20de%20la%20energ%C3%ADa%20e%C3%B3lica%20sobre%20el%20mar%20chileno&#038;url=https:\/\/radiorevelacionfm.cl\/?p=9132' aria-hidden='false' data-av_icon='\ue8fc' data-av_iconfont='entypo-fontello' title='' data-avia-related-tooltip='Compartir en LinkedIn' rel=\"noopener\"><span class='avia_hidden_link_text'>Compartir en LinkedIn<\/span><\/a><\/li><li class='av-share-link av-social-link-mail' ><a  aria-label=\"Compartir por correo\" href='mailto:?subject=Investigaci%C3%B3n%20destaca%20las%20potencialidades%20de%20la%20energ%C3%ADa%20e%C3%B3lica%20sobre%20el%20mar%20chileno&#038;body=https:\/\/radiorevelacionfm.cl\/?p=9132' aria-hidden='false' data-av_icon='\ue805' data-av_iconfont='entypo-fontello' title='' data-avia-related-tooltip='Compartir por correo'><span class='avia_hidden_link_text'>Compartir por correo<\/span><\/a><\/li><\/ul><\/div><\/div>\n<div  style='height:50px' class='hr hr-invisible   avia-builder-el-8  el_after_av_social_share  el_before_av_comments_list '><span class='hr-inner ' ><span class='hr-inner-style'><\/span><\/span><\/div>\n<div  class='av-buildercomment  av-blog-meta-html-info-disabled av-blog-meta-tag-disabled  '><\/div>\n","protected":false},"excerpt":{"rendered":"","protected":false},"author":1,"featured_media":9133,"comment_status":"open","ping_status":"open","sticky":false,"template":"","format":"standard","meta":{"footnotes":""},"categories":[53],"tags":[],"class_list":["post-9132","post","type-post","status-publish","format-standard","has-post-thumbnail","hentry","category-ciencia"],"jetpack_featured_media_url":"https:\/\/radiorevelacionfm.cl\/wp-content\/uploads\/2021\/09\/Foto-2-3-1-1.jpg","_links":{"self":[{"href":"https:\/\/radiorevelacionfm.cl\/index.php?rest_route=\/wp\/v2\/posts\/9132","targetHints":{"allow":["GET"]}}],"collection":[{"href":"https:\/\/radiorevelacionfm.cl\/index.php?rest_route=\/wp\/v2\/posts"}],"about":[{"href":"https:\/\/radiorevelacionfm.cl\/index.php?rest_route=\/wp\/v2\/types\/post"}],"author":[{"embeddable":true,"href":"https:\/\/radiorevelacionfm.cl\/index.php?rest_route=\/wp\/v2\/users\/1"}],"replies":[{"embeddable":true,"href":"https:\/\/radiorevelacionfm.cl\/index.php?rest_route=%2Fwp%2Fv2%2Fcomments&post=9132"}],"version-history":[{"count":1,"href":"https:\/\/radiorevelacionfm.cl\/index.php?rest_route=\/wp\/v2\/posts\/9132\/revisions"}],"predecessor-version":[{"id":9134,"href":"https:\/\/radiorevelacionfm.cl\/index.php?rest_route=\/wp\/v2\/posts\/9132\/revisions\/9134"}],"wp:featuredmedia":[{"embeddable":true,"href":"https:\/\/radiorevelacionfm.cl\/index.php?rest_route=\/wp\/v2\/media\/9133"}],"wp:attachment":[{"href":"https:\/\/radiorevelacionfm.cl\/index.php?rest_route=%2Fwp%2Fv2%2Fmedia&parent=9132"}],"wp:term":[{"taxonomy":"category","embeddable":true,"href":"https:\/\/radiorevelacionfm.cl\/index.php?rest_route=%2Fwp%2Fv2%2Fcategories&post=9132"},{"taxonomy":"post_tag","embeddable":true,"href":"https:\/\/radiorevelacionfm.cl\/index.php?rest_route=%2Fwp%2Fv2%2Ftags&post=9132"}],"curies":[{"name":"wp","href":"https:\/\/api.w.org\/{rel}","templated":true}]}}