{"id":9130,"date":"2021-09-29T10:29:59","date_gmt":"2021-09-29T13:29:59","guid":{"rendered":"https:\/\/radiorevelacionfm.cl\/?p=9130"},"modified":"2021-09-29T10:29:59","modified_gmt":"2021-09-29T13:29:59","slug":"calisto-valoro-aprobacion-de-cuarto-retiro-y-critico-a-opositores-del-proyecto-que-retiraron-su-10","status":"publish","type":"post","link":"https:\/\/radiorevelacionfm.cl\/?p=9130","title":{"rendered":"Calisto valor\u00f3 aprobaci\u00f3n de cuarto retiro y critic\u00f3 a opositores del proyecto que retiraron su 10%"},"content":{"rendered":"<div class=\"flex_column av_one_full  flex_column_div av-zero-column-padding first  avia-builder-el-0  el_before_av_one_full  avia-builder-el-first  \" style='border-radius:0px; '><div  class='avia-image-container  av-styling-    avia-builder-el-1  avia-builder-el-no-sibling  avia-align-center '  itemprop=\"image\" itemscope=\"itemscope\" itemtype=\"https:\/\/schema.org\/ImageObject\"  ><div class='avia-image-container-inner'><div class='avia-image-overlay-wrap'><img decoding=\"async\" class='wp-image-5576 avia-img-lazy-loading-not-5576 avia_image' src=\"https:\/\/radiorevelacionfm.cl\/wp-content\/uploads\/2021\/06\/Calisto_0-1.jpg\" alt='' title='Calisto_0 (1)' height=\"600\" width=\"990\"  itemprop=\"thumbnailUrl\" srcset=\"https:\/\/radiorevelacionfm.cl\/wp-content\/uploads\/2021\/06\/Calisto_0-1.jpg 990w, https:\/\/radiorevelacionfm.cl\/wp-content\/uploads\/2021\/06\/Calisto_0-1-300x182.jpg 300w, https:\/\/radiorevelacionfm.cl\/wp-content\/uploads\/2021\/06\/Calisto_0-1-768x465.jpg 768w, https:\/\/radiorevelacionfm.cl\/wp-content\/uploads\/2021\/06\/Calisto_0-1-705x427.jpg 705w, https:\/\/radiorevelacionfm.cl\/wp-content\/uploads\/2021\/06\/Calisto_0-1-600x364.jpg 600w\" sizes=\"(max-width: 990px) 100vw, 990px\" \/><\/div><\/div><\/div><\/div><div class=\"flex_column av_one_full  flex_column_div av-zero-column-padding first  avia-builder-el-2  el_after_av_one_full  el_before_av_one_full  column-top-margin\" style='border-radius:0px; '><section class=\"av_textblock_section \"  itemscope=\"itemscope\" itemtype=\"https:\/\/schema.org\/BlogPosting\" itemprop=\"blogPost\" ><div class='avia_textblock  '   itemprop=\"text\" ><p style=\"text-align: center;\"><strong><span style=\"font-size: 18pt;\">Calisto valor\u00f3 aprobaci\u00f3n de cuarto retiro y critic\u00f3 a opositores del proyecto que retiraron su 10%<\/span><\/strong><\/p>\n<div id=\"gtx-trans\" style=\"position: absolute; left: -50px; top: 4.31534px;\">\n<div class=\"gtx-trans-icon\"><\/div>\n<\/div>\n<\/div><\/section><\/div><div class=\"flex_column av_one_full  flex_column_div av-zero-column-padding first  avia-builder-el-4  el_after_av_one_full  el_before_av_hr  column-top-margin\" style='border-radius:0px; '><section class=\"av_textblock_section \"  itemscope=\"itemscope\" itemtype=\"https:\/\/schema.org\/BlogPosting\" itemprop=\"blogPost\" ><div class='avia_textblock  '   itemprop=\"text\" ><p style=\"font-weight: 400; text-align: justify;\">Con voto a favor del diputado Miguel \u00c1ngel Calisto, la C\u00e1mara de Diputados aprob\u00f3 el proyecto que permite un cuarto retiro de un 10% de los ahorros previsionales, iniciativa que a juicio del parlamentario \u201ces una gran ayuda para muchas familias\u201d y que ahora deber\u00e1 ser discutida por el Senado.<\/p>\n<p style=\"font-weight: 400; text-align: justify;\">Seg\u00fan el diputado, \u201chemos visto la preocupaci\u00f3n y angustia de muchas familias de clase media que est\u00e1n esperando un respiro y poder echar mano a sus propios ahorros a trav\u00e9s de un cuarto retiro. Yo vot\u00e9 a favor en la comisi\u00f3n de Constituci\u00f3n, me toc\u00f3 ser el voto dirimente para abrir la discusi\u00f3n, y hoy ratifiqu\u00e9 mi voto a favor de esta iniciativa, porque se la importancia que tiene para mucha gente que lo ha pasado mal\u201d.<\/p>\n<p style=\"font-weight: 400; text-align: justify;\">Con respecto a las \u00faltimas informaciones que dan cuenta del retiro de sus fondos por parte de ministros y otras figuras de derecha, el legislador se\u00f1al\u00f3 que \u201cllama la atenci\u00f3n que algunas personas del Gobierno y de la Derecha, siendo tan contrarios a los retiros, hayan retirado sus dineros. Evidentemente no existe una coherencia entre lo que dicen y lo que hacen. Es muy importante que en pol\u00edtica exista esa coherencia\u201d.<\/p>\n<p style=\"font-weight: 400; text-align: justify;\">\u201cNosotros hemos dicho que los retiros son una forma de ayudar a las familias chilenas. No es la mejor pol\u00edtica p\u00fablica, pero se entiende que todav\u00eda estamos viviendo las consecuencias de una pandemia, donde ha quedado mucha gente sin trabajo, a muchos peque\u00f1os emprendimientos quebrados, por lo que el acceso a estos dineros pueden ser una ayuda fundamental\u201d, indic\u00f3.<\/p>\n<p style=\"font-weight: 400; text-align: justify;\">Finalmente, y con respecto a la tramitaci\u00f3n del proyecto, el diputado Miguel \u00c1ngel Calisto asegur\u00f3 que \u201cespero que este proyecto siga avanzando, tanto en la comisi\u00f3n de Constituci\u00f3n del Senado como en la sala. Espero que en estas \u00faltimas semanas los Senadores hayan podido tantear las necesidades de las personas en sus regiones, porque est\u00e1 claro que es mucha la gente que lo necesita\u201d.<\/p>\n<\/div><\/section><\/div><div  style='height:50px' class='hr hr-invisible   avia-builder-el-6  el_after_av_one_full  el_before_av_social_share '><span class='hr-inner ' ><span class='hr-inner-style'><\/span><\/span><\/div><\/p>\n<div  class='av-social-sharing-box  avia-builder-el-7  el_after_av_hr  el_before_av_hr  '><div class='av-share-box'><h5 class='av-share-link-description av-no-toc '>Compartir esta noticia<\/h5><ul class='av-share-box-list noLightbox'><li class='av-share-link av-social-link-facebook' ><a target=\"_blank\" aria-label=\"Compartir en Facebook\" href='https:\/\/www.facebook.com\/sharer.php?u=https:\/\/radiorevelacionfm.cl\/?p=9130&#038;t=Calisto%20valor%C3%B3%20aprobaci%C3%B3n%20de%20cuarto%20retiro%20y%20critic%C3%B3%20a%20opositores%20del%20proyecto%20que%20retiraron%20su%2010%25' aria-hidden='false' data-av_icon='\ue8f3' data-av_iconfont='entypo-fontello' title='' data-avia-related-tooltip='Compartir en Facebook' rel=\"noopener\"><span class='avia_hidden_link_text'>Compartir en Facebook<\/span><\/a><\/li><li class='av-share-link av-social-link-twitter' ><a target=\"_blank\" aria-label=\"Compartir en Twitter\" href='https:\/\/twitter.com\/share?text=Calisto%20valor%C3%B3%20aprobaci%C3%B3n%20de%20cuarto%20retiro%20y%20critic%C3%B3%20a%20opositores%20del%20proyecto%20que%20retiraron%20su%2010%25&#038;url=https:\/\/radiorevelacionfm.cl\/?p=9130' aria-hidden='false' data-av_icon='\ue8f1' data-av_iconfont='entypo-fontello' title='' data-avia-related-tooltip='Compartir en Twitter' rel=\"noopener\"><span class='avia_hidden_link_text'>Compartir en Twitter<\/span><\/a><\/li><li class='av-share-link av-social-link-whatsapp' ><a target=\"_blank\" aria-label=\"Compartir en Whatsapp\" href='https:\/\/api.whatsapp.com\/send?text=https:\/\/radiorevelacionfm.cl\/?p=9130' aria-hidden='false' data-av_icon='\uf232' data-av_iconfont='entypo-fontello' title='' data-avia-related-tooltip='Compartir en Whatsapp' rel=\"noopener\"><span class='avia_hidden_link_text'>Compartir en Whatsapp<\/span><\/a><\/li><li class='av-share-link av-social-link-linkedin' ><a target=\"_blank\" aria-label=\"Compartir en LinkedIn\" href='https:\/\/linkedin.com\/shareArticle?mini=true&#038;title=Calisto%20valor%C3%B3%20aprobaci%C3%B3n%20de%20cuarto%20retiro%20y%20critic%C3%B3%20a%20opositores%20del%20proyecto%20que%20retiraron%20su%2010%25&#038;url=https:\/\/radiorevelacionfm.cl\/?p=9130' aria-hidden='false' data-av_icon='\ue8fc' data-av_iconfont='entypo-fontello' title='' data-avia-related-tooltip='Compartir en LinkedIn' rel=\"noopener\"><span class='avia_hidden_link_text'>Compartir en LinkedIn<\/span><\/a><\/li><li class='av-share-link av-social-link-mail' ><a  aria-label=\"Compartir por correo\" href='mailto:?subject=Calisto%20valor%C3%B3%20aprobaci%C3%B3n%20de%20cuarto%20retiro%20y%20critic%C3%B3%20a%20opositores%20del%20proyecto%20que%20retiraron%20su%2010%25&#038;body=https:\/\/radiorevelacionfm.cl\/?p=9130' aria-hidden='false' data-av_icon='\ue805' data-av_iconfont='entypo-fontello' title='' data-avia-related-tooltip='Compartir por correo'><span class='avia_hidden_link_text'>Compartir por correo<\/span><\/a><\/li><\/ul><\/div><\/div>\n<div  style='height:50px' class='hr hr-invisible   avia-builder-el-8  el_after_av_social_share  el_before_av_comments_list '><span class='hr-inner ' ><span class='hr-inner-style'><\/span><\/span><\/div>\n<div  class='av-buildercomment  av-blog-meta-html-info-disabled av-blog-meta-tag-disabled  '><\/div>\n","protected":false},"excerpt":{"rendered":"","protected":false},"author":1,"featured_media":5576,"comment_status":"open","ping_status":"open","sticky":false,"template":"","format":"standard","meta":{"footnotes":""},"categories":[35],"tags":[],"class_list":["post-9130","post","type-post","status-publish","format-standard","has-post-thumbnail","hentry","category-politica"],"jetpack_featured_media_url":"https:\/\/radiorevelacionfm.cl\/wp-content\/uploads\/2021\/06\/Calisto_0-1.jpg","_links":{"self":[{"href":"https:\/\/radiorevelacionfm.cl\/index.php?rest_route=\/wp\/v2\/posts\/9130","targetHints":{"allow":["GET"]}}],"collection":[{"href":"https:\/\/radiorevelacionfm.cl\/index.php?rest_route=\/wp\/v2\/posts"}],"about":[{"href":"https:\/\/radiorevelacionfm.cl\/index.php?rest_route=\/wp\/v2\/types\/post"}],"author":[{"embeddable":true,"href":"https:\/\/radiorevelacionfm.cl\/index.php?rest_route=\/wp\/v2\/users\/1"}],"replies":[{"embeddable":true,"href":"https:\/\/radiorevelacionfm.cl\/index.php?rest_route=%2Fwp%2Fv2%2Fcomments&post=9130"}],"version-history":[{"count":1,"href":"https:\/\/radiorevelacionfm.cl\/index.php?rest_route=\/wp\/v2\/posts\/9130\/revisions"}],"predecessor-version":[{"id":9131,"href":"https:\/\/radiorevelacionfm.cl\/index.php?rest_route=\/wp\/v2\/posts\/9130\/revisions\/9131"}],"wp:featuredmedia":[{"embeddable":true,"href":"https:\/\/radiorevelacionfm.cl\/index.php?rest_route=\/wp\/v2\/media\/5576"}],"wp:attachment":[{"href":"https:\/\/radiorevelacionfm.cl\/index.php?rest_route=%2Fwp%2Fv2%2Fmedia&parent=9130"}],"wp:term":[{"taxonomy":"category","embeddable":true,"href":"https:\/\/radiorevelacionfm.cl\/index.php?rest_route=%2Fwp%2Fv2%2Fcategories&post=9130"},{"taxonomy":"post_tag","embeddable":true,"href":"https:\/\/radiorevelacionfm.cl\/index.php?rest_route=%2Fwp%2Fv2%2Ftags&post=9130"}],"curies":[{"name":"wp","href":"https:\/\/api.w.org\/{rel}","templated":true}]}}