{"id":9127,"date":"2021-09-29T10:10:56","date_gmt":"2021-09-29T13:10:56","guid":{"rendered":"https:\/\/radiorevelacionfm.cl\/?p=9127"},"modified":"2021-09-29T10:10:56","modified_gmt":"2021-09-29T13:10:56","slug":"cicletada-por-la-seguridad-congrego-a-vecinos-de-todas-las-edades-en-puerto-aysen","status":"publish","type":"post","link":"https:\/\/radiorevelacionfm.cl\/?p=9127","title":{"rendered":"Cicletada por la Seguridad congreg\u00f3 a vecinos de todas las edades en Puerto Ays\u00e9n"},"content":{"rendered":"<div class=\"flex_column av_one_full  flex_column_div av-zero-column-padding first  avia-builder-el-0  el_before_av_one_full  avia-builder-el-first  \" style='border-radius:0px; '><div  class='avia-image-container  av-styling-    avia-builder-el-1  avia-builder-el-no-sibling  avia-align-center '  itemprop=\"image\" itemscope=\"itemscope\" itemtype=\"https:\/\/schema.org\/ImageObject\"  ><div class='avia-image-container-inner'><div class='avia-image-overlay-wrap'><img decoding=\"async\" class='wp-image-9128 avia-img-lazy-loading-not-9128 avia_image' src=\"https:\/\/radiorevelacionfm.cl\/wp-content\/uploads\/2021\/09\/senda1-1.jpeg\" alt='' title='senda1 (1)' height=\"600\" width=\"800\"  itemprop=\"thumbnailUrl\" srcset=\"https:\/\/radiorevelacionfm.cl\/wp-content\/uploads\/2021\/09\/senda1-1.jpeg 800w, https:\/\/radiorevelacionfm.cl\/wp-content\/uploads\/2021\/09\/senda1-1-300x225.jpeg 300w, https:\/\/radiorevelacionfm.cl\/wp-content\/uploads\/2021\/09\/senda1-1-768x576.jpeg 768w, https:\/\/radiorevelacionfm.cl\/wp-content\/uploads\/2021\/09\/senda1-1-705x529.jpeg 705w, https:\/\/radiorevelacionfm.cl\/wp-content\/uploads\/2021\/09\/senda1-1-600x450.jpeg 600w\" sizes=\"(max-width: 800px) 100vw, 800px\" \/><\/div><\/div><\/div><\/div><div class=\"flex_column av_one_full  flex_column_div av-zero-column-padding first  avia-builder-el-2  el_after_av_one_full  el_before_av_one_full  column-top-margin\" style='border-radius:0px; '><section class=\"av_textblock_section \"  itemscope=\"itemscope\" itemtype=\"https:\/\/schema.org\/BlogPosting\" itemprop=\"blogPost\" ><div class='avia_textblock  '   itemprop=\"text\" ><p style=\"text-align: center;\"><strong><span style=\"font-size: 18pt;\">Cicletada por la Seguridad congreg\u00f3 a vecinos de todas las edades en Puerto Ays\u00e9n<\/span><\/strong><\/p>\n<div id=\"gtx-trans\" style=\"position: absolute; left: -50px; top: 4.31534px;\">\n<div class=\"gtx-trans-icon\"><\/div>\n<\/div>\n<\/div><\/section><\/div><div class=\"flex_column av_one_full  flex_column_div av-zero-column-padding first  avia-builder-el-4  el_after_av_one_full  el_before_av_hr  column-top-margin\" style='border-radius:0px; '><section class=\"av_textblock_section \"  itemscope=\"itemscope\" itemtype=\"https:\/\/schema.org\/BlogPosting\" itemprop=\"blogPost\" ><div class='avia_textblock  '   itemprop=\"text\" ><p style=\"font-weight: 400; text-align: justify;\">Con motivo de generar instancias de autocuidado y crear factores protectores en la poblaci\u00f3n aysenina, la Ilustre Municipalidad de Ays\u00e9n, a trav\u00e9s de la ejecuci\u00f3n que realiza del programa Senda Previene, convoc\u00f3 a cerca de 50 ciclistas de las m\u00e1s variadas edades a participar en la actividad denominada, \u201cCicletada por la seguridad\u201d. Jornada que cont\u00f3 con la colaboraci\u00f3n de Club de Ciclismo y permiti\u00f3 a los asistentes recorrer las principales calles y avenidas del sector c\u00e9ntrico de la capital comunal de Ays\u00e9n.<\/p>\n<p style=\"font-weight: 400; text-align: justify;\">Para Marcos Co\u00f1uecar, jefe de Gabinete del municipio aysenino, destac\u00f3 que, \u201cestamos muy contentos por todas las familias que asistieron, ya que nuestro alcalde Julio Uribe nos ha pedido que sigamos trabajando junto a la gente y esta cicletada, se suma a las actividades culturales y deportivas que hemos estado desarrollando.<\/p>\n<p style=\"font-weight: 400; text-align: justify;\">Enfatiz\u00f3, que el objetivo de estos encuentros es transmitir a los j\u00f3venes la importancia del autocuidado. \u201cLa prevenci\u00f3n es fundamental para no caer en el consumo de alcohol y drogas\u201d expres\u00f3.<\/p>\n<p style=\"font-weight: 400; text-align: justify;\">En ese sentido, Manuel Vera, encargado comunal del programa Senda Previene, realz\u00f3 la generaci\u00f3n de estos espacios como una instancia de prevenci\u00f3n entorno al consumo de alcohol y otras drogas. \u201cHacemos un balance muy positivo, porque fueron cerca de 50 participantes, que no tuvieron miedo a salir y recorrer las calles por el clima. Afortunadamente tuvimos un d\u00eda realmente hermoso\u201d. Con ello tambi\u00e9n, el personero municipal, agradeci\u00f3 el apoyo recibido por el Club de Ciclismo de Ays\u00e9n, Carabineros y Bomberos para llevar adelante esta instancia.<\/p>\n<p style=\"font-weight: 400; text-align: justify;\">Finalmente, el presidente del Club de Ciclismo de Puerto Ays\u00e9n, Jorge Oyarz\u00fan, enfatiz\u00f3 la motivaci\u00f3n que tuvieron al asistir los ni\u00f1os y ni\u00f1as tan peque\u00f1os con sus mam\u00e1s y pap\u00e1s.<\/p>\n<p style=\"font-weight: 400; text-align: justify;\">\u201cEsta alta asistencia nos deja muy motivados para seguir apoyando estas actividades y hacer otras jornadas familiares y competitivas\u201d, puntualiz\u00f3 el deportista aysenino.<\/p>\n<\/div><\/section><\/div><div  style='height:50px' class='hr hr-invisible   avia-builder-el-6  el_after_av_one_full  el_before_av_social_share '><span class='hr-inner ' ><span class='hr-inner-style'><\/span><\/span><\/div><\/p>\n<div  class='av-social-sharing-box  avia-builder-el-7  el_after_av_hr  el_before_av_hr  '><div class='av-share-box'><h5 class='av-share-link-description av-no-toc '>Compartir esta noticia<\/h5><ul class='av-share-box-list noLightbox'><li class='av-share-link av-social-link-facebook' ><a target=\"_blank\" aria-label=\"Compartir en Facebook\" href='https:\/\/www.facebook.com\/sharer.php?u=https:\/\/radiorevelacionfm.cl\/?p=9127&#038;t=Cicletada%20por%20la%20Seguridad%20congreg%C3%B3%20a%20vecinos%20de%20todas%20las%20edades%20en%20Puerto%20Ays%C3%A9n' aria-hidden='false' data-av_icon='\ue8f3' data-av_iconfont='entypo-fontello' title='' data-avia-related-tooltip='Compartir en Facebook' rel=\"noopener\"><span class='avia_hidden_link_text'>Compartir en Facebook<\/span><\/a><\/li><li class='av-share-link av-social-link-twitter' ><a target=\"_blank\" aria-label=\"Compartir en Twitter\" href='https:\/\/twitter.com\/share?text=Cicletada%20por%20la%20Seguridad%20congreg%C3%B3%20a%20vecinos%20de%20todas%20las%20edades%20en%20Puerto%20Ays%C3%A9n&#038;url=https:\/\/radiorevelacionfm.cl\/?p=9127' aria-hidden='false' data-av_icon='\ue8f1' data-av_iconfont='entypo-fontello' title='' data-avia-related-tooltip='Compartir en Twitter' rel=\"noopener\"><span class='avia_hidden_link_text'>Compartir en Twitter<\/span><\/a><\/li><li class='av-share-link av-social-link-whatsapp' ><a target=\"_blank\" aria-label=\"Compartir en Whatsapp\" href='https:\/\/api.whatsapp.com\/send?text=https:\/\/radiorevelacionfm.cl\/?p=9127' aria-hidden='false' data-av_icon='\uf232' data-av_iconfont='entypo-fontello' title='' data-avia-related-tooltip='Compartir en Whatsapp' rel=\"noopener\"><span class='avia_hidden_link_text'>Compartir en Whatsapp<\/span><\/a><\/li><li class='av-share-link av-social-link-linkedin' ><a target=\"_blank\" aria-label=\"Compartir en LinkedIn\" href='https:\/\/linkedin.com\/shareArticle?mini=true&#038;title=Cicletada%20por%20la%20Seguridad%20congreg%C3%B3%20a%20vecinos%20de%20todas%20las%20edades%20en%20Puerto%20Ays%C3%A9n&#038;url=https:\/\/radiorevelacionfm.cl\/?p=9127' aria-hidden='false' data-av_icon='\ue8fc' data-av_iconfont='entypo-fontello' title='' data-avia-related-tooltip='Compartir en LinkedIn' rel=\"noopener\"><span class='avia_hidden_link_text'>Compartir en LinkedIn<\/span><\/a><\/li><li class='av-share-link av-social-link-mail' ><a  aria-label=\"Compartir por correo\" href='mailto:?subject=Cicletada%20por%20la%20Seguridad%20congreg%C3%B3%20a%20vecinos%20de%20todas%20las%20edades%20en%20Puerto%20Ays%C3%A9n&#038;body=https:\/\/radiorevelacionfm.cl\/?p=9127' aria-hidden='false' data-av_icon='\ue805' data-av_iconfont='entypo-fontello' title='' data-avia-related-tooltip='Compartir por correo'><span class='avia_hidden_link_text'>Compartir por correo<\/span><\/a><\/li><\/ul><\/div><\/div>\n<div  style='height:50px' class='hr hr-invisible   avia-builder-el-8  el_after_av_social_share  el_before_av_comments_list '><span class='hr-inner ' ><span class='hr-inner-style'><\/span><\/span><\/div>\n<div  class='av-buildercomment  av-blog-meta-html-info-disabled av-blog-meta-tag-disabled  '><\/div>\n","protected":false},"excerpt":{"rendered":"","protected":false},"author":1,"featured_media":9128,"comment_status":"open","ping_status":"open","sticky":false,"template":"","format":"standard","meta":{"footnotes":""},"categories":[38],"tags":[],"class_list":["post-9127","post","type-post","status-publish","format-standard","has-post-thumbnail","hentry","category-regional"],"jetpack_featured_media_url":"https:\/\/radiorevelacionfm.cl\/wp-content\/uploads\/2021\/09\/senda1-1.jpeg","_links":{"self":[{"href":"https:\/\/radiorevelacionfm.cl\/index.php?rest_route=\/wp\/v2\/posts\/9127","targetHints":{"allow":["GET"]}}],"collection":[{"href":"https:\/\/radiorevelacionfm.cl\/index.php?rest_route=\/wp\/v2\/posts"}],"about":[{"href":"https:\/\/radiorevelacionfm.cl\/index.php?rest_route=\/wp\/v2\/types\/post"}],"author":[{"embeddable":true,"href":"https:\/\/radiorevelacionfm.cl\/index.php?rest_route=\/wp\/v2\/users\/1"}],"replies":[{"embeddable":true,"href":"https:\/\/radiorevelacionfm.cl\/index.php?rest_route=%2Fwp%2Fv2%2Fcomments&post=9127"}],"version-history":[{"count":1,"href":"https:\/\/radiorevelacionfm.cl\/index.php?rest_route=\/wp\/v2\/posts\/9127\/revisions"}],"predecessor-version":[{"id":9129,"href":"https:\/\/radiorevelacionfm.cl\/index.php?rest_route=\/wp\/v2\/posts\/9127\/revisions\/9129"}],"wp:featuredmedia":[{"embeddable":true,"href":"https:\/\/radiorevelacionfm.cl\/index.php?rest_route=\/wp\/v2\/media\/9128"}],"wp:attachment":[{"href":"https:\/\/radiorevelacionfm.cl\/index.php?rest_route=%2Fwp%2Fv2%2Fmedia&parent=9127"}],"wp:term":[{"taxonomy":"category","embeddable":true,"href":"https:\/\/radiorevelacionfm.cl\/index.php?rest_route=%2Fwp%2Fv2%2Fcategories&post=9127"},{"taxonomy":"post_tag","embeddable":true,"href":"https:\/\/radiorevelacionfm.cl\/index.php?rest_route=%2Fwp%2Fv2%2Ftags&post=9127"}],"curies":[{"name":"wp","href":"https:\/\/api.w.org\/{rel}","templated":true}]}}