{"id":9097,"date":"2021-09-28T10:37:05","date_gmt":"2021-09-28T13:37:05","guid":{"rendered":"https:\/\/radiorevelacionfm.cl\/?p=9097"},"modified":"2021-09-28T10:37:05","modified_gmt":"2021-09-28T13:37:05","slug":"servicio-mejor-ninez-tribunales-de-familia-de-la-jurisdiccion-coyhaique-se-preparan-para-entrada-en-vigencia-de-nueva-ley","status":"publish","type":"post","link":"https:\/\/radiorevelacionfm.cl\/?p=9097","title":{"rendered":"Servicio Mejor Ni\u00f1ez: Tribunales de familia de la jurisdicci\u00f3n Coyhaique se preparan para entrada en vigencia de nueva ley"},"content":{"rendered":"<div class=\"flex_column av_one_full  flex_column_div av-zero-column-padding first  avia-builder-el-0  el_before_av_one_full  avia-builder-el-first  \" style='border-radius:0px; '><div  class='avia-image-container  av-styling-    avia-builder-el-1  avia-builder-el-no-sibling  avia-align-center '  itemprop=\"image\" itemscope=\"itemscope\" itemtype=\"https:\/\/schema.org\/ImageObject\"  ><div class='avia-image-container-inner'><div class='avia-image-overlay-wrap'><img decoding=\"async\" class='wp-image-9098 avia-img-lazy-loading-not-9098 avia_image' src=\"https:\/\/radiorevelacionfm.cl\/wp-content\/uploads\/2021\/09\/capacitacion-coyhaique-1_optimized.jpg\" alt='' title='capacitacion-coyhaique-(1)_optimized' height=\"600\" width=\"987\"  itemprop=\"thumbnailUrl\" srcset=\"https:\/\/radiorevelacionfm.cl\/wp-content\/uploads\/2021\/09\/capacitacion-coyhaique-1_optimized.jpg 987w, https:\/\/radiorevelacionfm.cl\/wp-content\/uploads\/2021\/09\/capacitacion-coyhaique-1_optimized-300x182.jpg 300w, https:\/\/radiorevelacionfm.cl\/wp-content\/uploads\/2021\/09\/capacitacion-coyhaique-1_optimized-768x467.jpg 768w, https:\/\/radiorevelacionfm.cl\/wp-content\/uploads\/2021\/09\/capacitacion-coyhaique-1_optimized-705x429.jpg 705w, https:\/\/radiorevelacionfm.cl\/wp-content\/uploads\/2021\/09\/capacitacion-coyhaique-1_optimized-600x365.jpg 600w\" sizes=\"(max-width: 987px) 100vw, 987px\" \/><\/div><\/div><\/div><\/div><div class=\"flex_column av_one_full  flex_column_div av-zero-column-padding first  avia-builder-el-2  el_after_av_one_full  el_before_av_one_full  column-top-margin\" style='border-radius:0px; '><section class=\"av_textblock_section \"  itemscope=\"itemscope\" itemtype=\"https:\/\/schema.org\/BlogPosting\" itemprop=\"blogPost\" ><div class='avia_textblock  '   itemprop=\"text\" ><p style=\"text-align: center;\"><strong><span style=\"font-size: 18pt;\">Servicio Mejor Ni\u00f1ez: Tribunales de Familia de la jurisdicci\u00f3n Coyhaique se preparan para entrada en vigencia de nueva ley<\/span><\/strong><\/p>\n<div id=\"gtx-trans\" style=\"position: absolute; left: -50px; top: 4.31534px;\">\n<div class=\"gtx-trans-icon\"><\/div>\n<\/div>\n<\/div><\/section><\/div><div class=\"flex_column av_one_full  flex_column_div av-zero-column-padding first  avia-builder-el-4  el_after_av_one_full  el_before_av_hr  column-top-margin\" style='border-radius:0px; '><section class=\"av_textblock_section \"  itemscope=\"itemscope\" itemtype=\"https:\/\/schema.org\/BlogPosting\" itemprop=\"blogPost\" ><div class='avia_textblock  '   itemprop=\"text\" ><p class=\"v1MsoNormal\" style=\"text-align: justify;\">Los funcionarios de la jurisdicci\u00f3n Coyhaique que trabajan en el \u00e1mbito de Familia participaron de una capacitaci\u00f3n de car\u00e1cter t\u00e9cnico respecto de la implementaci\u00f3n de la Ley 21.302, que crea el Servicio Nacional de Protecci\u00f3n Especializada a la Ni\u00f1ez y Adolescencia, la que entra en vigencia el pr\u00f3ximo 1 de octubre.<\/p>\n<p class=\"v1MsoNormal\" style=\"text-align: justify;\">En la instancia, el juez titular del Juzgado de Familia de Vi\u00f1a del Mar y relator interino de la Corte Suprema, Felipe Pulgar, junto a Fabiola Gonz\u00e1lez, jefa de la unidad Acta 37-14 del m\u00e1ximo tribunal, explicaron a los presentes la nueva forma de derivaci\u00f3n de ni\u00f1os, ni\u00f1as y adolescentes (NNA) en casos de vulneraci\u00f3n de derechos.<\/p>\n<p class=\"v1MsoNormal\" style=\"text-align: justify;\">En este contexto, se trataron los aspectos operativos de esta implementaci\u00f3n y los cambios en materia de nomenclaturas en el sistema computacional, con ejemplos presentados por los profesionales inform\u00e1ticos, que servir\u00e1n para las nuevas derivaciones en las direcciones regionales de \u00abMejor Ni\u00f1ez\u00bb.<\/p>\n<p class=\"v1MsoNormal\" style=\"text-align: justify;\">En el pasado mes de julio de este a\u00f1o fue la propia directora nacional de la nueva institucionalidad, Mar\u00eda Jos\u00e9 Castro,\u00a0 la que present\u00f3 a la Mesa Interinstitucionalidad por la infancia de la jurisdicci\u00f3n Coyhaique, esta nueva normativa que reemplazar\u00e1 al actual Servicio Nacional de Menores (Sename).<\/p>\n<p class=\"v1MsoNormal\" style=\"text-align: justify;\">En la capacitaci\u00f3n, adem\u00e1s estuvieron presentes los funcionarios de familia de las jurisdicciones de Valdivia, Puerto Montt y Punta Arenas.<\/p>\n<\/div><\/section><\/div><div  style='height:50px' class='hr hr-invisible   avia-builder-el-6  el_after_av_one_full  el_before_av_social_share '><span class='hr-inner ' ><span class='hr-inner-style'><\/span><\/span><\/div><\/p>\n<div  class='av-social-sharing-box  avia-builder-el-7  el_after_av_hr  el_before_av_hr  '><div class='av-share-box'><h5 class='av-share-link-description av-no-toc '>Compartir esta noticia<\/h5><ul class='av-share-box-list noLightbox'><li class='av-share-link av-social-link-facebook' ><a target=\"_blank\" aria-label=\"Compartir en Facebook\" href='https:\/\/www.facebook.com\/sharer.php?u=https:\/\/radiorevelacionfm.cl\/?p=9097&#038;t=Servicio%20Mejor%20Ni%C3%B1ez%3A%20Tribunales%20de%20familia%20de%20la%20jurisdicci%C3%B3n%20Coyhaique%20se%20preparan%20para%20entrada%20en%20vigencia%20de%20nueva%20ley' aria-hidden='false' data-av_icon='\ue8f3' data-av_iconfont='entypo-fontello' title='' data-avia-related-tooltip='Compartir en Facebook' rel=\"noopener\"><span class='avia_hidden_link_text'>Compartir en Facebook<\/span><\/a><\/li><li class='av-share-link av-social-link-twitter' ><a target=\"_blank\" aria-label=\"Compartir en Twitter\" href='https:\/\/twitter.com\/share?text=Servicio%20Mejor%20Ni%C3%B1ez%3A%20Tribunales%20de%20familia%20de%20la%20jurisdicci%C3%B3n%20Coyhaique%20se%20preparan%20para%20entrada%20en%20vigencia%20de%20nueva%20ley&#038;url=https:\/\/radiorevelacionfm.cl\/?p=9097' aria-hidden='false' data-av_icon='\ue8f1' data-av_iconfont='entypo-fontello' title='' data-avia-related-tooltip='Compartir en Twitter' rel=\"noopener\"><span class='avia_hidden_link_text'>Compartir en Twitter<\/span><\/a><\/li><li class='av-share-link av-social-link-whatsapp' ><a target=\"_blank\" aria-label=\"Compartir en Whatsapp\" href='https:\/\/api.whatsapp.com\/send?text=https:\/\/radiorevelacionfm.cl\/?p=9097' aria-hidden='false' data-av_icon='\uf232' data-av_iconfont='entypo-fontello' title='' data-avia-related-tooltip='Compartir en Whatsapp' rel=\"noopener\"><span class='avia_hidden_link_text'>Compartir en Whatsapp<\/span><\/a><\/li><li class='av-share-link av-social-link-linkedin' ><a target=\"_blank\" aria-label=\"Compartir en LinkedIn\" href='https:\/\/linkedin.com\/shareArticle?mini=true&#038;title=Servicio%20Mejor%20Ni%C3%B1ez%3A%20Tribunales%20de%20familia%20de%20la%20jurisdicci%C3%B3n%20Coyhaique%20se%20preparan%20para%20entrada%20en%20vigencia%20de%20nueva%20ley&#038;url=https:\/\/radiorevelacionfm.cl\/?p=9097' aria-hidden='false' data-av_icon='\ue8fc' data-av_iconfont='entypo-fontello' title='' data-avia-related-tooltip='Compartir en LinkedIn' rel=\"noopener\"><span class='avia_hidden_link_text'>Compartir en LinkedIn<\/span><\/a><\/li><li class='av-share-link av-social-link-mail' ><a  aria-label=\"Compartir por correo\" href='mailto:?subject=Servicio%20Mejor%20Ni%C3%B1ez%3A%20Tribunales%20de%20familia%20de%20la%20jurisdicci%C3%B3n%20Coyhaique%20se%20preparan%20para%20entrada%20en%20vigencia%20de%20nueva%20ley&#038;body=https:\/\/radiorevelacionfm.cl\/?p=9097' aria-hidden='false' data-av_icon='\ue805' data-av_iconfont='entypo-fontello' title='' data-avia-related-tooltip='Compartir por correo'><span class='avia_hidden_link_text'>Compartir por correo<\/span><\/a><\/li><\/ul><\/div><\/div>\n<div  style='height:50px' class='hr hr-invisible   avia-builder-el-8  el_after_av_social_share  el_before_av_comments_list '><span class='hr-inner ' ><span class='hr-inner-style'><\/span><\/span><\/div>\n<div  class='av-buildercomment  av-blog-meta-html-info-disabled av-blog-meta-tag-disabled  '><\/div>\n","protected":false},"excerpt":{"rendered":"","protected":false},"author":1,"featured_media":9098,"comment_status":"open","ping_status":"open","sticky":false,"template":"","format":"standard","meta":{"footnotes":""},"categories":[55],"tags":[],"class_list":["post-9097","post","type-post","status-publish","format-standard","has-post-thumbnail","hentry","category-justicia"],"jetpack_featured_media_url":"https:\/\/radiorevelacionfm.cl\/wp-content\/uploads\/2021\/09\/capacitacion-coyhaique-1_optimized.jpg","_links":{"self":[{"href":"https:\/\/radiorevelacionfm.cl\/index.php?rest_route=\/wp\/v2\/posts\/9097","targetHints":{"allow":["GET"]}}],"collection":[{"href":"https:\/\/radiorevelacionfm.cl\/index.php?rest_route=\/wp\/v2\/posts"}],"about":[{"href":"https:\/\/radiorevelacionfm.cl\/index.php?rest_route=\/wp\/v2\/types\/post"}],"author":[{"embeddable":true,"href":"https:\/\/radiorevelacionfm.cl\/index.php?rest_route=\/wp\/v2\/users\/1"}],"replies":[{"embeddable":true,"href":"https:\/\/radiorevelacionfm.cl\/index.php?rest_route=%2Fwp%2Fv2%2Fcomments&post=9097"}],"version-history":[{"count":1,"href":"https:\/\/radiorevelacionfm.cl\/index.php?rest_route=\/wp\/v2\/posts\/9097\/revisions"}],"predecessor-version":[{"id":9099,"href":"https:\/\/radiorevelacionfm.cl\/index.php?rest_route=\/wp\/v2\/posts\/9097\/revisions\/9099"}],"wp:featuredmedia":[{"embeddable":true,"href":"https:\/\/radiorevelacionfm.cl\/index.php?rest_route=\/wp\/v2\/media\/9098"}],"wp:attachment":[{"href":"https:\/\/radiorevelacionfm.cl\/index.php?rest_route=%2Fwp%2Fv2%2Fmedia&parent=9097"}],"wp:term":[{"taxonomy":"category","embeddable":true,"href":"https:\/\/radiorevelacionfm.cl\/index.php?rest_route=%2Fwp%2Fv2%2Fcategories&post=9097"},{"taxonomy":"post_tag","embeddable":true,"href":"https:\/\/radiorevelacionfm.cl\/index.php?rest_route=%2Fwp%2Fv2%2Ftags&post=9097"}],"curies":[{"name":"wp","href":"https:\/\/api.w.org\/{rel}","templated":true}]}}