{"id":9094,"date":"2021-09-28T09:54:17","date_gmt":"2021-09-28T12:54:17","guid":{"rendered":"https:\/\/radiorevelacionfm.cl\/?p=9094"},"modified":"2021-09-28T09:54:17","modified_gmt":"2021-09-28T12:54:17","slug":"seremi-de-economia-y-nuevos-avances-del-plan-paso-a-paso-el-foco-esta-en-el-autocuidado","status":"publish","type":"post","link":"https:\/\/radiorevelacionfm.cl\/?p=9094","title":{"rendered":"Seremi de econom\u00eda y nuevos avances del plan paso a paso \u201cel foco est\u00e1 en el autocuidado\u201d"},"content":{"rendered":"<div class=\"flex_column av_one_full  flex_column_div av-zero-column-padding first  avia-builder-el-0  el_before_av_one_full  avia-builder-el-first  \" style='border-radius:0px; '><div  class='avia-image-container  av-styling-    avia-builder-el-1  avia-builder-el-no-sibling  avia-align-center '  itemprop=\"image\" itemscope=\"itemscope\" itemtype=\"https:\/\/schema.org\/ImageObject\"  ><div class='avia-image-container-inner'><div class='avia-image-overlay-wrap'><img decoding=\"async\" class='wp-image-9095 avia-img-lazy-loading-not-9095 avia_image' src=\"https:\/\/radiorevelacionfm.cl\/wp-content\/uploads\/2021\/09\/SEREMI-DE-ECONOMIA-Y-LA-PRENSA-REGIONAL-3-1-1.jpeg\" alt='' title='SEREMI DE ECONOM\u00cdA Y LA PRENSA REGIONAL (3) (1) (1)' height=\"600\" width=\"1301\"  itemprop=\"thumbnailUrl\" srcset=\"https:\/\/radiorevelacionfm.cl\/wp-content\/uploads\/2021\/09\/SEREMI-DE-ECONOMIA-Y-LA-PRENSA-REGIONAL-3-1-1.jpeg 1301w, https:\/\/radiorevelacionfm.cl\/wp-content\/uploads\/2021\/09\/SEREMI-DE-ECONOMIA-Y-LA-PRENSA-REGIONAL-3-1-1-300x138.jpeg 300w, https:\/\/radiorevelacionfm.cl\/wp-content\/uploads\/2021\/09\/SEREMI-DE-ECONOMIA-Y-LA-PRENSA-REGIONAL-3-1-1-1030x475.jpeg 1030w, https:\/\/radiorevelacionfm.cl\/wp-content\/uploads\/2021\/09\/SEREMI-DE-ECONOMIA-Y-LA-PRENSA-REGIONAL-3-1-1-768x354.jpeg 768w, https:\/\/radiorevelacionfm.cl\/wp-content\/uploads\/2021\/09\/SEREMI-DE-ECONOMIA-Y-LA-PRENSA-REGIONAL-3-1-1-705x325.jpeg 705w, https:\/\/radiorevelacionfm.cl\/wp-content\/uploads\/2021\/09\/SEREMI-DE-ECONOMIA-Y-LA-PRENSA-REGIONAL-3-1-1-600x277.jpeg 600w\" sizes=\"(max-width: 1301px) 100vw, 1301px\" \/><\/div><\/div><\/div><\/div><div class=\"flex_column av_one_full  flex_column_div av-zero-column-padding first  avia-builder-el-2  el_after_av_one_full  el_before_av_one_full  column-top-margin\" style='border-radius:0px; '><section class=\"av_textblock_section \"  itemscope=\"itemscope\" itemtype=\"https:\/\/schema.org\/BlogPosting\" itemprop=\"blogPost\" ><div class='avia_textblock  '   itemprop=\"text\" ><p style=\"text-align: center;\"><strong><span style=\"font-size: 18pt;\">Seremi de econom\u00eda y nuevos avances del plan paso a paso \u201cel foco est\u00e1 en el autocuidado\u201d<\/span><\/strong><\/p>\n<div id=\"gtx-trans\" style=\"position: absolute; left: -50px; top: 4.31534px;\">\n<div class=\"gtx-trans-icon\"><\/div>\n<\/div>\n<\/div><\/section><\/div><div class=\"flex_column av_one_full  flex_column_div av-zero-column-padding first  avia-builder-el-4  el_after_av_one_full  el_before_av_hr  column-top-margin\" style='border-radius:0px; '><section class=\"av_textblock_section \"  itemscope=\"itemscope\" itemtype=\"https:\/\/schema.org\/BlogPosting\" itemprop=\"blogPost\" ><div class='avia_textblock  '   itemprop=\"text\" ><p style=\"font-weight: 400; text-align: justify;\">El Plan \u201cPaso a Paso nos cuidamos\u201d se implement\u00f3 en julio de 2020 como una estrategia gradual para enfrentar la pandemia seg\u00fan la situaci\u00f3n sanitaria de cada zona de nuestro pa\u00eds.<\/p>\n<p style=\"font-weight: 400; text-align: justify;\">Desde su implementaci\u00f3n, la situaci\u00f3n sanitaria, econ\u00f3mica, social de nuestro pa\u00eds ha ido mejorando, por lo que ha sido necesario evaluar y actualizar los alcances de este plan, el que se ha desarrollado siempre en un estatus de Estado de Cat\u00e1strofe, cuya vigencia termina este jueves 30 de septiembre.<\/p>\n<p style=\"font-weight: 400; text-align: justify;\">Como la pandemia sigue presente, Chile mantendr\u00e1 un Estado de Alerta Sanitaria, por lo que se han dispuesto adecuaciones en el Plan Paso a Paso para mantener medidas y restricciones que ayuden a mitigar los contagios.<\/p>\n<p style=\"font-weight: 400; text-align: justify;\">Para el Seremi de Econom\u00eda Carlos Pacheco \u201cestas nuevas medidas ponen el foco en el autocuidado ya que al eliminarse una serie de restricciones como lo son las cuarentenas y el toque de queda, s\u00f3lo resta que la ciudadan\u00eda cumpla con los nuevos protocolos que comienzan a regir desde este viernes especialmente en los aforos de ciertas actividades\u201d.<\/p>\n<p style=\"font-weight: 400; text-align: justify;\">A su vez, destac\u00f3 la autoridad \u201cexisten una serie de rubros ligados a la actividad productiva de la regi\u00f3n que se ver\u00e1n beneficiados como es la gastronom\u00eda, el hoteler\u00eda, los pubs, caf\u00e9s y restoranes ya que al no existir toque de queda podr\u00e1n funcionar m\u00e1s tarde, seg\u00fan la normativa legal vigente. Adem\u00e1s, el pase de movilidad ser\u00e1 clave en esta nueva fase del plan ya que ser\u00e1 exigido para el transporte entre regiones y desde el 1 de noviembre ser\u00e1 requisito indispensable para los mayores de 12 a\u00f1os ya que continuar\u00e1n las restricciones en transporte p\u00fablico interurbano como buses y aviones\u201d.<\/p>\n<p style=\"font-weight: 400; text-align: justify;\">Finalmente, Pacheco recalc\u00f3 que \u201cse mantienen las exigencias de uso de mascarilla y distancia f\u00edsica entre personas, y se reforzar\u00e1 el llamado a mantener las medidas de autocuidado como el lavado de manos, la ventilaci\u00f3n de espacios y la responsabilidad individual de testearnos y aislarnos oportunamente ante la presencia de s\u00edntomas o sospecha de contagio\u201d.<\/p>\n<p style=\"font-weight: 400; text-align: justify;\"><strong>Cambios relevantes<\/strong><\/p>\n<p style=\"font-weight: 400; text-align: justify;\">Se mantiene la estructura principal del Paso a Paso de 5 pasos entre los que se avanza y retrocede, de acuerdo con la situaci\u00f3n sanitaria de cada territorio. Estos son: restricci\u00f3n, transici\u00f3n, preparaci\u00f3n apertura inicial y apertura avanzada.<\/p>\n<\/div><\/section><\/div><div  style='height:50px' class='hr hr-invisible   avia-builder-el-6  el_after_av_one_full  el_before_av_social_share '><span class='hr-inner ' ><span class='hr-inner-style'><\/span><\/span><\/div><\/p>\n<div  class='av-social-sharing-box  avia-builder-el-7  el_after_av_hr  el_before_av_hr  '><div class='av-share-box'><h5 class='av-share-link-description av-no-toc '>Compartir esta noticia<\/h5><ul class='av-share-box-list noLightbox'><li class='av-share-link av-social-link-facebook' ><a target=\"_blank\" aria-label=\"Compartir en Facebook\" href='https:\/\/www.facebook.com\/sharer.php?u=https:\/\/radiorevelacionfm.cl\/?p=9094&#038;t=Seremi%20de%20econom%C3%ADa%20y%20nuevos%20avances%20del%20plan%20paso%20a%20paso%20%E2%80%9Cel%20foco%20est%C3%A1%20en%20el%20autocuidado%E2%80%9D' aria-hidden='false' data-av_icon='\ue8f3' data-av_iconfont='entypo-fontello' title='' data-avia-related-tooltip='Compartir en Facebook' rel=\"noopener\"><span class='avia_hidden_link_text'>Compartir en Facebook<\/span><\/a><\/li><li class='av-share-link av-social-link-twitter' ><a target=\"_blank\" aria-label=\"Compartir en Twitter\" href='https:\/\/twitter.com\/share?text=Seremi%20de%20econom%C3%ADa%20y%20nuevos%20avances%20del%20plan%20paso%20a%20paso%20%E2%80%9Cel%20foco%20est%C3%A1%20en%20el%20autocuidado%E2%80%9D&#038;url=https:\/\/radiorevelacionfm.cl\/?p=9094' aria-hidden='false' data-av_icon='\ue8f1' data-av_iconfont='entypo-fontello' title='' data-avia-related-tooltip='Compartir en Twitter' rel=\"noopener\"><span class='avia_hidden_link_text'>Compartir en Twitter<\/span><\/a><\/li><li class='av-share-link av-social-link-whatsapp' ><a target=\"_blank\" aria-label=\"Compartir en Whatsapp\" href='https:\/\/api.whatsapp.com\/send?text=https:\/\/radiorevelacionfm.cl\/?p=9094' aria-hidden='false' data-av_icon='\uf232' data-av_iconfont='entypo-fontello' title='' data-avia-related-tooltip='Compartir en Whatsapp' rel=\"noopener\"><span class='avia_hidden_link_text'>Compartir en Whatsapp<\/span><\/a><\/li><li class='av-share-link av-social-link-linkedin' ><a target=\"_blank\" aria-label=\"Compartir en LinkedIn\" href='https:\/\/linkedin.com\/shareArticle?mini=true&#038;title=Seremi%20de%20econom%C3%ADa%20y%20nuevos%20avances%20del%20plan%20paso%20a%20paso%20%E2%80%9Cel%20foco%20est%C3%A1%20en%20el%20autocuidado%E2%80%9D&#038;url=https:\/\/radiorevelacionfm.cl\/?p=9094' aria-hidden='false' data-av_icon='\ue8fc' data-av_iconfont='entypo-fontello' title='' data-avia-related-tooltip='Compartir en LinkedIn' rel=\"noopener\"><span class='avia_hidden_link_text'>Compartir en LinkedIn<\/span><\/a><\/li><li class='av-share-link av-social-link-mail' ><a  aria-label=\"Compartir por correo\" href='mailto:?subject=Seremi%20de%20econom%C3%ADa%20y%20nuevos%20avances%20del%20plan%20paso%20a%20paso%20%E2%80%9Cel%20foco%20est%C3%A1%20en%20el%20autocuidado%E2%80%9D&#038;body=https:\/\/radiorevelacionfm.cl\/?p=9094' aria-hidden='false' data-av_icon='\ue805' data-av_iconfont='entypo-fontello' title='' data-avia-related-tooltip='Compartir por correo'><span class='avia_hidden_link_text'>Compartir por correo<\/span><\/a><\/li><\/ul><\/div><\/div>\n<div  style='height:50px' class='hr hr-invisible   avia-builder-el-8  el_after_av_social_share  el_before_av_comments_list '><span class='hr-inner ' ><span class='hr-inner-style'><\/span><\/span><\/div>\n<div  class='av-buildercomment  av-blog-meta-html-info-disabled av-blog-meta-tag-disabled  '><\/div>\n","protected":false},"excerpt":{"rendered":"","protected":false},"author":1,"featured_media":9095,"comment_status":"open","ping_status":"open","sticky":false,"template":"","format":"standard","meta":{"footnotes":""},"categories":[37],"tags":[],"class_list":["post-9094","post","type-post","status-publish","format-standard","has-post-thumbnail","hentry","category-economia"],"jetpack_featured_media_url":"https:\/\/radiorevelacionfm.cl\/wp-content\/uploads\/2021\/09\/SEREMI-DE-ECONOMIA-Y-LA-PRENSA-REGIONAL-3-1-1.jpeg","_links":{"self":[{"href":"https:\/\/radiorevelacionfm.cl\/index.php?rest_route=\/wp\/v2\/posts\/9094","targetHints":{"allow":["GET"]}}],"collection":[{"href":"https:\/\/radiorevelacionfm.cl\/index.php?rest_route=\/wp\/v2\/posts"}],"about":[{"href":"https:\/\/radiorevelacionfm.cl\/index.php?rest_route=\/wp\/v2\/types\/post"}],"author":[{"embeddable":true,"href":"https:\/\/radiorevelacionfm.cl\/index.php?rest_route=\/wp\/v2\/users\/1"}],"replies":[{"embeddable":true,"href":"https:\/\/radiorevelacionfm.cl\/index.php?rest_route=%2Fwp%2Fv2%2Fcomments&post=9094"}],"version-history":[{"count":1,"href":"https:\/\/radiorevelacionfm.cl\/index.php?rest_route=\/wp\/v2\/posts\/9094\/revisions"}],"predecessor-version":[{"id":9096,"href":"https:\/\/radiorevelacionfm.cl\/index.php?rest_route=\/wp\/v2\/posts\/9094\/revisions\/9096"}],"wp:featuredmedia":[{"embeddable":true,"href":"https:\/\/radiorevelacionfm.cl\/index.php?rest_route=\/wp\/v2\/media\/9095"}],"wp:attachment":[{"href":"https:\/\/radiorevelacionfm.cl\/index.php?rest_route=%2Fwp%2Fv2%2Fmedia&parent=9094"}],"wp:term":[{"taxonomy":"category","embeddable":true,"href":"https:\/\/radiorevelacionfm.cl\/index.php?rest_route=%2Fwp%2Fv2%2Fcategories&post=9094"},{"taxonomy":"post_tag","embeddable":true,"href":"https:\/\/radiorevelacionfm.cl\/index.php?rest_route=%2Fwp%2Fv2%2Ftags&post=9094"}],"curies":[{"name":"wp","href":"https:\/\/api.w.org\/{rel}","templated":true}]}}