{"id":9091,"date":"2021-09-28T09:28:53","date_gmt":"2021-09-28T12:28:53","guid":{"rendered":"https:\/\/radiorevelacionfm.cl\/?p=9091"},"modified":"2021-09-28T09:29:43","modified_gmt":"2021-09-28T12:29:43","slug":"realizan-cuentas-publicas-participativas-por-programa-barrios-comerciales-de-puyuhuapi-y-puerto-tranquilo","status":"publish","type":"post","link":"https:\/\/radiorevelacionfm.cl\/?p=9091","title":{"rendered":"Realizan cuentas p\u00fablicas participativas por programa barrios comerciales de Puyuhuapi y Puerto Tranquilo"},"content":{"rendered":"<div class=\"flex_column av_one_full  flex_column_div av-zero-column-padding first  avia-builder-el-0  el_before_av_one_full  avia-builder-el-first  \" style='border-radius:0px; '><div  class='avia-image-container  av-styling-    avia-builder-el-1  avia-builder-el-no-sibling  avia-align-center '  itemprop=\"image\" itemscope=\"itemscope\" itemtype=\"https:\/\/schema.org\/ImageObject\"  ><div class='avia-image-container-inner'><div class='avia-image-overlay-wrap'><img decoding=\"async\" class='wp-image-9092 avia-img-lazy-loading-not-9092 avia_image' src=\"https:\/\/radiorevelacionfm.cl\/wp-content\/uploads\/2021\/09\/BARRIOS-COMERCIALES-SERCOTEC-3-1-1.jpeg\" alt='' title='BARRIOS COMERCIALES SERCOTEC (3) (1) (1)' height=\"600\" width=\"800\"  itemprop=\"thumbnailUrl\" srcset=\"https:\/\/radiorevelacionfm.cl\/wp-content\/uploads\/2021\/09\/BARRIOS-COMERCIALES-SERCOTEC-3-1-1.jpeg 800w, https:\/\/radiorevelacionfm.cl\/wp-content\/uploads\/2021\/09\/BARRIOS-COMERCIALES-SERCOTEC-3-1-1-300x225.jpeg 300w, https:\/\/radiorevelacionfm.cl\/wp-content\/uploads\/2021\/09\/BARRIOS-COMERCIALES-SERCOTEC-3-1-1-768x576.jpeg 768w, https:\/\/radiorevelacionfm.cl\/wp-content\/uploads\/2021\/09\/BARRIOS-COMERCIALES-SERCOTEC-3-1-1-705x529.jpeg 705w, https:\/\/radiorevelacionfm.cl\/wp-content\/uploads\/2021\/09\/BARRIOS-COMERCIALES-SERCOTEC-3-1-1-600x450.jpeg 600w\" sizes=\"(max-width: 800px) 100vw, 800px\" \/><\/div><\/div><\/div><\/div><div class=\"flex_column av_one_full  flex_column_div av-zero-column-padding first  avia-builder-el-2  el_after_av_one_full  el_before_av_one_full  column-top-margin\" style='border-radius:0px; '><section class=\"av_textblock_section \"  itemscope=\"itemscope\" itemtype=\"https:\/\/schema.org\/BlogPosting\" itemprop=\"blogPost\" ><div class='avia_textblock  '   itemprop=\"text\" ><p style=\"text-align: center;\"><strong><span style=\"font-size: 18pt;\">Realizan cuentas p\u00fablicas participativas por programa barrios comerciales de Puyuhuapi y Puerto Tranquilo<\/span><\/strong><\/p>\n<div id=\"gtx-trans\" style=\"position: absolute; left: -50px; top: 4.31534px;\">\n<div class=\"gtx-trans-icon\"><\/div>\n<\/div>\n<\/div><\/section><\/div><div class=\"flex_column av_one_full  flex_column_div av-zero-column-padding first  avia-builder-el-4  el_after_av_one_full  el_before_av_hr  column-top-margin\" style='border-radius:0px; '><section class=\"av_textblock_section \"  itemscope=\"itemscope\" itemtype=\"https:\/\/schema.org\/BlogPosting\" itemprop=\"blogPost\" ><div class='avia_textblock  '   itemprop=\"text\" ><p class=\"v1MsoNormal\" style=\"text-align: justify;\">Dar cuenta p\u00fablica respecto de las gestiones, inversiones y obras que se ejecutaron en el marco del desarrollo y puesta en marcha del \u00abprograma de fortalecimiento de barrios comerciales\u00bb fue el objetivo logrado por Sercotec y su equipo regional al cierre de esta iniciativa realizada en nuestra regi\u00f3n.<\/p>\n<p class=\"v1MsoNormal\" style=\"text-align: justify;\">As\u00ed lo dio a conocer su directora regional Cinthya Pantanalli, quien asever\u00f3 que \u00abcon mucho orgullo hemos desarrollado nuestra cuenta p\u00fablica que informa de manera participativa y abierta los logros y desaf\u00edos que tuvimos al ejecutar el programa de fortalecimiento de barrios comerciales que desarrollamos en Puyuhuapi y Puerto R\u00edo Tranquilo, localidades pertenecientes a las comunas de Cisnes y R\u00edo Ib\u00e1\u00f1ez respectivamente\u00bb.<\/p>\n<p class=\"v1MsoNormal\" style=\"text-align: justify;\">\u00abEn estas localidades se desarrollaron gestiones y obras destinadas a fortalecer, desarrollar e impulsar el comercio de estos barrios comerciales tan afectados por la pandemia durante el a\u00f1o 2020 y 2021 y que permiti\u00f3 el desarrollo de la sostenibilidad comercial y urbana del sector, potenciar su oferta, entregando en su gesti\u00f3n de negocios identidad local, con sentido de pertenencia y as\u00ed lograr un aumento de la venta de sus productos y servicios\u00bb, asever\u00f3 la autoridad.<\/p>\n<p class=\"v1MsoNormal\" style=\"text-align: justify;\">Finalmente, Pantanalli agreg\u00f3 que \u00abal cierre de la ejecuci\u00f3n de este programa nos encontramos satisfechos por el trabajo realizado ya que lo desarrollamos con la colaboraci\u00f3n y participaci\u00f3n activa de las y los comerciantes y otras agrupaciones dispuestas a apoyar esta iniciativa en las localidades se\u00f1aladas (Puyuhuapi y Puerto R\u00edo Tranquilo) tales como talleres de capacitaci\u00f3n, trabajos grupales y una serie de obras como el levantamiento de t\u00f3tem caracter\u00edstico del lugar erigido en pleno barrio comercial de Puyuhuapi, todo esto acompa\u00f1ado de la implementaci\u00f3n de estacionamientos para bicicletas y se\u00f1al\u00e9ticas respectivas, ubicaci\u00f3n de luminarias led y entrega de kit de higienizaci\u00f3n, entre otras gestiones desarrolladas\u00bb.<\/p>\n<p class=\"v1MsoNormal\" style=\"text-align: justify;\"><b>Barrios Comerciales<\/b><\/p>\n<p class=\"v1MsoNormal\" style=\"text-align: justify;\">El programa tiene como fin contribuir al aumento de la competitividad del comercio minorista y empresas de prestaci\u00f3n de servicios de barrios comerciales, aumentando su capacidad de gesti\u00f3n y representatividad de las organizaciones de comerciantes participantes para impulsar mejoras en la oferta comercial del barrio.<\/p>\n<p class=\"v1MsoNormal\" style=\"text-align: justify;\"><strong>Barrio Puyuhuapi<\/strong><\/p>\n<p class=\"v1MsoNormal\" style=\"text-align: justify;\">El primer a\u00f1o se destin\u00f3 a realizar un completo diagn\u00f3stico que arrojar\u00eda informaci\u00f3n levantada de manera presencial y que arroj\u00f3 informaci\u00f3n actualizada del barrio y su entorno, as\u00ed como tambi\u00e9n el desarrollo y ejecuci\u00f3n de un plan de desarrollo urbano (PDCU).<\/p>\n<p class=\"v1MsoNormal\" style=\"text-align: justify;\">Adem\u00e1s, se realizaron entrega de productos sanitarios, de bolsas ecol\u00f3gicas, infograf\u00edas \u00abCampa\u00f1a Covid 19\u00bb, realizaci\u00f3n de videos promocionales del barrio y localidad, estacionamiento para bicicletas, implementaci\u00f3n de 2 jardineras m\u00e1s t\u00f3tem informativos, implementaci\u00f3n de se\u00f1al\u00e9tica num\u00e9rica en cada local del barrio, desarrollo de una plataforma web, realizaci\u00f3n de talleres en habilidades blandas y redes sociales, entrega de luminarias led de emergencia para cada local y entrega de kit solar para t\u00f3tem y adquisici\u00f3n set de higienizaci\u00f3n para el barrio.<\/p>\n<p class=\"v1MsoNormal\" style=\"text-align: justify;\"><strong>Barrio Puerto R\u00edo Tranquilo<\/strong><\/p>\n<p class=\"v1MsoNormal\" style=\"text-align: justify;\">Durante el primer a\u00f1o de ejecuci\u00f3n se desarroll\u00f3 de un manual de marca, un diagn\u00f3stico completo del barrio, talleres de capacitaci\u00f3n, desarrollo de un plan de desarrollo urbano (PDCU), entre otros.<\/p>\n<p class=\"v1MsoNormal\" style=\"text-align: justify;\">Ya en el segundo a\u00f1o se entregaron productos sanitarios de prevenci\u00f3n covid-19, desarrollo de una\u00a0<i>Ruta Patrimonial<\/i>\u00a0con t\u00f3tem informativos, jardineras de hermoseamiento con informaci\u00f3n tur\u00edstica, asesor\u00eda en manejo de residuos, capacitaciones en liderazgo, resoluci\u00f3n de conflictos, conformaci\u00f3n de redes de apoyo, entrega de kit de reciclaje, asesor\u00eda en redes sociales, restauraci\u00f3n de letreros informativos y entrega de kit de iluminaci\u00f3n.<\/p>\n<p class=\"v1MsoNormal\" style=\"text-align: justify;\"><b>Aportes apalancados<\/b><\/p>\n<p class=\"v1MsoNormal\" style=\"text-align: justify;\">BC Puyuhuapi: Aporte de la I. Municipalidad de Cisnes por $1.500.000 permisos e instalaciones, m\u00e1s el aporte de la empresa Aqua Chile S.A. por donaci\u00f3n de un Punto Limpio.<\/p>\n<p class=\"v1MsoNormal\" style=\"text-align: justify;\">BC Tranquilo: Aporte de la I. Municipalidad Municipal de Ib\u00e1\u00f1ez por $510.000 compra de plantas ornamentales y apoyo en traslado de kit de iluminaci\u00f3n, m\u00e1s aporte del Museo de Pto. R\u00edo Tranquilo por $577.000- Difusi\u00f3n, informes, otros.<\/p>\n<\/div><\/section><\/div><div  style='height:50px' class='hr hr-invisible   avia-builder-el-6  el_after_av_one_full  el_before_av_social_share '><span class='hr-inner ' ><span class='hr-inner-style'><\/span><\/span><\/div><\/p>\n<div  class='av-social-sharing-box  avia-builder-el-7  el_after_av_hr  el_before_av_hr  '><div class='av-share-box'><h5 class='av-share-link-description av-no-toc '>Compartir esta noticia<\/h5><ul class='av-share-box-list noLightbox'><li class='av-share-link av-social-link-facebook' ><a target=\"_blank\" aria-label=\"Compartir en Facebook\" href='https:\/\/www.facebook.com\/sharer.php?u=https:\/\/radiorevelacionfm.cl\/?p=9091&#038;t=Realizan%20cuentas%20p%C3%BAblicas%20participativas%20por%20programa%20barrios%20comerciales%20de%20Puyuhuapi%20y%20Puerto%20Tranquilo' aria-hidden='false' data-av_icon='\ue8f3' data-av_iconfont='entypo-fontello' title='' data-avia-related-tooltip='Compartir en Facebook' rel=\"noopener\"><span class='avia_hidden_link_text'>Compartir en Facebook<\/span><\/a><\/li><li class='av-share-link av-social-link-twitter' ><a target=\"_blank\" aria-label=\"Compartir en Twitter\" href='https:\/\/twitter.com\/share?text=Realizan%20cuentas%20p%C3%BAblicas%20participativas%20por%20programa%20barrios%20comerciales%20de%20Puyuhuapi%20y%20Puerto%20Tranquilo&#038;url=https:\/\/radiorevelacionfm.cl\/?p=9091' aria-hidden='false' data-av_icon='\ue8f1' data-av_iconfont='entypo-fontello' title='' data-avia-related-tooltip='Compartir en Twitter' rel=\"noopener\"><span class='avia_hidden_link_text'>Compartir en Twitter<\/span><\/a><\/li><li class='av-share-link av-social-link-whatsapp' ><a target=\"_blank\" aria-label=\"Compartir en Whatsapp\" href='https:\/\/api.whatsapp.com\/send?text=https:\/\/radiorevelacionfm.cl\/?p=9091' aria-hidden='false' data-av_icon='\uf232' data-av_iconfont='entypo-fontello' title='' data-avia-related-tooltip='Compartir en Whatsapp' rel=\"noopener\"><span class='avia_hidden_link_text'>Compartir en Whatsapp<\/span><\/a><\/li><li class='av-share-link av-social-link-linkedin' ><a target=\"_blank\" aria-label=\"Compartir en LinkedIn\" href='https:\/\/linkedin.com\/shareArticle?mini=true&#038;title=Realizan%20cuentas%20p%C3%BAblicas%20participativas%20por%20programa%20barrios%20comerciales%20de%20Puyuhuapi%20y%20Puerto%20Tranquilo&#038;url=https:\/\/radiorevelacionfm.cl\/?p=9091' aria-hidden='false' data-av_icon='\ue8fc' data-av_iconfont='entypo-fontello' title='' data-avia-related-tooltip='Compartir en LinkedIn' rel=\"noopener\"><span class='avia_hidden_link_text'>Compartir en LinkedIn<\/span><\/a><\/li><li class='av-share-link av-social-link-mail' ><a  aria-label=\"Compartir por correo\" href='mailto:?subject=Realizan%20cuentas%20p%C3%BAblicas%20participativas%20por%20programa%20barrios%20comerciales%20de%20Puyuhuapi%20y%20Puerto%20Tranquilo&#038;body=https:\/\/radiorevelacionfm.cl\/?p=9091' aria-hidden='false' data-av_icon='\ue805' data-av_iconfont='entypo-fontello' title='' data-avia-related-tooltip='Compartir por correo'><span class='avia_hidden_link_text'>Compartir por correo<\/span><\/a><\/li><\/ul><\/div><\/div>\n<div  style='height:50px' class='hr hr-invisible   avia-builder-el-8  el_after_av_social_share  el_before_av_comments_list '><span class='hr-inner ' ><span class='hr-inner-style'><\/span><\/span><\/div>\n<div  class='av-buildercomment  av-blog-meta-html-info-disabled av-blog-meta-tag-disabled  '><\/div>\n","protected":false},"excerpt":{"rendered":"","protected":false},"author":1,"featured_media":9092,"comment_status":"open","ping_status":"open","sticky":false,"template":"","format":"standard","meta":{"footnotes":""},"categories":[38],"tags":[],"class_list":["post-9091","post","type-post","status-publish","format-standard","has-post-thumbnail","hentry","category-regional"],"jetpack_featured_media_url":"https:\/\/radiorevelacionfm.cl\/wp-content\/uploads\/2021\/09\/BARRIOS-COMERCIALES-SERCOTEC-3-1-1.jpeg","_links":{"self":[{"href":"https:\/\/radiorevelacionfm.cl\/index.php?rest_route=\/wp\/v2\/posts\/9091","targetHints":{"allow":["GET"]}}],"collection":[{"href":"https:\/\/radiorevelacionfm.cl\/index.php?rest_route=\/wp\/v2\/posts"}],"about":[{"href":"https:\/\/radiorevelacionfm.cl\/index.php?rest_route=\/wp\/v2\/types\/post"}],"author":[{"embeddable":true,"href":"https:\/\/radiorevelacionfm.cl\/index.php?rest_route=\/wp\/v2\/users\/1"}],"replies":[{"embeddable":true,"href":"https:\/\/radiorevelacionfm.cl\/index.php?rest_route=%2Fwp%2Fv2%2Fcomments&post=9091"}],"version-history":[{"count":1,"href":"https:\/\/radiorevelacionfm.cl\/index.php?rest_route=\/wp\/v2\/posts\/9091\/revisions"}],"predecessor-version":[{"id":9093,"href":"https:\/\/radiorevelacionfm.cl\/index.php?rest_route=\/wp\/v2\/posts\/9091\/revisions\/9093"}],"wp:featuredmedia":[{"embeddable":true,"href":"https:\/\/radiorevelacionfm.cl\/index.php?rest_route=\/wp\/v2\/media\/9092"}],"wp:attachment":[{"href":"https:\/\/radiorevelacionfm.cl\/index.php?rest_route=%2Fwp%2Fv2%2Fmedia&parent=9091"}],"wp:term":[{"taxonomy":"category","embeddable":true,"href":"https:\/\/radiorevelacionfm.cl\/index.php?rest_route=%2Fwp%2Fv2%2Fcategories&post=9091"},{"taxonomy":"post_tag","embeddable":true,"href":"https:\/\/radiorevelacionfm.cl\/index.php?rest_route=%2Fwp%2Fv2%2Ftags&post=9091"}],"curies":[{"name":"wp","href":"https:\/\/api.w.org\/{rel}","templated":true}]}}