{"id":9088,"date":"2021-09-27T23:44:11","date_gmt":"2021-09-28T02:44:11","guid":{"rendered":"https:\/\/radiorevelacionfm.cl\/?p=9088"},"modified":"2021-09-27T23:44:11","modified_gmt":"2021-09-28T02:44:11","slug":"patricio-cabrera-regresa-al-rally-dakar-con-la-ilusion-de-convertirse-en-leyenda","status":"publish","type":"post","link":"https:\/\/radiorevelacionfm.cl\/?p=9088","title":{"rendered":"Patricio Cabrera regresa al Rally Dakar con la ilusi\u00f3n de convertirse en leyenda"},"content":{"rendered":"<div class=\"flex_column av_one_full  flex_column_div av-zero-column-padding first  avia-builder-el-0  el_before_av_one_full  avia-builder-el-first  \" style='border-radius:0px; '><div  class='avia-image-container  av-styling-    avia-builder-el-1  avia-builder-el-no-sibling  avia-align-center '  itemprop=\"image\" itemscope=\"itemscope\" itemtype=\"https:\/\/schema.org\/ImageObject\"  ><div class='avia-image-container-inner'><div class='avia-image-overlay-wrap'><img decoding=\"async\" class='wp-image-9089 avia-img-lazy-loading-not-9089 avia_image' src=\"https:\/\/radiorevelacionfm.cl\/wp-content\/uploads\/2021\/09\/pato-cabrera_1-1_optimized.jpeg\" alt='' title='pato-cabrera_1-(1)_optimized' height=\"600\" width=\"900\"  itemprop=\"thumbnailUrl\" srcset=\"https:\/\/radiorevelacionfm.cl\/wp-content\/uploads\/2021\/09\/pato-cabrera_1-1_optimized.jpeg 900w, https:\/\/radiorevelacionfm.cl\/wp-content\/uploads\/2021\/09\/pato-cabrera_1-1_optimized-300x200.jpeg 300w, https:\/\/radiorevelacionfm.cl\/wp-content\/uploads\/2021\/09\/pato-cabrera_1-1_optimized-768x512.jpeg 768w, https:\/\/radiorevelacionfm.cl\/wp-content\/uploads\/2021\/09\/pato-cabrera_1-1_optimized-705x470.jpeg 705w, https:\/\/radiorevelacionfm.cl\/wp-content\/uploads\/2021\/09\/pato-cabrera_1-1_optimized-600x400.jpeg 600w\" sizes=\"(max-width: 900px) 100vw, 900px\" \/><\/div><\/div><\/div><\/div><div class=\"flex_column av_one_full  flex_column_div av-zero-column-padding first  avia-builder-el-2  el_after_av_one_full  el_before_av_one_full  column-top-margin\" style='border-radius:0px; '><section class=\"av_textblock_section \"  itemscope=\"itemscope\" itemtype=\"https:\/\/schema.org\/BlogPosting\" itemprop=\"blogPost\" ><div class='avia_textblock  '   itemprop=\"text\" ><p style=\"text-align: center;\"><strong><span style=\"font-size: 18pt;\">Patricio Cabrera regresa al Rally Dakar con la ilusi\u00f3n de convertirse en leyenda<\/span><\/strong><\/p>\n<div id=\"gtx-trans\" style=\"position: absolute; left: -50px; top: 4.31534px;\">\n<div class=\"gtx-trans-icon\"><\/div>\n<\/div>\n<\/div><\/section><\/div><div class=\"flex_column av_one_full  flex_column_div av-zero-column-padding first  avia-builder-el-4  el_after_av_one_full  el_before_av_hr  column-top-margin\" style='border-radius:0px; '><section class=\"av_textblock_section \"  itemscope=\"itemscope\" itemtype=\"https:\/\/schema.org\/BlogPosting\" itemprop=\"blogPost\" ><div class='avia_textblock  '   itemprop=\"text\" ><p style=\"text-align: justify;\">El nuevo piloto del Team Maxus anunci\u00f3 que regresar\u00e1 a la principal prueba del rally cross country durante la pr\u00f3xima edici\u00f3n que se realizar\u00e1 en Arabia Saudita entre el 2 y el 14 de enero y ser\u00e1 parte del reducido contingente de la armada chilena en tierras asi\u00e1ticas.<\/p>\n<div style=\"text-align: justify;\">\n<p>El oriundo de Coyhaique, quien se ausent\u00f3 durante la \u00faltima versi\u00f3n debido a las complicaciones y la incertidumbre que generaba entre los corredores la burbuja sanitaria por el Covid-19, disputar\u00e1 su noveno Rally Dakar y se ilusiona con ser el corredor m\u00e1s joven en disputar diez ediciones.<\/p>\n<p>\u00abEl rally me ense\u00f1\u00f3 a marcar mi propio camino y trazar mi propia huella. Es por eso que decidimos volver al Rally Dakar, una de las competencias m\u00e1s extremas y relevantes del mundo, para competir junto a los mejores pilotos y avanzar en nuestro objetivo de disputar 10 ediciones del Dakar, lo que nos convertir\u00eda en el piloto m\u00e1s joven en alcanzar esa meta\u00bb, precis\u00f3 Cabrera, quien tiene 29 a\u00f1os y debut\u00f3 en la competencia en 2013.<\/p>\n<p>Para la nueva versi\u00f3n del Rally Dakar, Patricio Cabrera ir\u00e1 con los colores del Team Maxus al mando de una KTM 450 Rally R\u00e9plica, motocicleta con la que espera conseguir una destacada actuaci\u00f3n y superar la 28\u00aa ubicaci\u00f3n que consigui\u00f3 en 2020.<\/p>\n<p>\u00abNuestro primer objetivo siempre ser\u00e1 terminar la carrera. He disputado ocho dakares y s\u00e9 bien que esta es una competencia larga, de mucho esfuerzo, que debe ir tom\u00e1ndose d\u00eda a d\u00eda. Pero adem\u00e1s tenemos claro que ser\u00e1 una prueba muy desafiante, de hecho, nos indicaron que gran parte de la prueba ser\u00e1 por caminos nuevos, por lo que tendremos que estar muy concentrados y navegar sin errores para poder cumplir una buena labor\u00bb, dijo Cabrera.<\/p>\n<p>Para la Gobernadora de la Regi\u00f3n de Ays\u00e9n, Andrea Mac\u00edas, la presencia del piloto en la m\u00e1xima prueba enorgullece a toda la Patagonia nacional. \u00abPara nosotros como regi\u00f3n es un orgullo que Patricio nos represente, porque es talento patag\u00f3n nacido en esta tierra. El desaf\u00edo de ser leyenda nos llena de expectativa y esperamos que se pueda concretar, reconociendo que a su edad y siendo el piloto m\u00e1s joven en alcanzarlo ser\u00e1 un hecho hist\u00f3rico para el pa\u00eds completo. En Patricio valoramos la vinculaci\u00f3n con su tierra, que siempre ha estado en contacto y que permanentemente ha intentado transmitir todo lo bueno que tiene el deporte y la vida sana a ni\u00f1os y ni\u00f1as de la regi\u00f3n, que necesitan personas en qui\u00e9n inspirarse\u00bb, afirm\u00f3 la Gobernadora Mac\u00edas.<\/p>\n<p>Patricio Cabrera para su participaci\u00f3n en el Rally Dakar 2022 cuenta con el apoyo del Gobierno Regional de Ays\u00e9n y otras empresas.<\/p>\n<\/div>\n<\/div><\/section><\/div><div  style='height:50px' class='hr hr-invisible   avia-builder-el-6  el_after_av_one_full  el_before_av_social_share '><span class='hr-inner ' ><span class='hr-inner-style'><\/span><\/span><\/div><\/p>\n<div  class='av-social-sharing-box  avia-builder-el-7  el_after_av_hr  el_before_av_hr  '><div class='av-share-box'><h5 class='av-share-link-description av-no-toc '>Compartir esta noticia<\/h5><ul class='av-share-box-list noLightbox'><li class='av-share-link av-social-link-facebook' ><a target=\"_blank\" aria-label=\"Compartir en Facebook\" href='https:\/\/www.facebook.com\/sharer.php?u=https:\/\/radiorevelacionfm.cl\/?p=9088&#038;t=Patricio%20Cabrera%20regresa%20al%20Rally%20Dakar%20con%20la%20ilusi%C3%B3n%20de%20convertirse%20en%20leyenda' aria-hidden='false' data-av_icon='\ue8f3' data-av_iconfont='entypo-fontello' title='' data-avia-related-tooltip='Compartir en Facebook' rel=\"noopener\"><span class='avia_hidden_link_text'>Compartir en Facebook<\/span><\/a><\/li><li class='av-share-link av-social-link-twitter' ><a target=\"_blank\" aria-label=\"Compartir en Twitter\" href='https:\/\/twitter.com\/share?text=Patricio%20Cabrera%20regresa%20al%20Rally%20Dakar%20con%20la%20ilusi%C3%B3n%20de%20convertirse%20en%20leyenda&#038;url=https:\/\/radiorevelacionfm.cl\/?p=9088' aria-hidden='false' data-av_icon='\ue8f1' data-av_iconfont='entypo-fontello' title='' data-avia-related-tooltip='Compartir en Twitter' rel=\"noopener\"><span class='avia_hidden_link_text'>Compartir en Twitter<\/span><\/a><\/li><li class='av-share-link av-social-link-whatsapp' ><a target=\"_blank\" aria-label=\"Compartir en Whatsapp\" href='https:\/\/api.whatsapp.com\/send?text=https:\/\/radiorevelacionfm.cl\/?p=9088' aria-hidden='false' data-av_icon='\uf232' data-av_iconfont='entypo-fontello' title='' data-avia-related-tooltip='Compartir en Whatsapp' rel=\"noopener\"><span class='avia_hidden_link_text'>Compartir en Whatsapp<\/span><\/a><\/li><li class='av-share-link av-social-link-linkedin' ><a target=\"_blank\" aria-label=\"Compartir en LinkedIn\" href='https:\/\/linkedin.com\/shareArticle?mini=true&#038;title=Patricio%20Cabrera%20regresa%20al%20Rally%20Dakar%20con%20la%20ilusi%C3%B3n%20de%20convertirse%20en%20leyenda&#038;url=https:\/\/radiorevelacionfm.cl\/?p=9088' aria-hidden='false' data-av_icon='\ue8fc' data-av_iconfont='entypo-fontello' title='' data-avia-related-tooltip='Compartir en LinkedIn' rel=\"noopener\"><span class='avia_hidden_link_text'>Compartir en LinkedIn<\/span><\/a><\/li><li class='av-share-link av-social-link-mail' ><a  aria-label=\"Compartir por correo\" href='mailto:?subject=Patricio%20Cabrera%20regresa%20al%20Rally%20Dakar%20con%20la%20ilusi%C3%B3n%20de%20convertirse%20en%20leyenda&#038;body=https:\/\/radiorevelacionfm.cl\/?p=9088' aria-hidden='false' data-av_icon='\ue805' data-av_iconfont='entypo-fontello' title='' data-avia-related-tooltip='Compartir por correo'><span class='avia_hidden_link_text'>Compartir por correo<\/span><\/a><\/li><\/ul><\/div><\/div>\n<div  style='height:50px' class='hr hr-invisible   avia-builder-el-8  el_after_av_social_share  el_before_av_comments_list '><span class='hr-inner ' ><span class='hr-inner-style'><\/span><\/span><\/div>\n<div  class='av-buildercomment  av-blog-meta-html-info-disabled av-blog-meta-tag-disabled  '><\/div>\n","protected":false},"excerpt":{"rendered":"","protected":false},"author":1,"featured_media":9089,"comment_status":"open","ping_status":"open","sticky":false,"template":"","format":"standard","meta":{"footnotes":""},"categories":[38],"tags":[],"class_list":["post-9088","post","type-post","status-publish","format-standard","has-post-thumbnail","hentry","category-regional"],"jetpack_featured_media_url":"https:\/\/radiorevelacionfm.cl\/wp-content\/uploads\/2021\/09\/pato-cabrera_1-1_optimized.jpeg","_links":{"self":[{"href":"https:\/\/radiorevelacionfm.cl\/index.php?rest_route=\/wp\/v2\/posts\/9088","targetHints":{"allow":["GET"]}}],"collection":[{"href":"https:\/\/radiorevelacionfm.cl\/index.php?rest_route=\/wp\/v2\/posts"}],"about":[{"href":"https:\/\/radiorevelacionfm.cl\/index.php?rest_route=\/wp\/v2\/types\/post"}],"author":[{"embeddable":true,"href":"https:\/\/radiorevelacionfm.cl\/index.php?rest_route=\/wp\/v2\/users\/1"}],"replies":[{"embeddable":true,"href":"https:\/\/radiorevelacionfm.cl\/index.php?rest_route=%2Fwp%2Fv2%2Fcomments&post=9088"}],"version-history":[{"count":1,"href":"https:\/\/radiorevelacionfm.cl\/index.php?rest_route=\/wp\/v2\/posts\/9088\/revisions"}],"predecessor-version":[{"id":9090,"href":"https:\/\/radiorevelacionfm.cl\/index.php?rest_route=\/wp\/v2\/posts\/9088\/revisions\/9090"}],"wp:featuredmedia":[{"embeddable":true,"href":"https:\/\/radiorevelacionfm.cl\/index.php?rest_route=\/wp\/v2\/media\/9089"}],"wp:attachment":[{"href":"https:\/\/radiorevelacionfm.cl\/index.php?rest_route=%2Fwp%2Fv2%2Fmedia&parent=9088"}],"wp:term":[{"taxonomy":"category","embeddable":true,"href":"https:\/\/radiorevelacionfm.cl\/index.php?rest_route=%2Fwp%2Fv2%2Fcategories&post=9088"},{"taxonomy":"post_tag","embeddable":true,"href":"https:\/\/radiorevelacionfm.cl\/index.php?rest_route=%2Fwp%2Fv2%2Ftags&post=9088"}],"curies":[{"name":"wp","href":"https:\/\/api.w.org\/{rel}","templated":true}]}}