{"id":9085,"date":"2021-09-27T23:16:40","date_gmt":"2021-09-28T02:16:40","guid":{"rendered":"https:\/\/radiorevelacionfm.cl\/?p=9085"},"modified":"2021-09-27T23:16:40","modified_gmt":"2021-09-28T02:16:40","slug":"firman-nuevo-convenio-de-cooperacion-enfocado-en-la-salud-de-la-comunidad-juvenil-regional","status":"publish","type":"post","link":"https:\/\/radiorevelacionfm.cl\/?p=9085","title":{"rendered":"Firman nuevo convenio de cooperaci\u00f3n enfocado en la salud de la comunidad juvenil regional"},"content":{"rendered":"<div class=\"flex_column av_one_full  flex_column_div av-zero-column-padding first  avia-builder-el-0  el_before_av_one_full  avia-builder-el-first  \" style='border-radius:0px; '><div  class='avia-image-container  av-styling-    avia-builder-el-1  avia-builder-el-no-sibling  avia-align-center '  itemprop=\"image\" itemscope=\"itemscope\" itemtype=\"https:\/\/schema.org\/ImageObject\"  ><div class='avia-image-container-inner'><div class='avia-image-overlay-wrap'><img decoding=\"async\" class='wp-image-9086 avia-img-lazy-loading-not-9086 avia_image' src=\"https:\/\/radiorevelacionfm.cl\/wp-content\/uploads\/2021\/09\/Foto-1-4-2-1.jpg\" alt='' title='Foto 1 (4) (2) (1)' height=\"600\" width=\"754\"  itemprop=\"thumbnailUrl\" srcset=\"https:\/\/radiorevelacionfm.cl\/wp-content\/uploads\/2021\/09\/Foto-1-4-2-1.jpg 754w, https:\/\/radiorevelacionfm.cl\/wp-content\/uploads\/2021\/09\/Foto-1-4-2-1-300x239.jpg 300w, https:\/\/radiorevelacionfm.cl\/wp-content\/uploads\/2021\/09\/Foto-1-4-2-1-705x561.jpg 705w, https:\/\/radiorevelacionfm.cl\/wp-content\/uploads\/2021\/09\/Foto-1-4-2-1-600x477.jpg 600w\" sizes=\"(max-width: 754px) 100vw, 754px\" \/><\/div><\/div><\/div><\/div><div class=\"flex_column av_one_full  flex_column_div av-zero-column-padding first  avia-builder-el-2  el_after_av_one_full  el_before_av_one_full  column-top-margin\" style='border-radius:0px; '><section class=\"av_textblock_section \"  itemscope=\"itemscope\" itemtype=\"https:\/\/schema.org\/BlogPosting\" itemprop=\"blogPost\" ><div class='avia_textblock  '   itemprop=\"text\" ><p style=\"text-align: center;\"><strong><span style=\"font-size: 18pt;\">Firman nuevo convenio de cooperaci\u00f3n enfocado en la salud de la comunidad juvenil regional<\/span><\/strong><\/p>\n<div id=\"gtx-trans\" style=\"position: absolute; left: -50px; top: 4.31534px;\">\n<div class=\"gtx-trans-icon\"><\/div>\n<\/div>\n<\/div><\/section><\/div><div class=\"flex_column av_one_full  flex_column_div av-zero-column-padding first  avia-builder-el-4  el_after_av_one_full  el_before_av_hr  column-top-margin\" style='border-radius:0px; '><section class=\"av_textblock_section \"  itemscope=\"itemscope\" itemtype=\"https:\/\/schema.org\/BlogPosting\" itemprop=\"blogPost\" ><div class='avia_textblock  '   itemprop=\"text\" ><p style=\"text-align: justify;\">Con el objetivo de reducir las brechas de acceso a la salud de los j\u00f3venes en Ays\u00e9n, el Instituto Nacional de la Juventud realiz\u00f3 la firma de un importante convenio de cooperaci\u00f3n con el matr\u00f3n Alain Authievre Araya, iniciativa que ya se encuentra disponible y que se puede aplicar utilizando la Tarjeta Joven.<\/p>\n<p style=\"text-align: justify;\">El convenio consiste en un 20% de descuento en consultas online correspondiente a m\u00e9todos anticonceptivos, infecciones de transmisi\u00f3n sexual (ITS), consulta ginecol\u00f3gica, consulta prenatal, consejer\u00eda salud sexual y reproductiva, y revisi\u00f3n de ex\u00e1menes, los martes y jueves de 19:00 a 21:00 horas. Las consultas se deben agendar escribiendo al correo electr\u00f3nico <a href=\"mailto:alen.otiev@gmail.com\">alen.otiev@gmail.com<\/a><\/p>\n<p style=\"text-align: justify;\">Los j\u00f3venes que quieran acceder a este significativo descuento deben tener la Tarjeta Joven, instrumento gratuito que entrega INJUV Ays\u00e9n y que permite a la juventud en general obtener un sin n\u00famero de beneficios, no solo en la regi\u00f3n si no que a lo largo de todo Chile.<\/p>\n<p style=\"text-align: justify;\">Respecto a la iniciativa la directora regional (s) de INJUV Ays\u00e9n, G\u00e9nesis Arias Fuentes, sostuvo que \u201cestamos muy contentos con este importante y nuevo convenio firmado, agradecemos y destacamos tambi\u00e9n al profesional Alain Authievre Araya, por su compromiso y apoyo para con nuestros j\u00f3venes. Invitamos a toda la comunidad juvenil regional a obtener su Tarjeta Joven, herramienta gratuita que entrega INJUV, de car\u00e1cter nacional, sin duda es un mecanismo de empoderamiento juvenil y donde podr\u00e1n encontrar tambi\u00e9n muchos m\u00e1s descuentos y beneficios\u201d.<\/p>\n<p style=\"text-align: justify;\">En tanto el matr\u00f3n Alain Authievre Araya, se\u00f1al\u00f3 que \u201cestoy muy entusiasmado por apoyar y ser un aporte como profesional en mi comunidad. El acceso a la salud muchas veces en esta regi\u00f3n se torna un poco compleja y es por ello que para m\u00ed se hace inminentemente necesario poder colaborar en esta \u00e1rea. Invito a la comunidad juvenil regional a aprovechar este convenio que hemos firmado con INJUV\u201d.<\/p>\n<p style=\"text-align: justify;\">Cabe destacar que en la regi\u00f3n de Ays\u00e9n la Tarjeta Joven de INJUV tiene descuentos en diferentes locales comerciales, en Coyhaique; Instituto Profesional y Centro de Formaci\u00f3n T\u00e9cnica Los Lagos, Kinemas (Kinesiolog\u00eda y Masoterapia), EME Capacitaci\u00f3n, Caf\u00e9 Holzer y consulta psicol\u00f3gica con el profesional cl\u00ednico, Javier Urrutia S\u00e1nchez. Puerto Ays\u00e9n en Kreanativa, Nitas y en Chile Chico, \u00d3ptica Imagen, Librer\u00eda y Jugueter\u00eda Patag\u00f3n, Agencia PatagoniaXpress.<\/p>\n<p style=\"text-align: justify;\">Las y los j\u00f3venes interesados en recibir informaci\u00f3n sobre las distintas actividades que realiza INJUV Ays\u00e9n y los beneficios que tiene la Tarjeta Joven pueden llamar a los tel\u00e9fonos +569 992578565- +569 95478542, escribir a las redes sociales del servicio, Fan page, Instagram o Twitter @injuvaysen.<\/p>\n<p style=\"text-align: justify;\">La direcci\u00f3n regional est\u00e1 ubicada en Manuel Rodr\u00edguez #239, Coyhaique si necesitan dirigirse de forma presencial y el horario de atenci\u00f3n es de lunes a viernes de 09:00 a 21:00 horas, horario continuado.<\/p>\n<\/div><\/section><\/div><div  style='height:50px' class='hr hr-invisible   avia-builder-el-6  el_after_av_one_full  el_before_av_social_share '><span class='hr-inner ' ><span class='hr-inner-style'><\/span><\/span><\/div><\/p>\n<div  class='av-social-sharing-box  avia-builder-el-7  el_after_av_hr  el_before_av_hr  '><div class='av-share-box'><h5 class='av-share-link-description av-no-toc '>Compartir esta noticia<\/h5><ul class='av-share-box-list noLightbox'><li class='av-share-link av-social-link-facebook' ><a target=\"_blank\" aria-label=\"Compartir en Facebook\" href='https:\/\/www.facebook.com\/sharer.php?u=https:\/\/radiorevelacionfm.cl\/?p=9085&#038;t=Firman%20nuevo%20convenio%20de%20cooperaci%C3%B3n%20enfocado%20en%20la%20salud%20de%20la%20comunidad%20juvenil%20regional' aria-hidden='false' data-av_icon='\ue8f3' data-av_iconfont='entypo-fontello' title='' data-avia-related-tooltip='Compartir en Facebook' rel=\"noopener\"><span class='avia_hidden_link_text'>Compartir en Facebook<\/span><\/a><\/li><li class='av-share-link av-social-link-twitter' ><a target=\"_blank\" aria-label=\"Compartir en Twitter\" href='https:\/\/twitter.com\/share?text=Firman%20nuevo%20convenio%20de%20cooperaci%C3%B3n%20enfocado%20en%20la%20salud%20de%20la%20comunidad%20juvenil%20regional&#038;url=https:\/\/radiorevelacionfm.cl\/?p=9085' aria-hidden='false' data-av_icon='\ue8f1' data-av_iconfont='entypo-fontello' title='' data-avia-related-tooltip='Compartir en Twitter' rel=\"noopener\"><span class='avia_hidden_link_text'>Compartir en Twitter<\/span><\/a><\/li><li class='av-share-link av-social-link-whatsapp' ><a target=\"_blank\" aria-label=\"Compartir en Whatsapp\" href='https:\/\/api.whatsapp.com\/send?text=https:\/\/radiorevelacionfm.cl\/?p=9085' aria-hidden='false' data-av_icon='\uf232' data-av_iconfont='entypo-fontello' title='' data-avia-related-tooltip='Compartir en Whatsapp' rel=\"noopener\"><span class='avia_hidden_link_text'>Compartir en Whatsapp<\/span><\/a><\/li><li class='av-share-link av-social-link-linkedin' ><a target=\"_blank\" aria-label=\"Compartir en LinkedIn\" href='https:\/\/linkedin.com\/shareArticle?mini=true&#038;title=Firman%20nuevo%20convenio%20de%20cooperaci%C3%B3n%20enfocado%20en%20la%20salud%20de%20la%20comunidad%20juvenil%20regional&#038;url=https:\/\/radiorevelacionfm.cl\/?p=9085' aria-hidden='false' data-av_icon='\ue8fc' data-av_iconfont='entypo-fontello' title='' data-avia-related-tooltip='Compartir en LinkedIn' rel=\"noopener\"><span class='avia_hidden_link_text'>Compartir en LinkedIn<\/span><\/a><\/li><li class='av-share-link av-social-link-mail' ><a  aria-label=\"Compartir por correo\" href='mailto:?subject=Firman%20nuevo%20convenio%20de%20cooperaci%C3%B3n%20enfocado%20en%20la%20salud%20de%20la%20comunidad%20juvenil%20regional&#038;body=https:\/\/radiorevelacionfm.cl\/?p=9085' aria-hidden='false' data-av_icon='\ue805' data-av_iconfont='entypo-fontello' title='' data-avia-related-tooltip='Compartir por correo'><span class='avia_hidden_link_text'>Compartir por correo<\/span><\/a><\/li><\/ul><\/div><\/div>\n<div  style='height:50px' class='hr hr-invisible   avia-builder-el-8  el_after_av_social_share  el_before_av_comments_list '><span class='hr-inner ' ><span class='hr-inner-style'><\/span><\/span><\/div>\n<div  class='av-buildercomment  av-blog-meta-html-info-disabled av-blog-meta-tag-disabled  '><\/div>\n","protected":false},"excerpt":{"rendered":"","protected":false},"author":1,"featured_media":9086,"comment_status":"open","ping_status":"open","sticky":false,"template":"","format":"standard","meta":{"footnotes":""},"categories":[38],"tags":[],"class_list":["post-9085","post","type-post","status-publish","format-standard","has-post-thumbnail","hentry","category-regional"],"jetpack_featured_media_url":"https:\/\/radiorevelacionfm.cl\/wp-content\/uploads\/2021\/09\/Foto-1-4-2-1.jpg","_links":{"self":[{"href":"https:\/\/radiorevelacionfm.cl\/index.php?rest_route=\/wp\/v2\/posts\/9085","targetHints":{"allow":["GET"]}}],"collection":[{"href":"https:\/\/radiorevelacionfm.cl\/index.php?rest_route=\/wp\/v2\/posts"}],"about":[{"href":"https:\/\/radiorevelacionfm.cl\/index.php?rest_route=\/wp\/v2\/types\/post"}],"author":[{"embeddable":true,"href":"https:\/\/radiorevelacionfm.cl\/index.php?rest_route=\/wp\/v2\/users\/1"}],"replies":[{"embeddable":true,"href":"https:\/\/radiorevelacionfm.cl\/index.php?rest_route=%2Fwp%2Fv2%2Fcomments&post=9085"}],"version-history":[{"count":1,"href":"https:\/\/radiorevelacionfm.cl\/index.php?rest_route=\/wp\/v2\/posts\/9085\/revisions"}],"predecessor-version":[{"id":9087,"href":"https:\/\/radiorevelacionfm.cl\/index.php?rest_route=\/wp\/v2\/posts\/9085\/revisions\/9087"}],"wp:featuredmedia":[{"embeddable":true,"href":"https:\/\/radiorevelacionfm.cl\/index.php?rest_route=\/wp\/v2\/media\/9086"}],"wp:attachment":[{"href":"https:\/\/radiorevelacionfm.cl\/index.php?rest_route=%2Fwp%2Fv2%2Fmedia&parent=9085"}],"wp:term":[{"taxonomy":"category","embeddable":true,"href":"https:\/\/radiorevelacionfm.cl\/index.php?rest_route=%2Fwp%2Fv2%2Fcategories&post=9085"},{"taxonomy":"post_tag","embeddable":true,"href":"https:\/\/radiorevelacionfm.cl\/index.php?rest_route=%2Fwp%2Fv2%2Ftags&post=9085"}],"curies":[{"name":"wp","href":"https:\/\/api.w.org\/{rel}","templated":true}]}}