{"id":9082,"date":"2021-09-27T22:53:56","date_gmt":"2021-09-28T01:53:56","guid":{"rendered":"https:\/\/radiorevelacionfm.cl\/?p=9082"},"modified":"2021-09-28T10:11:53","modified_gmt":"2021-09-28T13:11:53","slug":"declaran-admisible-recurso-de-proteccion-interpuesto-contra-el-gobierno-regional-por-desvinculaciones","status":"publish","type":"post","link":"https:\/\/radiorevelacionfm.cl\/?p=9082","title":{"rendered":"Declaran admisibles recursos de protecci\u00f3n interpuesto contra el Gobierno Regional por desvinculaciones"},"content":{"rendered":"<div class=\"flex_column av_one_full  flex_column_div av-zero-column-padding first  avia-builder-el-0  el_before_av_one_full  avia-builder-el-first  \" style='border-radius:0px; '><div  class='avia-image-container  av-styling-    avia-builder-el-1  avia-builder-el-no-sibling  avia-align-center '  itemprop=\"image\" itemscope=\"itemscope\" itemtype=\"https:\/\/schema.org\/ImageObject\"  ><div class='avia-image-container-inner'><div class='avia-image-overlay-wrap'><img decoding=\"async\" class='wp-image-9083 avia-img-lazy-loading-not-9083 avia_image' src=\"https:\/\/radiorevelacionfm.cl\/wp-content\/uploads\/2021\/09\/gobierno-regional-1_optimized.jpg\" alt='' title='gobierno-regional-(1)_optimized' height=\"600\" width=\"1066\"  itemprop=\"thumbnailUrl\" srcset=\"https:\/\/radiorevelacionfm.cl\/wp-content\/uploads\/2021\/09\/gobierno-regional-1_optimized.jpg 1066w, https:\/\/radiorevelacionfm.cl\/wp-content\/uploads\/2021\/09\/gobierno-regional-1_optimized-300x169.jpg 300w, https:\/\/radiorevelacionfm.cl\/wp-content\/uploads\/2021\/09\/gobierno-regional-1_optimized-1030x580.jpg 1030w, https:\/\/radiorevelacionfm.cl\/wp-content\/uploads\/2021\/09\/gobierno-regional-1_optimized-768x432.jpg 768w, https:\/\/radiorevelacionfm.cl\/wp-content\/uploads\/2021\/09\/gobierno-regional-1_optimized-705x397.jpg 705w, https:\/\/radiorevelacionfm.cl\/wp-content\/uploads\/2021\/09\/gobierno-regional-1_optimized-600x338.jpg 600w\" sizes=\"(max-width: 1066px) 100vw, 1066px\" \/><\/div><\/div><\/div><\/div>\n<div class=\"flex_column av_one_full  flex_column_div av-zero-column-padding first  avia-builder-el-2  el_after_av_one_full  el_before_av_one_full  column-top-margin\" style='border-radius:0px; '><section class=\"av_textblock_section \"  itemscope=\"itemscope\" itemtype=\"https:\/\/schema.org\/BlogPosting\" itemprop=\"blogPost\" ><div class='avia_textblock  '   itemprop=\"text\" ><p style=\"text-align: center;\"><strong><span style=\"font-size: 18pt;\">Declaran admisibles recursos de protecci\u00f3n interpuesto contra el Gobierno Regional por desvinculaciones <\/span><\/strong><\/p>\n<div id=\"gtx-trans\" style=\"position: absolute; left: -50px; top: 4.31534px;\">\n<div class=\"gtx-trans-icon\"><\/div>\n<\/div>\n<\/div><\/section><\/div><div class=\"flex_column av_one_full  flex_column_div av-zero-column-padding first  avia-builder-el-4  el_after_av_one_full  el_before_av_hr  column-top-margin\" style='border-radius:0px; '><section class=\"av_textblock_section \"  itemscope=\"itemscope\" itemtype=\"https:\/\/schema.org\/BlogPosting\" itemprop=\"blogPost\" ><div class='avia_textblock  '   itemprop=\"text\" ><p>Tras los despidos de 09 funcionarios del Gobierno Regional Ays\u00e9n ocurridos en agosto del presente a\u00f1o, este 23 de septiembre, todas las causas fueron declaradas admisibles por la Corte de Apelaciones de Coyhaique, solicitando as\u00ed un informe al Gobierno Regional, el cual debe evacuar en un plazo de 05 d\u00edas.<\/p>\n<p style=\"text-align: justify;\">Cabe recordar que el 17 de julio asumi\u00f3 Andrea Mac\u00edas Palma, como Gobernadora Regional junto a su equipo directivo, el cual est\u00e1 compuesto por un Administrador Regional y sus 06 jefes de divisi\u00f3n, profesionales que ocupan cargos de confianza dentro de la organizaci\u00f3n.<\/p>\n<p style=\"text-align: justify;\">Posteriormente el 17 de agosto, se desvinculan a 09 trabajadores\/as , cuyos contratos ten\u00edan vigencia hasta el d\u00eda 31 de diciembre del a\u00f1o 2021, por lo tanto, este termino de contrato fue anticipado.<\/p>\n<p style=\"text-align: justify;\">Las causales del despido mencionadas en los 09 casos fue d\u00e9ficit presupuestario. Adicionalmente se argumenta, falta de experiencia en los cargos, ausencia de instalaciones f\u00edsicas en las provincias, utilizaci\u00f3n de cargos de confianza, entre otros.<\/p>\n<p style=\"text-align: justify;\">Esta situaci\u00f3n gener\u00f3 repudio en la Asociaci\u00f3n de funcionarios del Gobierno Regional, como tambi\u00e9n en la ANEF, quienes se\u00f1alaron que las causales de termino anticipado emitidas por el Gobierno Regional no son v\u00e1lidas.<\/p>\n<p style=\"text-align: justify;\">Para las y los trabajadores que adem\u00e1s se encuentran vinculados a la ANEF Regional, les parece que este tipo de pr\u00e1cticas, despidos de funcionarios que no desempe\u00f1an cargos de confianza pol\u00edtica, si no funciones habituales y permanentes, no deben estar al arbitrio y o capricho de la autoridad o administraci\u00f3n de turno, que sin justificaci\u00f3n legal o de hecho, son v\u00edctimas de despidos, que carecen de fundamento, sin evaluaci\u00f3n de desempe\u00f1o, sin ser objeto de sumario, y que de revertirse, como ha sido la t\u00f3nica en los \u00faltimos a\u00f1os en la justicia, significan al estado un mayor costo y gasto fiscal que el pretendido beneficio que se pretende obtener, y que revelan que los despidos en este \u00e1mbito obedecen a criterios pol\u00edticos y no a antecedentes objetivos relativos al desempe\u00f1o laboral, que cualquiera autoridad debiera observar y encuadrarse.<\/p>\n<p style=\"text-align: justify;\">Por ello, los funcionarios desvinculados entre los d\u00edas 14 y 16 de septiembre, ingresaron las causas 324-2021 a la 330-2021, correspondientes a los Recursos de Protecci\u00f3n de los 09 trabajadores del Gobierno Regional.<\/p>\n<p style=\"text-align: justify;\">Tras declararse admisibles, resta esperar el desarrollo, en caso de obtener un fallo positivo, los 09 funcionarios\/as deben reintegrarse a sus labores hasta el d\u00eda 31 de diciembre del presente a\u00f1o.<\/p>\n<\/div><\/section><\/div><\/p>\n<div  style='height:50px' class='hr hr-invisible   avia-builder-el-6  el_after_av_one_full  el_before_av_social_share '><span class='hr-inner ' ><span class='hr-inner-style'><\/span><\/span><\/div>\n<div  class='av-social-sharing-box  avia-builder-el-7  el_after_av_hr  el_before_av_hr  '><div class='av-share-box'><h5 class='av-share-link-description av-no-toc '>Compartir esta noticia<\/h5><ul class='av-share-box-list noLightbox'><li class='av-share-link av-social-link-facebook' ><a target=\"_blank\" aria-label=\"Compartir en Facebook\" href='https:\/\/www.facebook.com\/sharer.php?u=https:\/\/radiorevelacionfm.cl\/?p=9082&#038;t=Declaran%20admisibles%20recursos%20de%20protecci%C3%B3n%20interpuesto%20contra%20el%20Gobierno%20Regional%20por%20desvinculaciones' aria-hidden='false' data-av_icon='\ue8f3' data-av_iconfont='entypo-fontello' title='' data-avia-related-tooltip='Compartir en Facebook' rel=\"noopener\"><span class='avia_hidden_link_text'>Compartir en Facebook<\/span><\/a><\/li><li class='av-share-link av-social-link-twitter' ><a target=\"_blank\" aria-label=\"Compartir en Twitter\" href='https:\/\/twitter.com\/share?text=Declaran%20admisibles%20recursos%20de%20protecci%C3%B3n%20interpuesto%20contra%20el%20Gobierno%20Regional%20por%20desvinculaciones&#038;url=https:\/\/radiorevelacionfm.cl\/?p=9082' aria-hidden='false' data-av_icon='\ue8f1' data-av_iconfont='entypo-fontello' title='' data-avia-related-tooltip='Compartir en Twitter' rel=\"noopener\"><span class='avia_hidden_link_text'>Compartir en Twitter<\/span><\/a><\/li><li class='av-share-link av-social-link-whatsapp' ><a target=\"_blank\" aria-label=\"Compartir en Whatsapp\" href='https:\/\/api.whatsapp.com\/send?text=https:\/\/radiorevelacionfm.cl\/?p=9082' aria-hidden='false' data-av_icon='\uf232' data-av_iconfont='entypo-fontello' title='' data-avia-related-tooltip='Compartir en Whatsapp' rel=\"noopener\"><span class='avia_hidden_link_text'>Compartir en Whatsapp<\/span><\/a><\/li><li class='av-share-link av-social-link-linkedin' ><a target=\"_blank\" aria-label=\"Compartir en LinkedIn\" href='https:\/\/linkedin.com\/shareArticle?mini=true&#038;title=Declaran%20admisibles%20recursos%20de%20protecci%C3%B3n%20interpuesto%20contra%20el%20Gobierno%20Regional%20por%20desvinculaciones&#038;url=https:\/\/radiorevelacionfm.cl\/?p=9082' aria-hidden='false' data-av_icon='\ue8fc' data-av_iconfont='entypo-fontello' title='' data-avia-related-tooltip='Compartir en LinkedIn' rel=\"noopener\"><span class='avia_hidden_link_text'>Compartir en LinkedIn<\/span><\/a><\/li><li class='av-share-link av-social-link-mail' ><a  aria-label=\"Compartir por correo\" href='mailto:?subject=Declaran%20admisibles%20recursos%20de%20protecci%C3%B3n%20interpuesto%20contra%20el%20Gobierno%20Regional%20por%20desvinculaciones&#038;body=https:\/\/radiorevelacionfm.cl\/?p=9082' aria-hidden='false' data-av_icon='\ue805' data-av_iconfont='entypo-fontello' title='' data-avia-related-tooltip='Compartir por correo'><span class='avia_hidden_link_text'>Compartir por correo<\/span><\/a><\/li><\/ul><\/div><\/div>\n<div  style='height:50px' class='hr hr-invisible   avia-builder-el-8  el_after_av_social_share  el_before_av_comments_list '><span class='hr-inner ' ><span class='hr-inner-style'><\/span><\/span><\/div>\n<div  class='av-buildercomment  av-blog-meta-html-info-disabled av-blog-meta-tag-disabled  '><\/div>\n","protected":false},"excerpt":{"rendered":"","protected":false},"author":1,"featured_media":9083,"comment_status":"open","ping_status":"open","sticky":false,"template":"","format":"standard","meta":{"footnotes":""},"categories":[38],"tags":[],"class_list":["post-9082","post","type-post","status-publish","format-standard","has-post-thumbnail","hentry","category-regional"],"jetpack_featured_media_url":"https:\/\/radiorevelacionfm.cl\/wp-content\/uploads\/2021\/09\/gobierno-regional-1_optimized.jpg","_links":{"self":[{"href":"https:\/\/radiorevelacionfm.cl\/index.php?rest_route=\/wp\/v2\/posts\/9082","targetHints":{"allow":["GET"]}}],"collection":[{"href":"https:\/\/radiorevelacionfm.cl\/index.php?rest_route=\/wp\/v2\/posts"}],"about":[{"href":"https:\/\/radiorevelacionfm.cl\/index.php?rest_route=\/wp\/v2\/types\/post"}],"author":[{"embeddable":true,"href":"https:\/\/radiorevelacionfm.cl\/index.php?rest_route=\/wp\/v2\/users\/1"}],"replies":[{"embeddable":true,"href":"https:\/\/radiorevelacionfm.cl\/index.php?rest_route=%2Fwp%2Fv2%2Fcomments&post=9082"}],"version-history":[{"count":2,"href":"https:\/\/radiorevelacionfm.cl\/index.php?rest_route=\/wp\/v2\/posts\/9082\/revisions"}],"predecessor-version":[{"id":9104,"href":"https:\/\/radiorevelacionfm.cl\/index.php?rest_route=\/wp\/v2\/posts\/9082\/revisions\/9104"}],"wp:featuredmedia":[{"embeddable":true,"href":"https:\/\/radiorevelacionfm.cl\/index.php?rest_route=\/wp\/v2\/media\/9083"}],"wp:attachment":[{"href":"https:\/\/radiorevelacionfm.cl\/index.php?rest_route=%2Fwp%2Fv2%2Fmedia&parent=9082"}],"wp:term":[{"taxonomy":"category","embeddable":true,"href":"https:\/\/radiorevelacionfm.cl\/index.php?rest_route=%2Fwp%2Fv2%2Fcategories&post=9082"},{"taxonomy":"post_tag","embeddable":true,"href":"https:\/\/radiorevelacionfm.cl\/index.php?rest_route=%2Fwp%2Fv2%2Ftags&post=9082"}],"curies":[{"name":"wp","href":"https:\/\/api.w.org\/{rel}","templated":true}]}}