{"id":9079,"date":"2021-09-27T17:14:30","date_gmt":"2021-09-27T20:14:30","guid":{"rendered":"https:\/\/radiorevelacionfm.cl\/?p=9079"},"modified":"2021-09-27T17:14:30","modified_gmt":"2021-09-27T20:14:30","slug":"comenzo-vacunacion-escolar-masiva-contra-el-covid-19","status":"publish","type":"post","link":"https:\/\/radiorevelacionfm.cl\/?p=9079","title":{"rendered":"Comenz\u00f3 vacunaci\u00f3n escolar masiva contra el COVID-19"},"content":{"rendered":"<div class=\"flex_column av_one_full  flex_column_div av-zero-column-padding first  avia-builder-el-0  el_before_av_one_full  avia-builder-el-first  \" style='border-radius:0px; '><div  class='avia-image-container  av-styling-    avia-builder-el-1  avia-builder-el-no-sibling  avia-align-center '  itemprop=\"image\" itemscope=\"itemscope\" itemtype=\"https:\/\/schema.org\/ImageObject\"  ><div class='avia-image-container-inner'><div class='avia-image-overlay-wrap'><img decoding=\"async\" class='wp-image-9080 avia-img-lazy-loading-not-9080 avia_image' src=\"https:\/\/radiorevelacionfm.cl\/wp-content\/uploads\/2021\/09\/vacuna-escolares-1-1.jpg\" alt='' title='vacuna escolares (1) (1)' height=\"600\" width=\"870\"  itemprop=\"thumbnailUrl\" srcset=\"https:\/\/radiorevelacionfm.cl\/wp-content\/uploads\/2021\/09\/vacuna-escolares-1-1.jpg 870w, https:\/\/radiorevelacionfm.cl\/wp-content\/uploads\/2021\/09\/vacuna-escolares-1-1-300x207.jpg 300w, https:\/\/radiorevelacionfm.cl\/wp-content\/uploads\/2021\/09\/vacuna-escolares-1-1-768x530.jpg 768w, https:\/\/radiorevelacionfm.cl\/wp-content\/uploads\/2021\/09\/vacuna-escolares-1-1-705x486.jpg 705w, https:\/\/radiorevelacionfm.cl\/wp-content\/uploads\/2021\/09\/vacuna-escolares-1-1-600x414.jpg 600w\" sizes=\"(max-width: 870px) 100vw, 870px\" \/><\/div><\/div><\/div><\/div><div class=\"flex_column av_one_full  flex_column_div av-zero-column-padding first  avia-builder-el-2  el_after_av_one_full  el_before_av_one_full  column-top-margin\" style='border-radius:0px; '><section class=\"av_textblock_section \"  itemscope=\"itemscope\" itemtype=\"https:\/\/schema.org\/BlogPosting\" itemprop=\"blogPost\" ><div class='avia_textblock  '   itemprop=\"text\" ><p style=\"text-align: center;\"><span style=\"font-size: 18pt;\"><strong>Comenz\u00f3 vacunaci\u00f3n escolar masiva contra el COVID-19\u00a0<\/strong><\/span><\/p>\n<div id=\"gtx-trans\" style=\"position: absolute; left: -50px; top: 4.31534px;\">\n<div class=\"gtx-trans-icon\"><\/div>\n<\/div>\n<\/div><\/section><\/div><div class=\"flex_column av_one_full  flex_column_div av-zero-column-padding first  avia-builder-el-4  el_after_av_one_full  el_before_av_hr  column-top-margin\" style='border-radius:0px; '><section class=\"av_textblock_section \"  itemscope=\"itemscope\" itemtype=\"https:\/\/schema.org\/BlogPosting\" itemprop=\"blogPost\" ><div class='avia_textblock  '   itemprop=\"text\" ><p style=\"text-align: justify;\">Inserto dentro del programa de vacunaci\u00f3n escolar contra el Covid-19, este lunes comenz\u00f3 en todo el pa\u00eds la vacunaci\u00f3n de ni\u00f1os y ni\u00f1as de 6 a 11 a\u00f1os con la vacuna SINOVAC; iniciativa extramural del Ministerio de Salud que busca abordar a las comunidades educativas en sus propios establecimientos educacionales, previa autorizaci\u00f3n de los apoderados o padres de los estudiantes.<\/p>\n<p style=\"text-align: justify;\">En el caso de la regi\u00f3n de Ays\u00e9n, el proceso de vacunaci\u00f3n se inici\u00f3 oficialmente en el colegio Xavier Bouti\u00f1a, ubicado en el sector alto de la capital regional, lugar donde el Director del Servicio de Salud Ays\u00e9n, Gabriel Burgos, destac\u00f3 los procesos de vacunaci\u00f3n en esta pandemia.\u00a0 \u201cLa importancia aqu\u00ed es que los padres hagan el consentimiento para que los ni\u00f1os se puedan vacunar.\u00a0 Hoy d\u00eda en la regi\u00f3n tenemos cuatro casos hospitalizados por COVID-19, donde una persona que no estaba vacuna permanece hoy conectada a ventilaci\u00f3n mec\u00e1nica. Esa es la importancia de poder llegar a los menores de edad para que puedan vacunarse a trav\u00e9s de los equipos de salud\u201d.<\/p>\n<p style=\"text-align: justify;\">Similar opini\u00f3n fue la que entreg\u00f3 el Seremi de Educaci\u00f3n, Sergio Becerra, quien se refiri\u00f3 a la necesidad de generar espacios seguros a trav\u00e9s de este proceso de vacunaci\u00f3n.\u00a0 \u201cQuiero valorar esta acci\u00f3n, por cuanto ni\u00f1os de 06 a 11 a\u00f1os podr\u00e1n ser vacunados, porque muchos de ellos pueden ser asintom\u00e1ticos, por lo tanto, no solo por la salud de ellos, sino que tambi\u00e9n por sus comunidades y familias, invitamos a los padres a que autoricen a sus ni\u00f1os a vacunarse\u201d.<\/p>\n<p style=\"text-align: justify;\">Finalmente, la Seremi de Salud (s), Ver\u00f3nica Godoy, entreg\u00f3 m\u00e1s detalles respecto a este proceso de vacunaci\u00f3n escolar.\u00a0 \u201cHoy estamos lanzando la vacunaci\u00f3n contra el COVID-19 para ni\u00f1os sanos de 06 a 11 a\u00f1os, hacemos un llamado a los padres y apoderados para que env\u00eden el consentimiento informado para que los ni\u00f1os puedan recibir esta vacuna.\u00a0 La inmunizaci\u00f3n se est\u00e1 realizando con\u00a0 la vacuna CORONOVAC del laboratorio SINOVAC, esta vacuna es de dos dosis y luego de 28 d\u00edas viene la segunda dosis. Los principales efectos adversos que se ven con cualquier vacuna, son un poco de dolor en la punci\u00f3n, un poco de congesti\u00f3n o malestar general; si esto ocurre, se deben aplicar pa\u00f1os tibios en la zona, o si detecta un efecto adverso, se sugiere acudir a cualquier centro de salud\u201d.<\/p>\n<p style=\"text-align: justify;\">A nivel local, se espera alcanzar a alrededor de 9 mil 600 escolares con la entrega de esta vacuna contra el COVID-19, donde lo m\u00e1s importante es que los padres y apoderados esperen la programaci\u00f3n que realizar\u00e1 el propio establecimiento educacional, ya que as\u00ed se evitar\u00e1 una mayor congesti\u00f3n en los centros de vacunaci\u00f3n regular que a su vez, contin\u00faan con la programaci\u00f3n de las dosis de refuerzo y rezagados.<\/p>\n<p style=\"text-align: justify;\"><strong>Recomendaciones<\/strong><\/p>\n<p style=\"text-align: justify;\">&#8211; Los menores pueden presentar leves molestias como dolor en el brazo vacunado, y en algunos casos pueden presentar episodios de fiebre leve.\u00a0 S\u00edntomas que deber\u00edan desparecer entre 24 a 48 horas.<\/p>\n<p style=\"text-align: justify;\">&#8211; Es importante mantener cuidados generales en los menores, como mantenerlos hidratados a trav\u00e9s de la ingesta de l\u00edquidos (agua).<\/p>\n<p style=\"text-align: justify;\">&#8211; De existir molestias en la zona de la vacuna, se sugiere aplicar compresas tibias.<\/p>\n<p style=\"text-align: justify;\">Ante la persistencia de cualquiera de estos u otros s\u00edntomas, se sugiere consultar en su centro de salud m\u00e1s cercano.<\/p>\n<\/div><\/section><\/div><div  style='height:50px' class='hr hr-invisible   avia-builder-el-6  el_after_av_one_full  el_before_av_social_share '><span class='hr-inner ' ><span class='hr-inner-style'><\/span><\/span><\/div><\/p>\n<div  class='av-social-sharing-box  avia-builder-el-7  el_after_av_hr  el_before_av_hr  '><div class='av-share-box'><h5 class='av-share-link-description av-no-toc '>Compartir esta noticia<\/h5><ul class='av-share-box-list noLightbox'><li class='av-share-link av-social-link-facebook' ><a target=\"_blank\" aria-label=\"Compartir en Facebook\" href='https:\/\/www.facebook.com\/sharer.php?u=https:\/\/radiorevelacionfm.cl\/?p=9079&#038;t=Comenz%C3%B3%20vacunaci%C3%B3n%20escolar%20masiva%20contra%20el%20COVID-19' aria-hidden='false' data-av_icon='\ue8f3' data-av_iconfont='entypo-fontello' title='' data-avia-related-tooltip='Compartir en Facebook' rel=\"noopener\"><span class='avia_hidden_link_text'>Compartir en Facebook<\/span><\/a><\/li><li class='av-share-link av-social-link-twitter' ><a target=\"_blank\" aria-label=\"Compartir en Twitter\" href='https:\/\/twitter.com\/share?text=Comenz%C3%B3%20vacunaci%C3%B3n%20escolar%20masiva%20contra%20el%20COVID-19&#038;url=https:\/\/radiorevelacionfm.cl\/?p=9079' aria-hidden='false' data-av_icon='\ue8f1' data-av_iconfont='entypo-fontello' title='' data-avia-related-tooltip='Compartir en Twitter' rel=\"noopener\"><span class='avia_hidden_link_text'>Compartir en Twitter<\/span><\/a><\/li><li class='av-share-link av-social-link-whatsapp' ><a target=\"_blank\" aria-label=\"Compartir en Whatsapp\" href='https:\/\/api.whatsapp.com\/send?text=https:\/\/radiorevelacionfm.cl\/?p=9079' aria-hidden='false' data-av_icon='\uf232' data-av_iconfont='entypo-fontello' title='' data-avia-related-tooltip='Compartir en Whatsapp' rel=\"noopener\"><span class='avia_hidden_link_text'>Compartir en Whatsapp<\/span><\/a><\/li><li class='av-share-link av-social-link-linkedin' ><a target=\"_blank\" aria-label=\"Compartir en LinkedIn\" href='https:\/\/linkedin.com\/shareArticle?mini=true&#038;title=Comenz%C3%B3%20vacunaci%C3%B3n%20escolar%20masiva%20contra%20el%20COVID-19&#038;url=https:\/\/radiorevelacionfm.cl\/?p=9079' aria-hidden='false' data-av_icon='\ue8fc' data-av_iconfont='entypo-fontello' title='' data-avia-related-tooltip='Compartir en LinkedIn' rel=\"noopener\"><span class='avia_hidden_link_text'>Compartir en LinkedIn<\/span><\/a><\/li><li class='av-share-link av-social-link-mail' ><a  aria-label=\"Compartir por correo\" href='mailto:?subject=Comenz%C3%B3%20vacunaci%C3%B3n%20escolar%20masiva%20contra%20el%20COVID-19&#038;body=https:\/\/radiorevelacionfm.cl\/?p=9079' aria-hidden='false' data-av_icon='\ue805' data-av_iconfont='entypo-fontello' title='' data-avia-related-tooltip='Compartir por correo'><span class='avia_hidden_link_text'>Compartir por correo<\/span><\/a><\/li><\/ul><\/div><\/div>\n<div  style='height:50px' class='hr hr-invisible   avia-builder-el-8  el_after_av_social_share  el_before_av_comments_list '><span class='hr-inner ' ><span class='hr-inner-style'><\/span><\/span><\/div>\n<div  class='av-buildercomment  av-blog-meta-html-info-disabled av-blog-meta-tag-disabled  '><\/div>\n","protected":false},"excerpt":{"rendered":"","protected":false},"author":1,"featured_media":9080,"comment_status":"open","ping_status":"open","sticky":false,"template":"","format":"standard","meta":{"footnotes":""},"categories":[46],"tags":[],"class_list":["post-9079","post","type-post","status-publish","format-standard","has-post-thumbnail","hentry","category-salud"],"jetpack_featured_media_url":"https:\/\/radiorevelacionfm.cl\/wp-content\/uploads\/2021\/09\/vacuna-escolares-1-1.jpg","_links":{"self":[{"href":"https:\/\/radiorevelacionfm.cl\/index.php?rest_route=\/wp\/v2\/posts\/9079","targetHints":{"allow":["GET"]}}],"collection":[{"href":"https:\/\/radiorevelacionfm.cl\/index.php?rest_route=\/wp\/v2\/posts"}],"about":[{"href":"https:\/\/radiorevelacionfm.cl\/index.php?rest_route=\/wp\/v2\/types\/post"}],"author":[{"embeddable":true,"href":"https:\/\/radiorevelacionfm.cl\/index.php?rest_route=\/wp\/v2\/users\/1"}],"replies":[{"embeddable":true,"href":"https:\/\/radiorevelacionfm.cl\/index.php?rest_route=%2Fwp%2Fv2%2Fcomments&post=9079"}],"version-history":[{"count":1,"href":"https:\/\/radiorevelacionfm.cl\/index.php?rest_route=\/wp\/v2\/posts\/9079\/revisions"}],"predecessor-version":[{"id":9081,"href":"https:\/\/radiorevelacionfm.cl\/index.php?rest_route=\/wp\/v2\/posts\/9079\/revisions\/9081"}],"wp:featuredmedia":[{"embeddable":true,"href":"https:\/\/radiorevelacionfm.cl\/index.php?rest_route=\/wp\/v2\/media\/9080"}],"wp:attachment":[{"href":"https:\/\/radiorevelacionfm.cl\/index.php?rest_route=%2Fwp%2Fv2%2Fmedia&parent=9079"}],"wp:term":[{"taxonomy":"category","embeddable":true,"href":"https:\/\/radiorevelacionfm.cl\/index.php?rest_route=%2Fwp%2Fv2%2Fcategories&post=9079"},{"taxonomy":"post_tag","embeddable":true,"href":"https:\/\/radiorevelacionfm.cl\/index.php?rest_route=%2Fwp%2Fv2%2Ftags&post=9079"}],"curies":[{"name":"wp","href":"https:\/\/api.w.org\/{rel}","templated":true}]}}