{"id":9075,"date":"2021-09-26T21:59:56","date_gmt":"2021-09-27T00:59:56","guid":{"rendered":"https:\/\/radiorevelacionfm.cl\/?p=9075"},"modified":"2021-09-26T21:59:56","modified_gmt":"2021-09-27T00:59:56","slug":"instalan-estacion-pluviometrica-de-alta-precision-en-puerto-cisnes","status":"publish","type":"post","link":"https:\/\/radiorevelacionfm.cl\/?p=9075","title":{"rendered":"Instalan estaci\u00f3n pluviom\u00e9trica de alta precisi\u00f3n en Puerto Cisnes"},"content":{"rendered":"<div class=\"flex_column av_one_full  flex_column_div av-zero-column-padding first  avia-builder-el-0  el_before_av_one_full  avia-builder-el-first  \" style='border-radius:0px; '><div  class='avia-image-container  av-styling-    avia-builder-el-1  avia-builder-el-no-sibling  avia-align-center '  itemprop=\"image\" itemscope=\"itemscope\" itemtype=\"https:\/\/schema.org\/ImageObject\"  ><div class='avia-image-container-inner'><div class='avia-image-overlay-wrap'><img decoding=\"async\" class='wp-image-9076 avia-img-lazy-loading-not-9076 avia_image' src=\"https:\/\/radiorevelacionfm.cl\/wp-content\/uploads\/2021\/09\/PLUVIOM-CISNES1-1-1.jpg\" alt='' title='PLUVIOM-CISNES1 (1) (1)' height=\"600\" width=\"910\"  itemprop=\"thumbnailUrl\" srcset=\"https:\/\/radiorevelacionfm.cl\/wp-content\/uploads\/2021\/09\/PLUVIOM-CISNES1-1-1.jpg 910w, https:\/\/radiorevelacionfm.cl\/wp-content\/uploads\/2021\/09\/PLUVIOM-CISNES1-1-1-300x198.jpg 300w, https:\/\/radiorevelacionfm.cl\/wp-content\/uploads\/2021\/09\/PLUVIOM-CISNES1-1-1-768x506.jpg 768w, https:\/\/radiorevelacionfm.cl\/wp-content\/uploads\/2021\/09\/PLUVIOM-CISNES1-1-1-705x465.jpg 705w, https:\/\/radiorevelacionfm.cl\/wp-content\/uploads\/2021\/09\/PLUVIOM-CISNES1-1-1-600x396.jpg 600w\" sizes=\"(max-width: 910px) 100vw, 910px\" \/><\/div><\/div><\/div><\/div><div class=\"flex_column av_one_full  flex_column_div av-zero-column-padding first  avia-builder-el-2  el_after_av_one_full  el_before_av_one_full  column-top-margin\" style='border-radius:0px; '><section class=\"av_textblock_section \"  itemscope=\"itemscope\" itemtype=\"https:\/\/schema.org\/BlogPosting\" itemprop=\"blogPost\" ><div class='avia_textblock  '   itemprop=\"text\" ><p style=\"text-align: center;\"><strong><span style=\"font-size: 18pt;\">Instalan estaci\u00f3n pluviom\u00e9trica de alta precisi\u00f3n en Puerto Cisnes<\/span><\/strong><\/p>\n<div id=\"gtx-trans\" style=\"position: absolute; left: -50px; top: 4.31534px;\">\n<div class=\"gtx-trans-icon\"><\/div>\n<\/div>\n<\/div><\/section><\/div><div class=\"flex_column av_one_full  flex_column_div av-zero-column-padding first  avia-builder-el-4  el_after_av_one_full  el_before_av_hr  column-top-margin\" style='border-radius:0px; '><section class=\"av_textblock_section \"  itemscope=\"itemscope\" itemtype=\"https:\/\/schema.org\/BlogPosting\" itemprop=\"blogPost\" ><div class='avia_textblock  '   itemprop=\"text\" ><p style=\"text-align: justify;\">En el tradicional espacio radial \u201cRelatos del Baker. Puente Entre la Ciencia y la Comunidad\u201d que se transmite todos los jueves, los investigadores Piero Mardones y Juan Pablo Boisier, explicaron la instalaci\u00f3n de una estaci\u00f3n pluviom\u00e9trica de alta precisi\u00f3n en la localidad de Puerto Cisnes, que ayudar\u00e1 a reducir la incertidumbre acerca de las precipitaciones en la zona. \u201cInstalamos un pluvi\u00f3metro de alta precisi\u00f3n en Cisnes, de pesaje y con una pantalla protectora de vientos, que permite reducir sesgos que son bien conocidas en zonas como la Patagonia, con mucho viento y condiciones de nieve. Y este pluvi\u00f3metro lo instalamos en el marco de una colaboraci\u00f3n que tenemos con el CR2, el Laboratorio Eco Clim\u00e1tico del CIEP y un proyecto FONDECYT, que en particular est\u00e1 estudiando el cambio clim\u00e1tico en esta regi\u00f3n\u201d, se\u00f1al\u00f3 Juan Pablo Boisier, f\u00edsico y climat\u00f3logo del Centro de Climatolog\u00eda y Resiliencia (CR2).<\/p>\n<p style=\"text-align: justify;\">El objetivo es comparar los datos que emiten los actuales productos, tanto satelitales, como terrestres y recoger las diferencias entre unos y otros. \u201cEste pluvi\u00f3metro recoge toda el agua que va quedando y por lo tanto uno podr\u00eda calcular tambi\u00e9n evaporaci\u00f3n, viendo las diferencias observables en el recipiente. En particular lo que apoy\u00e9 fue dejar transmitiendo la estaci\u00f3n, incorporarla al CDOM (Centro de Datos Oceanogr\u00e1ficos y Meteorol\u00f3gicos) y la idea es comparar con otros pluvi\u00f3metros instalados en la zona, para ver el valor agregado y ya hemos visto en las primeras observaciones que es capaz de medir una precipitaci\u00f3n mucho m\u00e1s fina que otros pluvi\u00f3metros\u201d, se\u00f1al\u00f3 el geof\u00edsico y meteor\u00f3logo, Piero Mardones.<\/p>\n<p style=\"text-align: justify;\">Lo que se busca a mediano y largo plazo es evaluar series climatol\u00f3gicas, que son periodos de unos 30 a\u00f1os, que permiten advertir los cambios en el territorio. \u201cEn el marco de este proyecto FONDECYT que est\u00e1 evaluando y tratando de reducir las incertidumbres de cambio clim\u00e1tico y en particular del r\u00e9gimen de precipitaciones en Patagonia. En el marco de este proyecto observacional que apunta a ver bien si es que las estaciones actuales est\u00e1n capturando el r\u00e9gimen actual. Eso nos va a permitir, por otro lado, c\u00f3mo lo hacen otro tipo de productos como lo son, por ejemplo, las im\u00e1genes satelitales que estiman precipitaciones y tambi\u00e9n otras cosas, mezcla de modelos y observaciones. Al tener mejor calibrado o conocer los sesgos de estos productos, nos permiten ver en los modelos de climas que nos dan proyecciones hacia el futuro, cu\u00e1les modelos est\u00e1n haci\u00e9ndolo mejor o peor, y en base a eso reducir la incertidumbre\u201d, remat\u00f3 el climat\u00f3logo y f\u00edsico, Juan Pablo Boisier.<\/p>\n<p style=\"text-align: justify;\">Cabe se\u00f1alar que este proyecto es una colaboraci\u00f3n entre el Laboratorio Eco Clim\u00e1tico del Centro de Investigaciones en Ecosistemas de la Patagonia (CIEP) y el Fondo Nacional de Desarrollo Cient\u00edfico y Tecnol\u00f3gico (FONDECYT).<\/p>\n<\/div><\/section><\/div><div  style='height:50px' class='hr hr-invisible   avia-builder-el-6  el_after_av_one_full  el_before_av_social_share '><span class='hr-inner ' ><span class='hr-inner-style'><\/span><\/span><\/div><\/p>\n<div  class='av-social-sharing-box  avia-builder-el-7  el_after_av_hr  el_before_av_hr  '><div class='av-share-box'><h5 class='av-share-link-description av-no-toc '>Compartir esta noticia<\/h5><ul class='av-share-box-list noLightbox'><li class='av-share-link av-social-link-facebook' ><a target=\"_blank\" aria-label=\"Compartir en Facebook\" href='https:\/\/www.facebook.com\/sharer.php?u=https:\/\/radiorevelacionfm.cl\/?p=9075&#038;t=Instalan%20estaci%C3%B3n%20pluviom%C3%A9trica%20de%20alta%20precisi%C3%B3n%20en%20Puerto%20Cisnes' aria-hidden='false' data-av_icon='\ue8f3' data-av_iconfont='entypo-fontello' title='' data-avia-related-tooltip='Compartir en Facebook' rel=\"noopener\"><span class='avia_hidden_link_text'>Compartir en Facebook<\/span><\/a><\/li><li class='av-share-link av-social-link-twitter' ><a target=\"_blank\" aria-label=\"Compartir en Twitter\" href='https:\/\/twitter.com\/share?text=Instalan%20estaci%C3%B3n%20pluviom%C3%A9trica%20de%20alta%20precisi%C3%B3n%20en%20Puerto%20Cisnes&#038;url=https:\/\/radiorevelacionfm.cl\/?p=9075' aria-hidden='false' data-av_icon='\ue8f1' data-av_iconfont='entypo-fontello' title='' data-avia-related-tooltip='Compartir en Twitter' rel=\"noopener\"><span class='avia_hidden_link_text'>Compartir en Twitter<\/span><\/a><\/li><li class='av-share-link av-social-link-whatsapp' ><a target=\"_blank\" aria-label=\"Compartir en Whatsapp\" href='https:\/\/api.whatsapp.com\/send?text=https:\/\/radiorevelacionfm.cl\/?p=9075' aria-hidden='false' data-av_icon='\uf232' data-av_iconfont='entypo-fontello' title='' data-avia-related-tooltip='Compartir en Whatsapp' rel=\"noopener\"><span class='avia_hidden_link_text'>Compartir en Whatsapp<\/span><\/a><\/li><li class='av-share-link av-social-link-linkedin' ><a target=\"_blank\" aria-label=\"Compartir en LinkedIn\" href='https:\/\/linkedin.com\/shareArticle?mini=true&#038;title=Instalan%20estaci%C3%B3n%20pluviom%C3%A9trica%20de%20alta%20precisi%C3%B3n%20en%20Puerto%20Cisnes&#038;url=https:\/\/radiorevelacionfm.cl\/?p=9075' aria-hidden='false' data-av_icon='\ue8fc' data-av_iconfont='entypo-fontello' title='' data-avia-related-tooltip='Compartir en LinkedIn' rel=\"noopener\"><span class='avia_hidden_link_text'>Compartir en LinkedIn<\/span><\/a><\/li><li class='av-share-link av-social-link-mail' ><a  aria-label=\"Compartir por correo\" href='mailto:?subject=Instalan%20estaci%C3%B3n%20pluviom%C3%A9trica%20de%20alta%20precisi%C3%B3n%20en%20Puerto%20Cisnes&#038;body=https:\/\/radiorevelacionfm.cl\/?p=9075' aria-hidden='false' data-av_icon='\ue805' data-av_iconfont='entypo-fontello' title='' data-avia-related-tooltip='Compartir por correo'><span class='avia_hidden_link_text'>Compartir por correo<\/span><\/a><\/li><\/ul><\/div><\/div>\n<div  style='height:50px' class='hr hr-invisible   avia-builder-el-8  el_after_av_social_share  el_before_av_comments_list '><span class='hr-inner ' ><span class='hr-inner-style'><\/span><\/span><\/div>\n<div  class='av-buildercomment  av-blog-meta-html-info-disabled av-blog-meta-tag-disabled  '><\/div>\n","protected":false},"excerpt":{"rendered":"","protected":false},"author":1,"featured_media":9076,"comment_status":"open","ping_status":"open","sticky":false,"template":"","format":"standard","meta":{"footnotes":""},"categories":[38],"tags":[],"class_list":["post-9075","post","type-post","status-publish","format-standard","has-post-thumbnail","hentry","category-regional"],"jetpack_featured_media_url":"https:\/\/radiorevelacionfm.cl\/wp-content\/uploads\/2021\/09\/PLUVIOM-CISNES1-1-1.jpg","_links":{"self":[{"href":"https:\/\/radiorevelacionfm.cl\/index.php?rest_route=\/wp\/v2\/posts\/9075","targetHints":{"allow":["GET"]}}],"collection":[{"href":"https:\/\/radiorevelacionfm.cl\/index.php?rest_route=\/wp\/v2\/posts"}],"about":[{"href":"https:\/\/radiorevelacionfm.cl\/index.php?rest_route=\/wp\/v2\/types\/post"}],"author":[{"embeddable":true,"href":"https:\/\/radiorevelacionfm.cl\/index.php?rest_route=\/wp\/v2\/users\/1"}],"replies":[{"embeddable":true,"href":"https:\/\/radiorevelacionfm.cl\/index.php?rest_route=%2Fwp%2Fv2%2Fcomments&post=9075"}],"version-history":[{"count":1,"href":"https:\/\/radiorevelacionfm.cl\/index.php?rest_route=\/wp\/v2\/posts\/9075\/revisions"}],"predecessor-version":[{"id":9077,"href":"https:\/\/radiorevelacionfm.cl\/index.php?rest_route=\/wp\/v2\/posts\/9075\/revisions\/9077"}],"wp:featuredmedia":[{"embeddable":true,"href":"https:\/\/radiorevelacionfm.cl\/index.php?rest_route=\/wp\/v2\/media\/9076"}],"wp:attachment":[{"href":"https:\/\/radiorevelacionfm.cl\/index.php?rest_route=%2Fwp%2Fv2%2Fmedia&parent=9075"}],"wp:term":[{"taxonomy":"category","embeddable":true,"href":"https:\/\/radiorevelacionfm.cl\/index.php?rest_route=%2Fwp%2Fv2%2Fcategories&post=9075"},{"taxonomy":"post_tag","embeddable":true,"href":"https:\/\/radiorevelacionfm.cl\/index.php?rest_route=%2Fwp%2Fv2%2Ftags&post=9075"}],"curies":[{"name":"wp","href":"https:\/\/api.w.org\/{rel}","templated":true}]}}