{"id":9072,"date":"2021-09-27T09:55:31","date_gmt":"2021-09-27T12:55:31","guid":{"rendered":"https:\/\/radiorevelacionfm.cl\/?p=9072"},"modified":"2021-09-27T10:13:51","modified_gmt":"2021-09-27T13:13:51","slug":"difunden-investigacion-de-delitos-medioambientales-y-se-fortalece-trabajo-asociativo","status":"publish","type":"post","link":"https:\/\/radiorevelacionfm.cl\/?p=9072","title":{"rendered":"Difunden investigaci\u00f3n de delitos medioambientales y se fortalece trabajo asociativo"},"content":{"rendered":"<div class=\"flex_column av_one_full  flex_column_div av-zero-column-padding first  avia-builder-el-0  el_before_av_one_full  avia-builder-el-first  \" style='border-radius:0px; '><div  class='avia-image-container  av-styling-    avia-builder-el-1  avia-builder-el-no-sibling  avia-align-center '  itemprop=\"image\" itemscope=\"itemscope\" itemtype=\"https:\/\/schema.org\/ImageObject\"  ><div class='avia-image-container-inner'><div class='avia-image-overlay-wrap'><img decoding=\"async\" class='wp-image-9073 avia-img-lazy-loading-not-9073 avia_image' src=\"https:\/\/radiorevelacionfm.cl\/wp-content\/uploads\/2021\/09\/Charla-BIDEMA-Aysen-015-1-1.jpg\" alt='' title='Charla BIDEMA Ays\u00e9n 015 (1) (1)' height=\"600\" width=\"859\"  itemprop=\"thumbnailUrl\" srcset=\"https:\/\/radiorevelacionfm.cl\/wp-content\/uploads\/2021\/09\/Charla-BIDEMA-Aysen-015-1-1.jpg 859w, https:\/\/radiorevelacionfm.cl\/wp-content\/uploads\/2021\/09\/Charla-BIDEMA-Aysen-015-1-1-300x210.jpg 300w, https:\/\/radiorevelacionfm.cl\/wp-content\/uploads\/2021\/09\/Charla-BIDEMA-Aysen-015-1-1-768x536.jpg 768w, https:\/\/radiorevelacionfm.cl\/wp-content\/uploads\/2021\/09\/Charla-BIDEMA-Aysen-015-1-1-705x492.jpg 705w, https:\/\/radiorevelacionfm.cl\/wp-content\/uploads\/2021\/09\/Charla-BIDEMA-Aysen-015-1-1-600x419.jpg 600w\" sizes=\"(max-width: 859px) 100vw, 859px\" \/><\/div><\/div><\/div><\/div><div class=\"flex_column av_one_full  flex_column_div av-zero-column-padding first  avia-builder-el-2  el_after_av_one_full  el_before_av_one_full  column-top-margin\" style='border-radius:0px; '><section class=\"av_textblock_section \"  itemscope=\"itemscope\" itemtype=\"https:\/\/schema.org\/BlogPosting\" itemprop=\"blogPost\" ><div class='avia_textblock  '   itemprop=\"text\" ><p style=\"text-align: center;\"><span style=\"font-size: 18pt;\"><strong>Difunden investigaci\u00f3n de delitos medioambientales y se fortalece trabajo asociativo<\/strong><\/span><\/p>\n<div id=\"gtx-trans\" style=\"position: absolute; left: -50px; top: 4.31534px;\">\n<div class=\"gtx-trans-icon\"><\/div>\n<\/div>\n<\/div><\/section><\/div><div class=\"flex_column av_one_full  flex_column_div av-zero-column-padding first  avia-builder-el-4  el_after_av_one_full  el_before_av_hr  column-top-margin\" style='border-radius:0px; '><section class=\"av_textblock_section \"  itemscope=\"itemscope\" itemtype=\"https:\/\/schema.org\/BlogPosting\" itemprop=\"blogPost\" ><div class='avia_textblock  '   itemprop=\"text\" ><p style=\"text-align: justify;\">Recientemente, la Brigada Investigadora de Delitos del Medio Ambiente y Patrimonio Cultural (BIDEMA) Ays\u00e9n inici\u00f3 un ciclo de charlas y capacitaciones que tiene como finalidad fortalecer el trabajo de coordinaci\u00f3n interinstitucional para favorecer las investigaciones medioambientales que realiza la unidad con jurisdicci\u00f3n birregional a cargo de las investigaciones de delitos que afecten al medio ambiente en las regiones de Ays\u00e9n del General Carlos Ib\u00e1\u00f1ez del Campo y de Magallanes y de la Ant\u00e1rtica Chilena.<\/p>\n<p style=\"text-align: justify;\">La actividad se enmarca en los 14 a\u00f1os de la BIDEMA Ays\u00e9n, hito conmemorado recientemente el pasado 5 de septiembre, fecha en que se cre\u00f3 la Orden General que dio nacimiento a la unidad especializada con asiento en la regi\u00f3n de Ays\u00e9n del General Carlos Ib\u00e1\u00f1ez del Campo.<\/p>\n<p style=\"text-align: justify;\">El lanzamiento de la iniciativa se realiz\u00f3 a nivel interno el pasado 9 de septiembre y cont\u00f3 con la participaci\u00f3n del jefe regional de Ays\u00e9n, prefecto Jorge Vald\u00e9s, el jefe de la Prefectura Provincial Magallanes, prefecto Juan Suazo, y detectives de las unidades dependientes de ambas regiones. Posteriormente, y para robustecer el trabajo asociativo relativo al medio ambiente, se han desarrollado dos nuevas jornadas de exposiciones y capacitaciones.<\/p>\n<p style=\"text-align: justify;\">Al respecto, el subprefecto Claudio Reyes, jefe de la unidad especializada, se\u00f1al\u00f3 que \u201ccon motivo de los 14 a\u00f1os de la BIDEMA Ays\u00e9n se ha decidido realizar un ciclo de exposiciones con nuestros aliados estrat\u00e9gicos, con la finalidad de poder dar a conocer cu\u00e1l es la labor que realiza esta brigada especializada y c\u00f3mo nos vinculamos con el resto de las instituciones. Con estas actividades pretendemos generar lazos, buscar alg\u00fan tipo de cooperaci\u00f3n y ver de qu\u00e9 forma nos podemos complementar entre todas las instituciones y actores que trabajan en los distintos delitos que investiga esta BIDEMA\u201d.<\/p>\n<p style=\"text-align: justify;\">As\u00ed, el martes 14 de septiembre se llev\u00f3 a cabo la charla dirigida a los Juzgados de Polic\u00eda Local de las regiones de Ays\u00e9n y Magallanes donde participaron los jueces de Lago Verde, Cochrane y Punta Arenas, donde se expuso sobre el trabajo y quehacer de la BIDEMA Ays\u00e9n que se relaciona con las materias o asuntos de competencia de los Juzgados de Polic\u00eda Local como, por ejemplo, infracciones a la Ley de Tenencia Responsable, Ley de Bosques, Ley de Tr\u00e1nsito en cuyos casos que se relacionan con temas medioambientales y patrimoniales.<\/p>\n<p style=\"text-align: justify;\">En la oportunidad, se logr\u00f3 fortalecer la coordinaci\u00f3n con los jueces para aquellos casos en que requieran apoyo y asesor\u00eda t\u00e9cnica de la BIDEMA ante requerimientos y consultas frente a temas medioambientales.<\/p>\n<p style=\"text-align: justify;\">Del mismo modo, el reciente martes 21 de septiembre se desarroll\u00f3 la segunda jornada a nivel externo que cont\u00f3 con la destacada exposici\u00f3n del equipo de la Oficina T\u00e9cnica Regional del Consejo de Monumentos Nacionales. La BIDEMA Ays\u00e9n abord\u00f3 la investigaci\u00f3n de delitos contra el patrimonio cultural mientras que el Consejo de Monumentos profundiz\u00f3 en la Ley N\u00b017.288 de Monumentos Nacionales. Esta charla cont\u00f3 con la participaci\u00f3n de personal de la Direcci\u00f3n de Aeron\u00e1utica Civil, Servicio Nacional de Aduanas, Museo Regional de Ays\u00e9n, Corporaci\u00f3n Nacional Forestal y Servicio Agr\u00edcola y Ganadero.<\/p>\n<p style=\"text-align: justify;\">En esta jornada, se logr\u00f3 intercambiar conocimientos y experiencias con representantes de las instituciones con las que hemos trabajado ante procedimientos policiales e investigaciones en materia patrimonial natural y cultural, llevando la normativa a la pr\u00e1ctica para el quehacer de cada \u00e1rea t\u00e9cnica.<\/p>\n<p style=\"text-align: justify;\">El ciclo de charlas y exposiciones continuar\u00e1 para abordar tem\u00e1ticas sobre Ley de Tenencia Responsable y maltrato animal, Ley de Caza, especies protegidas y extracci\u00f3n del pomp\u00f3n, Ley de Bosques, tala, incendios forestales y Parques Nacionales, Ley de Pesca y delito de contaminaci\u00f3n ambiental, delitos contra la salud p\u00fablica y mataderos clandestinos, y contaminaci\u00f3n del aire, faltas administrativas y temas relacionados al Servicio de Evaluaci\u00f3n Ambiental con distintos actores regionales.<\/p>\n<p style=\"text-align: justify;\">Finalmente, el subprefecto Reyes puntualiz\u00f3 que \u201cesta iniciativa pretende desarrollar un v\u00ednculo virtuoso con nuestros aliados estrat\u00e9gicos para fortalecer la investigaci\u00f3n de los delitos medioambientales y patrimoniales de la regi\u00f3n, generando un trabajo coherente, oportuno y eficiente en cada uno de los casos donde el trabajo especializado de cada instituci\u00f3n es clave para la persecuci\u00f3n de este tipo de hechos\u201d.<\/p>\n<\/div><\/section><\/div><div  style='height:50px' class='hr hr-invisible   avia-builder-el-6  el_after_av_one_full  el_before_av_social_share '><span class='hr-inner ' ><span class='hr-inner-style'><\/span><\/span><\/div><\/p>\n<div  class='av-social-sharing-box  avia-builder-el-7  el_after_av_hr  el_before_av_hr  '><div class='av-share-box'><h5 class='av-share-link-description av-no-toc '>Compartir esta noticia<\/h5><ul class='av-share-box-list noLightbox'><li class='av-share-link av-social-link-facebook' ><a target=\"_blank\" aria-label=\"Compartir en Facebook\" href='https:\/\/www.facebook.com\/sharer.php?u=https:\/\/radiorevelacionfm.cl\/?p=9072&#038;t=Difunden%20investigaci%C3%B3n%20de%20delitos%20medioambientales%20y%20se%20fortalece%20trabajo%20asociativo' aria-hidden='false' data-av_icon='\ue8f3' data-av_iconfont='entypo-fontello' title='' data-avia-related-tooltip='Compartir en Facebook' rel=\"noopener\"><span class='avia_hidden_link_text'>Compartir en Facebook<\/span><\/a><\/li><li class='av-share-link av-social-link-twitter' ><a target=\"_blank\" aria-label=\"Compartir en Twitter\" href='https:\/\/twitter.com\/share?text=Difunden%20investigaci%C3%B3n%20de%20delitos%20medioambientales%20y%20se%20fortalece%20trabajo%20asociativo&#038;url=https:\/\/radiorevelacionfm.cl\/?p=9072' aria-hidden='false' data-av_icon='\ue8f1' data-av_iconfont='entypo-fontello' title='' data-avia-related-tooltip='Compartir en Twitter' rel=\"noopener\"><span class='avia_hidden_link_text'>Compartir en Twitter<\/span><\/a><\/li><li class='av-share-link av-social-link-whatsapp' ><a target=\"_blank\" aria-label=\"Compartir en Whatsapp\" href='https:\/\/api.whatsapp.com\/send?text=https:\/\/radiorevelacionfm.cl\/?p=9072' aria-hidden='false' data-av_icon='\uf232' data-av_iconfont='entypo-fontello' title='' data-avia-related-tooltip='Compartir en Whatsapp' rel=\"noopener\"><span class='avia_hidden_link_text'>Compartir en Whatsapp<\/span><\/a><\/li><li class='av-share-link av-social-link-linkedin' ><a target=\"_blank\" aria-label=\"Compartir en LinkedIn\" href='https:\/\/linkedin.com\/shareArticle?mini=true&#038;title=Difunden%20investigaci%C3%B3n%20de%20delitos%20medioambientales%20y%20se%20fortalece%20trabajo%20asociativo&#038;url=https:\/\/radiorevelacionfm.cl\/?p=9072' aria-hidden='false' data-av_icon='\ue8fc' data-av_iconfont='entypo-fontello' title='' data-avia-related-tooltip='Compartir en LinkedIn' rel=\"noopener\"><span class='avia_hidden_link_text'>Compartir en LinkedIn<\/span><\/a><\/li><li class='av-share-link av-social-link-mail' ><a  aria-label=\"Compartir por correo\" href='mailto:?subject=Difunden%20investigaci%C3%B3n%20de%20delitos%20medioambientales%20y%20se%20fortalece%20trabajo%20asociativo&#038;body=https:\/\/radiorevelacionfm.cl\/?p=9072' aria-hidden='false' data-av_icon='\ue805' data-av_iconfont='entypo-fontello' title='' data-avia-related-tooltip='Compartir por correo'><span class='avia_hidden_link_text'>Compartir por correo<\/span><\/a><\/li><\/ul><\/div><\/div>\n<div  style='height:50px' class='hr hr-invisible   avia-builder-el-8  el_after_av_social_share  el_before_av_comments_list '><span class='hr-inner ' ><span class='hr-inner-style'><\/span><\/span><\/div>\n<div  class='av-buildercomment  av-blog-meta-html-info-disabled av-blog-meta-tag-disabled  '><\/div>\n","protected":false},"excerpt":{"rendered":"","protected":false},"author":1,"featured_media":9078,"comment_status":"open","ping_status":"open","sticky":false,"template":"","format":"standard","meta":{"footnotes":""},"categories":[36],"tags":[],"class_list":["post-9072","post","type-post","status-publish","format-standard","has-post-thumbnail","hentry","category-policial"],"jetpack_featured_media_url":"https:\/\/radiorevelacionfm.cl\/wp-content\/uploads\/2021\/09\/Charla-BIDEMA-Aysen-015-2-2.jpg","_links":{"self":[{"href":"https:\/\/radiorevelacionfm.cl\/index.php?rest_route=\/wp\/v2\/posts\/9072","targetHints":{"allow":["GET"]}}],"collection":[{"href":"https:\/\/radiorevelacionfm.cl\/index.php?rest_route=\/wp\/v2\/posts"}],"about":[{"href":"https:\/\/radiorevelacionfm.cl\/index.php?rest_route=\/wp\/v2\/types\/post"}],"author":[{"embeddable":true,"href":"https:\/\/radiorevelacionfm.cl\/index.php?rest_route=\/wp\/v2\/users\/1"}],"replies":[{"embeddable":true,"href":"https:\/\/radiorevelacionfm.cl\/index.php?rest_route=%2Fwp%2Fv2%2Fcomments&post=9072"}],"version-history":[{"count":1,"href":"https:\/\/radiorevelacionfm.cl\/index.php?rest_route=\/wp\/v2\/posts\/9072\/revisions"}],"predecessor-version":[{"id":9074,"href":"https:\/\/radiorevelacionfm.cl\/index.php?rest_route=\/wp\/v2\/posts\/9072\/revisions\/9074"}],"wp:featuredmedia":[{"embeddable":true,"href":"https:\/\/radiorevelacionfm.cl\/index.php?rest_route=\/wp\/v2\/media\/9078"}],"wp:attachment":[{"href":"https:\/\/radiorevelacionfm.cl\/index.php?rest_route=%2Fwp%2Fv2%2Fmedia&parent=9072"}],"wp:term":[{"taxonomy":"category","embeddable":true,"href":"https:\/\/radiorevelacionfm.cl\/index.php?rest_route=%2Fwp%2Fv2%2Fcategories&post=9072"},{"taxonomy":"post_tag","embeddable":true,"href":"https:\/\/radiorevelacionfm.cl\/index.php?rest_route=%2Fwp%2Fv2%2Ftags&post=9072"}],"curies":[{"name":"wp","href":"https:\/\/api.w.org\/{rel}","templated":true}]}}