{"id":9069,"date":"2021-09-26T20:17:10","date_gmt":"2021-09-26T23:17:10","guid":{"rendered":"https:\/\/radiorevelacionfm.cl\/?p=9069"},"modified":"2021-09-26T20:17:10","modified_gmt":"2021-09-26T23:17:10","slug":"denuncias-a-servicios-de-transporte-subvencionado-culminan-con-multas-a-empresas-involucradas","status":"publish","type":"post","link":"https:\/\/radiorevelacionfm.cl\/?p=9069","title":{"rendered":"Denuncias a servicios de transporte subvencionado culminan con multas a empresas involucradas"},"content":{"rendered":"<div class=\"flex_column av_one_full  flex_column_div av-zero-column-padding first  avia-builder-el-0  el_before_av_one_full  avia-builder-el-first  \" style='border-radius:0px; '><div  class='avia-image-container  av-styling-    avia-builder-el-1  avia-builder-el-no-sibling  avia-align-center '  itemprop=\"image\" itemscope=\"itemscope\" itemtype=\"https:\/\/schema.org\/ImageObject\"  ><div class='avia-image-container-inner'><div class='avia-image-overlay-wrap'><img decoding=\"async\" class='wp-image-9070 avia-img-lazy-loading-not-9070 avia_image' src=\"https:\/\/radiorevelacionfm.cl\/wp-content\/uploads\/2021\/09\/DSC_0223-2a-1-1.jpg\" alt='' title='DSC_0223 (2)a (1) (1)' height=\"600\" width=\"1452\"  itemprop=\"thumbnailUrl\" srcset=\"https:\/\/radiorevelacionfm.cl\/wp-content\/uploads\/2021\/09\/DSC_0223-2a-1-1.jpg 1452w, https:\/\/radiorevelacionfm.cl\/wp-content\/uploads\/2021\/09\/DSC_0223-2a-1-1-300x124.jpg 300w, https:\/\/radiorevelacionfm.cl\/wp-content\/uploads\/2021\/09\/DSC_0223-2a-1-1-1030x426.jpg 1030w, https:\/\/radiorevelacionfm.cl\/wp-content\/uploads\/2021\/09\/DSC_0223-2a-1-1-768x317.jpg 768w, https:\/\/radiorevelacionfm.cl\/wp-content\/uploads\/2021\/09\/DSC_0223-2a-1-1-705x291.jpg 705w, https:\/\/radiorevelacionfm.cl\/wp-content\/uploads\/2021\/09\/DSC_0223-2a-1-1-600x248.jpg 600w\" sizes=\"(max-width: 1452px) 100vw, 1452px\" \/><\/div><\/div><\/div><\/div><div class=\"flex_column av_one_full  flex_column_div av-zero-column-padding first  avia-builder-el-2  el_after_av_one_full  el_before_av_one_full  column-top-margin\" style='border-radius:0px; '><section class=\"av_textblock_section \"  itemscope=\"itemscope\" itemtype=\"https:\/\/schema.org\/BlogPosting\" itemprop=\"blogPost\" ><div class='avia_textblock  '   itemprop=\"text\" ><p style=\"text-align: center;\"><strong><span style=\"font-size: 18pt;\">Denuncias a servicios de transporte subvencionado culminan con multas a empresas involucradas<\/span><\/strong><\/p>\n<div id=\"gtx-trans\" style=\"position: absolute; left: -50px; top: 4.31534px;\">\n<div class=\"gtx-trans-icon\"><\/div>\n<\/div>\n<\/div><\/section><\/div><div class=\"flex_column av_one_full  flex_column_div av-zero-column-padding first  avia-builder-el-4  el_after_av_one_full  el_before_av_hr  column-top-margin\" style='border-radius:0px; '><section class=\"av_textblock_section \"  itemscope=\"itemscope\" itemtype=\"https:\/\/schema.org\/BlogPosting\" itemprop=\"blogPost\" ><div class='avia_textblock  '   itemprop=\"text\" ><p style=\"font-weight: 400; text-align: justify;\">Con el fin de dar a conocer las gestiones administrativas para sancionar a las empresas que han sido denunciadas por los pasajeros, ya sea por incumplimiento de frecuencias o faltas en el servicio, el seremiTT se refiri\u00f3 a dos casos que afectaron la movilidad de vecinos del litoral. En mayo de este a\u00f1o, los usuarios de la barcaza Jacaf denunciaron que la calefacci\u00f3n de dicha nave no estaba funcionando, mientras esperaban que la Armada diera orden de desembarco en Puerto Chacabuco, cerrado por condiciones clim\u00e1ticas. Esta situaci\u00f3n se prolong\u00f3 por varias horas provocando la molestia de los pasajeros.<\/p>\n<p style=\"font-weight: 400; text-align: justify;\">Al respecto el seremiTT Fabi\u00e1n Rojas anunci\u00f3 que \u201cesas denuncias que recibimos por parte de los vecinos dieron origen a un proceso sancionatorio que culmin\u00f3 con una multa de 8 millones 500 mil pesos por incumplir las condiciones de servicio. La empresa ya contaba con otra multa, un descuento equivalente a 105 millones de pesos por un incumplimiento de itinerarios y frecuencias. La se\u00f1al que queremos dar es que cuando se hacen las denuncias podemos iniciar estos procesos y tener un resultado, que son multas cuando no se garantizan las condiciones de servicio\u201d.<\/p>\n<p style=\"font-weight: 400; text-align: justify;\">En otro caso que afect\u00f3 a los habitantes del litoral norte, a fines de agosto se anticip\u00f3 el fin del contrato de la ruta de transporte subvencionado Repollal \u2013 Melinka, por no prestar el servicio debido a desperfectos t\u00e9cnicos del bus y no contar con una m\u00e1quina de reemplazo.<\/p>\n<p style=\"font-weight: 400; text-align: justify;\">\u201cAl reclamo de los vecinos se sum\u00f3 el reclamo del municipio por lo que terminamos el contrato y contratamos un nuevo servicio. Adem\u00e1s se aplic\u00f3 una multa al operador por no entregar el servicio de la forma adecuada, se le descont\u00f3 el monto del subsidio y adem\u00e1s se cobr\u00f3 la boleta garant\u00eda. En total, el valor de la multa fue de unos 10 millones de pesos. Esto da cuenta de que vamos a exigir a los operadores entregar el mejor servicio a nuestros usuarios y si esto no ocurre, vamos a tomar las decisiones m\u00e1s dr\u00e1sticas en pos de garantizar un buen servicio para los vecinos de la regi\u00f3n de Ays\u00e9n\u201d, asegur\u00f3 Rojas.<\/p>\n<p style=\"font-weight: 400; text-align: justify;\">Los pasajeros de transporte p\u00fablico pueden hacer llegar sus denuncias y reclamos a trav\u00e9s de las plataformas virtuales\u00a0<a href=\"http:\/\/www.transportescucha.cl\/\" data-saferedirecturl=\"https:\/\/www.google.com\/url?q=http:\/\/www.transportescucha.cl&amp;source=gmail&amp;ust=1632780464631000&amp;usg=AFQjCNGfKIra8h5Snn0chAkG0nOl3GNZvg\">www.transportescucha.cl<\/a>\u00a0y\u00a0<a href=\"http:\/\/www.xn--fiscalizacin-bib.cl\/\" data-saferedirecturl=\"https:\/\/www.google.com\/url?q=http:\/\/www.fiscalizaci%C3%B3n.cl&amp;source=gmail&amp;ust=1632780464631000&amp;usg=AFQjCNHPPO2dBLcYfI9Edxekl2nXGcPvRQ\">www.fiscalizaci\u00f3n.cl<\/a>. Adem\u00e1s se puede acudir presencialmente a la OIRS de la SeremiTT Regi\u00f3n de Ays\u00e9n, ubicada en Dussen 188, Coyhaique.<\/p>\n<\/div><\/section><\/div><div  style='height:50px' class='hr hr-invisible   avia-builder-el-6  el_after_av_one_full  el_before_av_social_share '><span class='hr-inner ' ><span class='hr-inner-style'><\/span><\/span><\/div><\/p>\n<div  class='av-social-sharing-box  avia-builder-el-7  el_after_av_hr  el_before_av_hr  '><div class='av-share-box'><h5 class='av-share-link-description av-no-toc '>Compartir esta noticia<\/h5><ul class='av-share-box-list noLightbox'><li class='av-share-link av-social-link-facebook' ><a target=\"_blank\" aria-label=\"Compartir en Facebook\" href='https:\/\/www.facebook.com\/sharer.php?u=https:\/\/radiorevelacionfm.cl\/?p=9069&#038;t=Denuncias%20a%20servicios%20de%20transporte%20subvencionado%20culminan%20con%20multas%20a%20empresas%20involucradas' aria-hidden='false' data-av_icon='\ue8f3' data-av_iconfont='entypo-fontello' title='' data-avia-related-tooltip='Compartir en Facebook' rel=\"noopener\"><span class='avia_hidden_link_text'>Compartir en Facebook<\/span><\/a><\/li><li class='av-share-link av-social-link-twitter' ><a target=\"_blank\" aria-label=\"Compartir en Twitter\" href='https:\/\/twitter.com\/share?text=Denuncias%20a%20servicios%20de%20transporte%20subvencionado%20culminan%20con%20multas%20a%20empresas%20involucradas&#038;url=https:\/\/radiorevelacionfm.cl\/?p=9069' aria-hidden='false' data-av_icon='\ue8f1' data-av_iconfont='entypo-fontello' title='' data-avia-related-tooltip='Compartir en Twitter' rel=\"noopener\"><span class='avia_hidden_link_text'>Compartir en Twitter<\/span><\/a><\/li><li class='av-share-link av-social-link-whatsapp' ><a target=\"_blank\" aria-label=\"Compartir en Whatsapp\" href='https:\/\/api.whatsapp.com\/send?text=https:\/\/radiorevelacionfm.cl\/?p=9069' aria-hidden='false' data-av_icon='\uf232' data-av_iconfont='entypo-fontello' title='' data-avia-related-tooltip='Compartir en Whatsapp' rel=\"noopener\"><span class='avia_hidden_link_text'>Compartir en Whatsapp<\/span><\/a><\/li><li class='av-share-link av-social-link-linkedin' ><a target=\"_blank\" aria-label=\"Compartir en LinkedIn\" href='https:\/\/linkedin.com\/shareArticle?mini=true&#038;title=Denuncias%20a%20servicios%20de%20transporte%20subvencionado%20culminan%20con%20multas%20a%20empresas%20involucradas&#038;url=https:\/\/radiorevelacionfm.cl\/?p=9069' aria-hidden='false' data-av_icon='\ue8fc' data-av_iconfont='entypo-fontello' title='' data-avia-related-tooltip='Compartir en LinkedIn' rel=\"noopener\"><span class='avia_hidden_link_text'>Compartir en LinkedIn<\/span><\/a><\/li><li class='av-share-link av-social-link-mail' ><a  aria-label=\"Compartir por correo\" href='mailto:?subject=Denuncias%20a%20servicios%20de%20transporte%20subvencionado%20culminan%20con%20multas%20a%20empresas%20involucradas&#038;body=https:\/\/radiorevelacionfm.cl\/?p=9069' aria-hidden='false' data-av_icon='\ue805' data-av_iconfont='entypo-fontello' title='' data-avia-related-tooltip='Compartir por correo'><span class='avia_hidden_link_text'>Compartir por correo<\/span><\/a><\/li><\/ul><\/div><\/div>\n<div  style='height:50px' class='hr hr-invisible   avia-builder-el-8  el_after_av_social_share  el_before_av_comments_list '><span class='hr-inner ' ><span class='hr-inner-style'><\/span><\/span><\/div>\n<div  class='av-buildercomment  av-blog-meta-html-info-disabled av-blog-meta-tag-disabled  '><\/div>\n","protected":false},"excerpt":{"rendered":"","protected":false},"author":1,"featured_media":9070,"comment_status":"open","ping_status":"open","sticky":false,"template":"","format":"standard","meta":{"footnotes":""},"categories":[59],"tags":[],"class_list":["post-9069","post","type-post","status-publish","format-standard","has-post-thumbnail","hentry","category-transporte"],"jetpack_featured_media_url":"https:\/\/radiorevelacionfm.cl\/wp-content\/uploads\/2021\/09\/DSC_0223-2a-1-1.jpg","_links":{"self":[{"href":"https:\/\/radiorevelacionfm.cl\/index.php?rest_route=\/wp\/v2\/posts\/9069","targetHints":{"allow":["GET"]}}],"collection":[{"href":"https:\/\/radiorevelacionfm.cl\/index.php?rest_route=\/wp\/v2\/posts"}],"about":[{"href":"https:\/\/radiorevelacionfm.cl\/index.php?rest_route=\/wp\/v2\/types\/post"}],"author":[{"embeddable":true,"href":"https:\/\/radiorevelacionfm.cl\/index.php?rest_route=\/wp\/v2\/users\/1"}],"replies":[{"embeddable":true,"href":"https:\/\/radiorevelacionfm.cl\/index.php?rest_route=%2Fwp%2Fv2%2Fcomments&post=9069"}],"version-history":[{"count":1,"href":"https:\/\/radiorevelacionfm.cl\/index.php?rest_route=\/wp\/v2\/posts\/9069\/revisions"}],"predecessor-version":[{"id":9071,"href":"https:\/\/radiorevelacionfm.cl\/index.php?rest_route=\/wp\/v2\/posts\/9069\/revisions\/9071"}],"wp:featuredmedia":[{"embeddable":true,"href":"https:\/\/radiorevelacionfm.cl\/index.php?rest_route=\/wp\/v2\/media\/9070"}],"wp:attachment":[{"href":"https:\/\/radiorevelacionfm.cl\/index.php?rest_route=%2Fwp%2Fv2%2Fmedia&parent=9069"}],"wp:term":[{"taxonomy":"category","embeddable":true,"href":"https:\/\/radiorevelacionfm.cl\/index.php?rest_route=%2Fwp%2Fv2%2Fcategories&post=9069"},{"taxonomy":"post_tag","embeddable":true,"href":"https:\/\/radiorevelacionfm.cl\/index.php?rest_route=%2Fwp%2Fv2%2Ftags&post=9069"}],"curies":[{"name":"wp","href":"https:\/\/api.w.org\/{rel}","templated":true}]}}