{"id":9066,"date":"2021-09-26T19:56:09","date_gmt":"2021-09-26T22:56:09","guid":{"rendered":"https:\/\/radiorevelacionfm.cl\/?p=9066"},"modified":"2021-09-26T19:56:09","modified_gmt":"2021-09-26T22:56:09","slug":"vecinos-de-villa-cerro-castillo-recibieron-en-su-domicilio-el-titulo-de-su-propiedad","status":"publish","type":"post","link":"https:\/\/radiorevelacionfm.cl\/?p=9066","title":{"rendered":"Vecinos de Villa Cerro Castillo recibieron en su domicilio el t\u00edtulo de su propiedad"},"content":{"rendered":"<div class=\"flex_column av_one_full  flex_column_div av-zero-column-padding first  avia-builder-el-0  el_before_av_one_full  avia-builder-el-first  \" style='border-radius:0px; '><div  class='avia-image-container  av-styling-    avia-builder-el-1  avia-builder-el-no-sibling  avia-align-center '  itemprop=\"image\" itemscope=\"itemscope\" itemtype=\"https:\/\/schema.org\/ImageObject\"  ><div class='avia-image-container-inner'><div class='avia-image-overlay-wrap'><img decoding=\"async\" class='wp-image-9067 avia-img-lazy-loading-not-9067 avia_image' src=\"https:\/\/radiorevelacionfm.cl\/wp-content\/uploads\/2021\/09\/2-58-1_optimized.jpg\" alt='' title='2-(58)-(1)_optimized' height=\"600\" width=\"759\"  itemprop=\"thumbnailUrl\" srcset=\"https:\/\/radiorevelacionfm.cl\/wp-content\/uploads\/2021\/09\/2-58-1_optimized.jpg 759w, https:\/\/radiorevelacionfm.cl\/wp-content\/uploads\/2021\/09\/2-58-1_optimized-300x237.jpg 300w, https:\/\/radiorevelacionfm.cl\/wp-content\/uploads\/2021\/09\/2-58-1_optimized-705x557.jpg 705w, https:\/\/radiorevelacionfm.cl\/wp-content\/uploads\/2021\/09\/2-58-1_optimized-600x474.jpg 600w\" sizes=\"(max-width: 759px) 100vw, 759px\" \/><\/div><\/div><\/div><\/div><div class=\"flex_column av_one_full  flex_column_div av-zero-column-padding first  avia-builder-el-2  el_after_av_one_full  el_before_av_one_full  column-top-margin\" style='border-radius:0px; '><section class=\"av_textblock_section \"  itemscope=\"itemscope\" itemtype=\"https:\/\/schema.org\/BlogPosting\" itemprop=\"blogPost\" ><div class='avia_textblock  '   itemprop=\"text\" ><p style=\"text-align: center;\"><span style=\"font-size: 18pt;\"><strong>Vecinos de Villa Cerro Castillo recibieron en su domicilio el t\u00edtulo de su propiedad<\/strong><\/span><\/p>\n<div id=\"gtx-trans\" style=\"position: absolute; left: -50px; top: 4.31534px;\">\n<div class=\"gtx-trans-icon\"><\/div>\n<\/div>\n<\/div><\/section><\/div><div class=\"flex_column av_one_full  flex_column_div av-zero-column-padding first  avia-builder-el-4  el_after_av_one_full  el_before_av_hr  column-top-margin\" style='border-radius:0px; '><section class=\"av_textblock_section \"  itemscope=\"itemscope\" itemtype=\"https:\/\/schema.org\/BlogPosting\" itemprop=\"blogPost\" ><div class='avia_textblock  '   itemprop=\"text\" ><p style=\"text-align: justify;\">El trabajo colaborativo entre Bienes Nacionales y el municipio de R\u00edo Ib\u00e1\u00f1ez, permiti\u00f3 tramitar los expedientes de dos vecinos de la localidad de Villa Cerro Castillo, se trata de la se\u00f1ora Patricia Mu\u00f1oz y don Renato Poblete.<\/p>\n<p style=\"text-align: justify;\">Vecinos de la Villa que por d\u00e9cadas han hecho ocupaci\u00f3n de sus viviendas sin poder ser legalmente due\u00f1os de lo que les pertenece, eso hasta hoy, cuando finaliz\u00f3 un largo proceso administrativo que inici\u00f3 el Municipio y culmin\u00f3 Bienes Nacionales, con la entrega de las escrituras p\u00fablicas de sus hogares debidamente inscritas en el conservador de bienes ra\u00edces.<\/p>\n<p style=\"text-align: justify;\">Esta documentaci\u00f3n que acredita la posesi\u00f3n de un bien, fue entregada de mano por la Seremi Ana Mar\u00eda Mora Araneda y el alcalde de la comuna de R\u00edo Ib\u00e1\u00f1ez Marcelo Santana. Autoridades que reafirmaron la alianza entre servicios para sacar delante de manera exitosa otros procesos de regularizaci\u00f3n de la propiedad ra\u00edz.<\/p>\n<p style=\"text-align: justify;\">\u201cCon esta entrega hemos superado los 100 t\u00edtulos inscritos durante este a\u00f1o y vamos a seguir trabajando en esa l\u00ednea, en conjunto con los municipios, sus concejos y las Delegaciones provinciales, algo que se hace m\u00e1s necesario en nuestro territorio, donde es m\u00e1s dif\u00edcil llegar a nuestros usuarios. Reafirmar estas alianzas son muy importantes para para nuestro servicio, que tiene entre sus metas hacer de Chile un pa\u00eds de propietarios\u201d, expuso la Seremi de Bienes Nacionales.<\/p>\n<p style=\"text-align: justify;\">En ese sentido, el alcalde Santana apunto que adem\u00e1s de dar soluci\u00f3n a problemas de tenencia de la tierra, se trabaja en \u201cconservaci\u00f3n ambiental, con el ingreso de una solicitud de creaci\u00f3n de Bien Nacional Protegido para el sector Torres del Avellano y tambi\u00e9n se trabaja con los productores ganaderos de nuestra comuna\u201d.<\/p>\n<p style=\"text-align: justify;\">El contar con la documentaci\u00f3n que nos acredita como propietarios de un bien, nos brinda la tranquilidad de poder disponer de nuestro espacio y nos abre las puertas a nuevos proyectos, como los de la se\u00f1ora Patricia, \u201cllevo muchos a\u00f1os buscando esto, para m\u00ed es un orgullo el ser due\u00f1a, ahora podr\u00e9 hacer mi casita, ya que antes no se pod\u00eda\u201d. Asimismo, don Renato expres\u00f3 \u201cme siento seguro, soy due\u00f1o, con esto espero poder mejorar mi casa que no est\u00e1 aislada y postular a otros beneficios del Estado\u201d.<\/p>\n<p style=\"text-align: justify;\"><strong><u>Saneamiento de la propiedad ra\u00edz<\/u><\/strong><\/p>\n<p style=\"text-align: justify;\">El Ministerio de Bienes Nacionales, dentro del ejercicio de sus competencias administrativas, se encuentra facultado para la aplicaci\u00f3n del procedimiento de saneamiento de la posesi\u00f3n y constituci\u00f3n del dominio de la peque\u00f1a propiedad ra\u00edz que se encuentra establecido en el Decreto Ley N\u00b0 2.695, de 1979, respecto de aquellas personas naturales o jur\u00eddicas que carezcan de t\u00edtulos de dominio o los tengan imperfectos, aplic\u00e1ndose tanto en casos de propiedades urbana y rural.<\/p>\n<p style=\"text-align: justify;\"><strong><u>Beneficios de ser propietario<\/u><\/strong><\/p>\n<p style=\"text-align: justify;\">El ser propietario permite optar a diversos beneficios del estado u entidades p\u00fablicas, en los sectores rurales, por ejemplo, a subsidio habitacional, planes de manejo forestal, cr\u00e9ditos para compra de abonos, semillas, etc. y si se trata de inmuebles urbanos, a subsidio habitacional por parte del servicio de vivienda y urbanismo, planes de mejoramientos de ampliaci\u00f3n de viviendas, pavimentos participativos, entre muchos otros.<\/p>\n<\/div><\/section><\/div><div  style='height:50px' class='hr hr-invisible   avia-builder-el-6  el_after_av_one_full  el_before_av_social_share '><span class='hr-inner ' ><span class='hr-inner-style'><\/span><\/span><\/div><\/p>\n<div  class='av-social-sharing-box  avia-builder-el-7  el_after_av_hr  el_before_av_hr  '><div class='av-share-box'><h5 class='av-share-link-description av-no-toc '>Compartir esta noticia<\/h5><ul class='av-share-box-list noLightbox'><li class='av-share-link av-social-link-facebook' ><a target=\"_blank\" aria-label=\"Compartir en Facebook\" href='https:\/\/www.facebook.com\/sharer.php?u=https:\/\/radiorevelacionfm.cl\/?p=9066&#038;t=Vecinos%20de%20Villa%20Cerro%20Castillo%20recibieron%20en%20su%20domicilio%20el%20t%C3%ADtulo%20de%20su%20propiedad' aria-hidden='false' data-av_icon='\ue8f3' data-av_iconfont='entypo-fontello' title='' data-avia-related-tooltip='Compartir en Facebook' rel=\"noopener\"><span class='avia_hidden_link_text'>Compartir en Facebook<\/span><\/a><\/li><li class='av-share-link av-social-link-twitter' ><a target=\"_blank\" aria-label=\"Compartir en Twitter\" href='https:\/\/twitter.com\/share?text=Vecinos%20de%20Villa%20Cerro%20Castillo%20recibieron%20en%20su%20domicilio%20el%20t%C3%ADtulo%20de%20su%20propiedad&#038;url=https:\/\/radiorevelacionfm.cl\/?p=9066' aria-hidden='false' data-av_icon='\ue8f1' data-av_iconfont='entypo-fontello' title='' data-avia-related-tooltip='Compartir en Twitter' rel=\"noopener\"><span class='avia_hidden_link_text'>Compartir en Twitter<\/span><\/a><\/li><li class='av-share-link av-social-link-whatsapp' ><a target=\"_blank\" aria-label=\"Compartir en Whatsapp\" href='https:\/\/api.whatsapp.com\/send?text=https:\/\/radiorevelacionfm.cl\/?p=9066' aria-hidden='false' data-av_icon='\uf232' data-av_iconfont='entypo-fontello' title='' data-avia-related-tooltip='Compartir en Whatsapp' rel=\"noopener\"><span class='avia_hidden_link_text'>Compartir en Whatsapp<\/span><\/a><\/li><li class='av-share-link av-social-link-linkedin' ><a target=\"_blank\" aria-label=\"Compartir en LinkedIn\" href='https:\/\/linkedin.com\/shareArticle?mini=true&#038;title=Vecinos%20de%20Villa%20Cerro%20Castillo%20recibieron%20en%20su%20domicilio%20el%20t%C3%ADtulo%20de%20su%20propiedad&#038;url=https:\/\/radiorevelacionfm.cl\/?p=9066' aria-hidden='false' data-av_icon='\ue8fc' data-av_iconfont='entypo-fontello' title='' data-avia-related-tooltip='Compartir en LinkedIn' rel=\"noopener\"><span class='avia_hidden_link_text'>Compartir en LinkedIn<\/span><\/a><\/li><li class='av-share-link av-social-link-mail' ><a  aria-label=\"Compartir por correo\" href='mailto:?subject=Vecinos%20de%20Villa%20Cerro%20Castillo%20recibieron%20en%20su%20domicilio%20el%20t%C3%ADtulo%20de%20su%20propiedad&#038;body=https:\/\/radiorevelacionfm.cl\/?p=9066' aria-hidden='false' data-av_icon='\ue805' data-av_iconfont='entypo-fontello' title='' data-avia-related-tooltip='Compartir por correo'><span class='avia_hidden_link_text'>Compartir por correo<\/span><\/a><\/li><\/ul><\/div><\/div>\n<div  style='height:50px' class='hr hr-invisible   avia-builder-el-8  el_after_av_social_share  el_before_av_comments_list '><span class='hr-inner ' ><span class='hr-inner-style'><\/span><\/span><\/div>\n<div  class='av-buildercomment  av-blog-meta-html-info-disabled av-blog-meta-tag-disabled  '><\/div>\n","protected":false},"excerpt":{"rendered":"","protected":false},"author":1,"featured_media":9067,"comment_status":"open","ping_status":"open","sticky":false,"template":"","format":"standard","meta":{"footnotes":""},"categories":[38],"tags":[],"class_list":["post-9066","post","type-post","status-publish","format-standard","has-post-thumbnail","hentry","category-regional"],"jetpack_featured_media_url":"https:\/\/radiorevelacionfm.cl\/wp-content\/uploads\/2021\/09\/2-58-1_optimized.jpg","_links":{"self":[{"href":"https:\/\/radiorevelacionfm.cl\/index.php?rest_route=\/wp\/v2\/posts\/9066","targetHints":{"allow":["GET"]}}],"collection":[{"href":"https:\/\/radiorevelacionfm.cl\/index.php?rest_route=\/wp\/v2\/posts"}],"about":[{"href":"https:\/\/radiorevelacionfm.cl\/index.php?rest_route=\/wp\/v2\/types\/post"}],"author":[{"embeddable":true,"href":"https:\/\/radiorevelacionfm.cl\/index.php?rest_route=\/wp\/v2\/users\/1"}],"replies":[{"embeddable":true,"href":"https:\/\/radiorevelacionfm.cl\/index.php?rest_route=%2Fwp%2Fv2%2Fcomments&post=9066"}],"version-history":[{"count":1,"href":"https:\/\/radiorevelacionfm.cl\/index.php?rest_route=\/wp\/v2\/posts\/9066\/revisions"}],"predecessor-version":[{"id":9068,"href":"https:\/\/radiorevelacionfm.cl\/index.php?rest_route=\/wp\/v2\/posts\/9066\/revisions\/9068"}],"wp:featuredmedia":[{"embeddable":true,"href":"https:\/\/radiorevelacionfm.cl\/index.php?rest_route=\/wp\/v2\/media\/9067"}],"wp:attachment":[{"href":"https:\/\/radiorevelacionfm.cl\/index.php?rest_route=%2Fwp%2Fv2%2Fmedia&parent=9066"}],"wp:term":[{"taxonomy":"category","embeddable":true,"href":"https:\/\/radiorevelacionfm.cl\/index.php?rest_route=%2Fwp%2Fv2%2Fcategories&post=9066"},{"taxonomy":"post_tag","embeddable":true,"href":"https:\/\/radiorevelacionfm.cl\/index.php?rest_route=%2Fwp%2Fv2%2Ftags&post=9066"}],"curies":[{"name":"wp","href":"https:\/\/api.w.org\/{rel}","templated":true}]}}