{"id":9063,"date":"2021-09-26T19:38:47","date_gmt":"2021-09-26T22:38:47","guid":{"rendered":"https:\/\/radiorevelacionfm.cl\/?p=9063"},"modified":"2021-09-26T19:38:47","modified_gmt":"2021-09-26T22:38:47","slug":"dirigentes-autoridades-y-vecinos-as-celebraron-los-15-anos-del-programa-quiero-mi-barrio-del-minvu","status":"publish","type":"post","link":"https:\/\/radiorevelacionfm.cl\/?p=9063","title":{"rendered":"Dirigentes, autoridades y vecinos\/as celebraron los 15 a\u00f1os del Programa \u201cQuiero Mi Barrio\u201d del Minvu"},"content":{"rendered":"<div class=\"flex_column av_one_full  flex_column_div av-zero-column-padding first  avia-builder-el-0  el_before_av_one_full  avia-builder-el-first  \" style='border-radius:0px; '><div  class='avia-image-container  av-styling-    avia-builder-el-1  avia-builder-el-no-sibling  avia-align-center '  itemprop=\"image\" itemscope=\"itemscope\" itemtype=\"https:\/\/schema.org\/ImageObject\"  ><div class='avia-image-container-inner'><div class='avia-image-overlay-wrap'><img decoding=\"async\" class='wp-image-9064 avia-img-lazy-loading-not-9064 avia_image' src=\"https:\/\/radiorevelacionfm.cl\/wp-content\/uploads\/2021\/09\/foto-acto-celebracion-15-anos-programa-quiero-mi-barrio-coyhaique-1_optimized.jpg\" alt='' title='foto-acto-celebraci\u00f3n-15-a\u00f1os-programa-quiero-mi-barrio-coyhaique-(1)_optimized' height=\"600\" width=\"948\"  itemprop=\"thumbnailUrl\" srcset=\"https:\/\/radiorevelacionfm.cl\/wp-content\/uploads\/2021\/09\/foto-acto-celebracion-15-anos-programa-quiero-mi-barrio-coyhaique-1_optimized.jpg 948w, https:\/\/radiorevelacionfm.cl\/wp-content\/uploads\/2021\/09\/foto-acto-celebracion-15-anos-programa-quiero-mi-barrio-coyhaique-1_optimized-300x190.jpg 300w, https:\/\/radiorevelacionfm.cl\/wp-content\/uploads\/2021\/09\/foto-acto-celebracion-15-anos-programa-quiero-mi-barrio-coyhaique-1_optimized-768x486.jpg 768w, https:\/\/radiorevelacionfm.cl\/wp-content\/uploads\/2021\/09\/foto-acto-celebracion-15-anos-programa-quiero-mi-barrio-coyhaique-1_optimized-705x446.jpg 705w, https:\/\/radiorevelacionfm.cl\/wp-content\/uploads\/2021\/09\/foto-acto-celebracion-15-anos-programa-quiero-mi-barrio-coyhaique-1_optimized-600x380.jpg 600w\" sizes=\"(max-width: 948px) 100vw, 948px\" \/><\/div><\/div><\/div><\/div><div class=\"flex_column av_one_full  flex_column_div av-zero-column-padding first  avia-builder-el-2  el_after_av_one_full  el_before_av_one_full  column-top-margin\" style='border-radius:0px; '><section class=\"av_textblock_section \"  itemscope=\"itemscope\" itemtype=\"https:\/\/schema.org\/BlogPosting\" itemprop=\"blogPost\" ><div class='avia_textblock  '   itemprop=\"text\" ><p style=\"text-align: center;\"><strong><span style=\"font-size: 18pt;\">Dirigentes, autoridades y vecinos\/as celebraron los 15 a\u00f1os del Programa \u201cQuiero Mi Barrio\u201d del Minvu<\/span><\/strong><\/p>\n<div id=\"gtx-trans\" style=\"position: absolute; left: -50px; top: 4.31534px;\">\n<div class=\"gtx-trans-icon\"><\/div>\n<\/div>\n<\/div><\/section><\/div><div class=\"flex_column av_one_full  flex_column_div av-zero-column-padding first  avia-builder-el-4  el_after_av_one_full  el_before_av_hr  column-top-margin\" style='border-radius:0px; '><section class=\"av_textblock_section \"  itemscope=\"itemscope\" itemtype=\"https:\/\/schema.org\/BlogPosting\" itemprop=\"blogPost\" ><div class='avia_textblock  '   itemprop=\"text\" ><p style=\"text-align: justify;\">Con mucha alegr\u00eda y satisfacci\u00f3n por los logros alcanzados, autoridades regionales, dirigentes y vecinos\/as celebraron este viernes los 15 a\u00f1os del Programa de Recuperaci\u00f3n de Barrios del Ministerio de Vivienda y Urbanismo \u201cQuiero Mi Barrio \u201c, el cual desde el a\u00f1o 2011 ha beneficiado a miles de familias en nuestra regi\u00f3n a trav\u00e9s numerosas obras de mejoramiento de espacios p\u00fablicos, equipamiento comunitario e infraestructura.<\/p>\n<p style=\"text-align: justify;\">El encuentro de celebraci\u00f3n se desarroll\u00f3 en la Plaza Rel\u00e1mpago de la poblaci\u00f3n Gabriela Mistral de Coyhaique, donde la Delegada Presidencial, Margarita Ossa, record\u00f3 que a nivel regional hay 10 barrios intervenidos y cinco en ejecuci\u00f3n, donde lo m\u00e1s valorable es el testimonio de los dirigentes y vecinos que han cambiado el rostro a sus sectores en base a un fuerte componente de participaci\u00f3n ciudadana. \u201cLa vinculaci\u00f3n que se produce es muy beneficiosa, primero porque es involucrarse para siempre con esta mejora a nivel de barrio y adem\u00e1s que podamos revivir un comportamiento que siempre tuvo esta regi\u00f3n que es la ayuda comunitaria. Por lo tanto este programa nos llena de satisfacci\u00f3n como Gobierno, son barrios que terminan siendo sustentables y sostenibles, y donde en definitiva se logra mejorar la vida de las personas, que es lo que buscamos, pero en este caso interviniendo desde la profundidad de lo que es necesario por parte de la comunidad\u201d, precis\u00f3.<\/p>\n<p style=\"text-align: justify;\">El Seremi de Vivienda, Diego Silva, expres\u00f3 tambi\u00e9n su satisfacci\u00f3n de ver en obras concretas los positivos resultados que se ha logrado en cada barrio, donde el Minvu, tal como ha dicho el Ministro Felipe Ward, ha seguido aportando en calidad de vida y haciendo ajustes para que nuevos sectores puedan disfrutar tambi\u00e9n los grandes beneficios del programa. \u201cEstamos muy contentos, son m\u00e1s de 11 mil millones de pesos se han invertido en la regi\u00f3n, estamos trabajando tambi\u00e9n en Villa Ma\u00f1ihuales y ahora preparando el concurso de dos nuevos barrios. Este programa siempre se concentr\u00f3 en Coyhaique y Puerto Ays\u00e9n, hoy hemos logrado descentralizar y estamos postulando dos cabeceras provinciales como son Cochrane y Chile Chico, as\u00ed que ser\u00eda la primera vez en la historia del programa que saldr\u00edamos de Coyhaique y Puerto Ays\u00e9n, as\u00ed que estamos muy contentos\u201d, afirm\u00f3.<\/p>\n<p style=\"text-align: justify;\">Blanca Santana, Presidenta de la Junta de Vecinos Gabriela Mistral, record\u00f3 con alegr\u00eda y orgullo el gran impacto del trabajo que culminaron hace un par de a\u00f1os con el Quiero Mi Barrio en su sector. \u201cEn este barrio se vivieron cosas muy hermosas, el trabajo del programa fue en el momento preciso para volver a reencontrarte con tus vecinos en un trabajo comunitario. Hicimos mingas, limpiamos, cortamos pasto, antes de que se recuperen todos estos espacios y de a poco nos fuimos uniendo la gran mayor\u00eda de los vecinos, empezamos a juntarnos para ver qu\u00e9 quer\u00edamos para el futuro, se fueron formando los grupos de trabajo y sali\u00f3 excelente. Hoy tenemos un hermoso barrio, \u00e1reas verdes todas recuperadas por el programa, sede nueva, multicancha tambi\u00e9n, as\u00ed que excelente, el trabajo ha sido maravilloso\u201d, manifest\u00f3.<\/p>\n<p style=\"text-align: justify;\">Tambi\u00e9n Nancy Vargas, presidenta del Consejo Vecinal de Desarrollo de uno de los nuevos barrios de Coyhaique, en el sector Quebrada La Cruz, dijo sentirse feliz y con muchas ganas y optimismo por concretar grandes proyectos junto a sus vecinos. \u201cNosotros estamos reci\u00e9n empezando y lo que queremos es dejar nuestro barrio en alto, dejar nuestra plazoleta como se ve aqu\u00ed. Eso es lo que queremos, algo nuevo para nuestro barrio, para nuestros hijos, para los nietos y para todos los vecinos, donde hay hartos adultos mayores. Se pele\u00f3 tantos a\u00f1os por esto y por fin lo logramos, as\u00ed que me siento muy contenta, ya que aqu\u00ed estamos y vamos a luchar por esto y agradecer a todos, al municipio y al Seremi por escucharnos y darnos una gran oportunidad\u201d, se\u00f1al\u00f3.<\/p>\n<p style=\"text-align: justify;\">Cabe consignar que el Programa Quiero Barrio se ejecuta desde el Minvu en conjunto con los vecinos y los equipos municipales, por lo que los coordinadores del programa de la Municipalidad de Coyhaique, Juan S\u00e1enz, y de la Municipalidad de Ays\u00e9n, Juan Pablo Altamirano, tambi\u00e9n expresaron su sentir y su orgullo por la labor desarrollada, donde se ha logrado volcar a la realidad los sue\u00f1os de miles de familias, materializando sus ideas en espacios p\u00fablicos de calidad, con sus propios dise\u00f1os y tambi\u00e9n favoreciendo una identidad que es muy enriquecedora para todos.<\/p>\n<p style=\"text-align: justify;\">A nivel nacional el Minvu ha intervenido 760 barrios en 180 municipios, lo que ha significado beneficiar a m\u00e1s de un mill\u00f3n 500 mil vecinos y vecinas, cifra que seguir\u00e1 aumentando ya que este a\u00f1o se seleccionar\u00e1n 50 nuevos barrios en todo el pa\u00eds.<\/p>\n<\/div><\/section><\/div><div  style='height:50px' class='hr hr-invisible   avia-builder-el-6  el_after_av_one_full  el_before_av_social_share '><span class='hr-inner ' ><span class='hr-inner-style'><\/span><\/span><\/div><\/p>\n<div  class='av-social-sharing-box  avia-builder-el-7  el_after_av_hr  el_before_av_hr  '><div class='av-share-box'><h5 class='av-share-link-description av-no-toc '>Compartir esta noticia<\/h5><ul class='av-share-box-list noLightbox'><li class='av-share-link av-social-link-facebook' ><a target=\"_blank\" aria-label=\"Compartir en Facebook\" href='https:\/\/www.facebook.com\/sharer.php?u=https:\/\/radiorevelacionfm.cl\/?p=9063&#038;t=Dirigentes%2C%20autoridades%20y%20vecinos%2Fas%20celebraron%20los%2015%20a%C3%B1os%20del%20Programa%20%E2%80%9CQuiero%20Mi%20Barrio%E2%80%9D%20del%20Minvu' aria-hidden='false' data-av_icon='\ue8f3' data-av_iconfont='entypo-fontello' title='' data-avia-related-tooltip='Compartir en Facebook' rel=\"noopener\"><span class='avia_hidden_link_text'>Compartir en Facebook<\/span><\/a><\/li><li class='av-share-link av-social-link-twitter' ><a target=\"_blank\" aria-label=\"Compartir en Twitter\" href='https:\/\/twitter.com\/share?text=Dirigentes%2C%20autoridades%20y%20vecinos%2Fas%20celebraron%20los%2015%20a%C3%B1os%20del%20Programa%20%E2%80%9CQuiero%20Mi%20Barrio%E2%80%9D%20del%20Minvu&#038;url=https:\/\/radiorevelacionfm.cl\/?p=9063' aria-hidden='false' data-av_icon='\ue8f1' data-av_iconfont='entypo-fontello' title='' data-avia-related-tooltip='Compartir en Twitter' rel=\"noopener\"><span class='avia_hidden_link_text'>Compartir en Twitter<\/span><\/a><\/li><li class='av-share-link av-social-link-whatsapp' ><a target=\"_blank\" aria-label=\"Compartir en Whatsapp\" href='https:\/\/api.whatsapp.com\/send?text=https:\/\/radiorevelacionfm.cl\/?p=9063' aria-hidden='false' data-av_icon='\uf232' data-av_iconfont='entypo-fontello' title='' data-avia-related-tooltip='Compartir en Whatsapp' rel=\"noopener\"><span class='avia_hidden_link_text'>Compartir en Whatsapp<\/span><\/a><\/li><li class='av-share-link av-social-link-linkedin' ><a target=\"_blank\" aria-label=\"Compartir en LinkedIn\" href='https:\/\/linkedin.com\/shareArticle?mini=true&#038;title=Dirigentes%2C%20autoridades%20y%20vecinos%2Fas%20celebraron%20los%2015%20a%C3%B1os%20del%20Programa%20%E2%80%9CQuiero%20Mi%20Barrio%E2%80%9D%20del%20Minvu&#038;url=https:\/\/radiorevelacionfm.cl\/?p=9063' aria-hidden='false' data-av_icon='\ue8fc' data-av_iconfont='entypo-fontello' title='' data-avia-related-tooltip='Compartir en LinkedIn' rel=\"noopener\"><span class='avia_hidden_link_text'>Compartir en LinkedIn<\/span><\/a><\/li><li class='av-share-link av-social-link-mail' ><a  aria-label=\"Compartir por correo\" href='mailto:?subject=Dirigentes%2C%20autoridades%20y%20vecinos%2Fas%20celebraron%20los%2015%20a%C3%B1os%20del%20Programa%20%E2%80%9CQuiero%20Mi%20Barrio%E2%80%9D%20del%20Minvu&#038;body=https:\/\/radiorevelacionfm.cl\/?p=9063' aria-hidden='false' data-av_icon='\ue805' data-av_iconfont='entypo-fontello' title='' data-avia-related-tooltip='Compartir por correo'><span class='avia_hidden_link_text'>Compartir por correo<\/span><\/a><\/li><\/ul><\/div><\/div>\n<div  style='height:50px' class='hr hr-invisible   avia-builder-el-8  el_after_av_social_share  el_before_av_comments_list '><span class='hr-inner ' ><span class='hr-inner-style'><\/span><\/span><\/div>\n<div  class='av-buildercomment  av-blog-meta-html-info-disabled av-blog-meta-tag-disabled  '><\/div>\n","protected":false},"excerpt":{"rendered":"","protected":false},"author":1,"featured_media":9064,"comment_status":"open","ping_status":"open","sticky":false,"template":"","format":"standard","meta":{"footnotes":""},"categories":[57],"tags":[],"class_list":["post-9063","post","type-post","status-publish","format-standard","has-post-thumbnail","hentry","category-vivienda"],"jetpack_featured_media_url":"https:\/\/radiorevelacionfm.cl\/wp-content\/uploads\/2021\/09\/foto-acto-celebracion-15-anos-programa-quiero-mi-barrio-coyhaique-1_optimized.jpg","_links":{"self":[{"href":"https:\/\/radiorevelacionfm.cl\/index.php?rest_route=\/wp\/v2\/posts\/9063","targetHints":{"allow":["GET"]}}],"collection":[{"href":"https:\/\/radiorevelacionfm.cl\/index.php?rest_route=\/wp\/v2\/posts"}],"about":[{"href":"https:\/\/radiorevelacionfm.cl\/index.php?rest_route=\/wp\/v2\/types\/post"}],"author":[{"embeddable":true,"href":"https:\/\/radiorevelacionfm.cl\/index.php?rest_route=\/wp\/v2\/users\/1"}],"replies":[{"embeddable":true,"href":"https:\/\/radiorevelacionfm.cl\/index.php?rest_route=%2Fwp%2Fv2%2Fcomments&post=9063"}],"version-history":[{"count":1,"href":"https:\/\/radiorevelacionfm.cl\/index.php?rest_route=\/wp\/v2\/posts\/9063\/revisions"}],"predecessor-version":[{"id":9065,"href":"https:\/\/radiorevelacionfm.cl\/index.php?rest_route=\/wp\/v2\/posts\/9063\/revisions\/9065"}],"wp:featuredmedia":[{"embeddable":true,"href":"https:\/\/radiorevelacionfm.cl\/index.php?rest_route=\/wp\/v2\/media\/9064"}],"wp:attachment":[{"href":"https:\/\/radiorevelacionfm.cl\/index.php?rest_route=%2Fwp%2Fv2%2Fmedia&parent=9063"}],"wp:term":[{"taxonomy":"category","embeddable":true,"href":"https:\/\/radiorevelacionfm.cl\/index.php?rest_route=%2Fwp%2Fv2%2Fcategories&post=9063"},{"taxonomy":"post_tag","embeddable":true,"href":"https:\/\/radiorevelacionfm.cl\/index.php?rest_route=%2Fwp%2Fv2%2Ftags&post=9063"}],"curies":[{"name":"wp","href":"https:\/\/api.w.org\/{rel}","templated":true}]}}