{"id":9060,"date":"2021-09-26T19:03:34","date_gmt":"2021-09-26T22:03:34","guid":{"rendered":"https:\/\/radiorevelacionfm.cl\/?p=9060"},"modified":"2021-09-26T19:03:34","modified_gmt":"2021-09-26T22:03:34","slug":"nueve-familias-de-raul-marin-balmaceda-seran-beneficiadas-con-mejoramiento-de-sus-viviendas","status":"publish","type":"post","link":"https:\/\/radiorevelacionfm.cl\/?p=9060","title":{"rendered":"Nueve familias de Ra\u00fal Mar\u00edn Balmaceda ser\u00e1n beneficiadas con mejoramiento de sus viviendas"},"content":{"rendered":"<div class=\"flex_column av_one_full  flex_column_div av-zero-column-padding first  avia-builder-el-0  el_before_av_one_full  avia-builder-el-first  \" style='border-radius:0px; '><div  class='avia-image-container  av-styling-    avia-builder-el-1  avia-builder-el-no-sibling  avia-align-center '  itemprop=\"image\" itemscope=\"itemscope\" itemtype=\"https:\/\/schema.org\/ImageObject\"  ><div class='avia-image-container-inner'><div class='avia-image-overlay-wrap'><img decoding=\"async\" class='wp-image-9061 avia-img-lazy-loading-not-9061 avia_image' src=\"https:\/\/radiorevelacionfm.cl\/wp-content\/uploads\/2021\/09\/MEJORAMIENTO-RMB-4-1.jpeg\" alt='' title='MEJORAMIENTO RMB 4 (1)' height=\"600\" width=\"800\"  itemprop=\"thumbnailUrl\" srcset=\"https:\/\/radiorevelacionfm.cl\/wp-content\/uploads\/2021\/09\/MEJORAMIENTO-RMB-4-1.jpeg 800w, https:\/\/radiorevelacionfm.cl\/wp-content\/uploads\/2021\/09\/MEJORAMIENTO-RMB-4-1-300x225.jpeg 300w, https:\/\/radiorevelacionfm.cl\/wp-content\/uploads\/2021\/09\/MEJORAMIENTO-RMB-4-1-768x576.jpeg 768w, https:\/\/radiorevelacionfm.cl\/wp-content\/uploads\/2021\/09\/MEJORAMIENTO-RMB-4-1-705x529.jpeg 705w, https:\/\/radiorevelacionfm.cl\/wp-content\/uploads\/2021\/09\/MEJORAMIENTO-RMB-4-1-600x450.jpeg 600w\" sizes=\"(max-width: 800px) 100vw, 800px\" \/><\/div><\/div><\/div><\/div><div class=\"flex_column av_one_full  flex_column_div av-zero-column-padding first  avia-builder-el-2  el_after_av_one_full  el_before_av_one_full  column-top-margin\" style='border-radius:0px; '><section class=\"av_textblock_section \"  itemscope=\"itemscope\" itemtype=\"https:\/\/schema.org\/BlogPosting\" itemprop=\"blogPost\" ><div class='avia_textblock  '   itemprop=\"text\" ><p style=\"text-align: center;\"><strong><span style=\"font-size: 18pt;\">Nueve familias de Ra\u00fal Mar\u00edn Balmaceda ser\u00e1n beneficiadas con mejoramiento de sus viviendas <\/span><\/strong><\/p>\n<div id=\"gtx-trans\" style=\"position: absolute; left: -50px; top: 4.31534px;\">\n<div class=\"gtx-trans-icon\"><\/div>\n<\/div>\n<\/div><\/section><\/div><div class=\"flex_column av_one_full  flex_column_div av-zero-column-padding first  avia-builder-el-4  el_after_av_one_full  el_before_av_hr  column-top-margin\" style='border-radius:0px; '><section class=\"av_textblock_section \"  itemscope=\"itemscope\" itemtype=\"https:\/\/schema.org\/BlogPosting\" itemprop=\"blogPost\" ><div class='avia_textblock  '   itemprop=\"text\" ><p style=\"text-align: justify;\">Un arduo trabajo coordinado entre la Municipalidad de Cisnes, Serviu y el Comit\u00e9 \u201cLa Esperanza\u201d, permitir\u00e1 que 9 familias de Puerto Ra\u00fal Mar\u00edn Balmaceda mejoren o ampl\u00eden sus casas y obtengan con ello una mejor calidad de vida, que es el objetivo principal de los programas que lleva adelante el Servicio de Vivienda y Urbanismo.<\/p>\n<p style=\"text-align: justify;\">El Alcalde Francisco Roncagliolo, tras firman la entrega de terreno a la empresa que ejecutar\u00e1 las obras, se mostr\u00f3 feliz de que las gestiones y labor del Municipio llegue a cada uno de los territorios de la comuna, en esta ocasi\u00f3n y forma directa a familias de Ra\u00fal Mar\u00edn.<\/p>\n<p style=\"text-align: justify;\">\u201cComo Municipio estamos muy contentos de apoyar al Comit\u00e9 La Esperanza de Puerto Ra\u00fal Mar\u00edn Balmaceda, una localidad del litoral de nuestra comuna, bastante aislada. Son 9 casas las que se van a intervenir, mejoramientos tambi\u00e9n ampliaciones y tenemos 3 carpetas m\u00e1s en tr\u00e1mite, para que esos beneficios puedan llegar a los vecinos que a\u00fan quedan pendientes. Agradecemos la confianza del comit\u00e9, a la directiva, a todas las personas que han llevado un trabajo bastante largo con nosotros para lograr este beneficio y obviamente agradecemos las gestiones del Serviu y tambi\u00e9n de la Seremi de Vivienda y Urbanismo que con estos beneficios, con estos apoyos importantes est\u00e1n ayudando a las familias de nuestra comuna de Cisnes\u201d.<\/p>\n<p style=\"text-align: justify;\">Por su parte, Jos\u00e9 Ribera, secretario del comit\u00e9 \u201cLa Esperanza\u201d de Puerto Ra\u00fal Mar\u00edn Balmaceda, valor\u00f3 la uni\u00f3n de voluntades en beneficio de la comunidad.<\/p>\n<p style=\"text-align: justify;\">\u201cNosotros llevamos actualizados como directiva como tres a\u00f1os, trabajando con la Municipalidad de Cisnes que ha sido s\u00faper importante, con los profesionales y con el apoyo t\u00e9cnico del Municipio ha sido fundamental. No deja de ser menor, nosotros en la localidad sacamos 9 carpetas de nuestro comit\u00e9, tambi\u00e9n es importante el apoyo desde la Seremi de Vivienda, Serviu y la idea es seguir enfocados en las pr\u00f3ximas ampliaciones y mejoramientos que vamos a seguir realizando\u201d.<\/p>\n<p style=\"text-align: justify;\">El inicio de las obras para 9 familias de Puerto Ra\u00fal Mar\u00edn Balmaceda, quienes podr\u00e1n mejorar o ampliar sus viviendas, es el resultado de un trabajo coordinado entre la ciudadan\u00eda, la Municipalidad de Cisnes y el Serviu.<\/p>\n<\/div><\/section><\/div><div  style='height:50px' class='hr hr-invisible   avia-builder-el-6  el_after_av_one_full  el_before_av_social_share '><span class='hr-inner ' ><span class='hr-inner-style'><\/span><\/span><\/div><\/p>\n<div  class='av-social-sharing-box  avia-builder-el-7  el_after_av_hr  el_before_av_hr  '><div class='av-share-box'><h5 class='av-share-link-description av-no-toc '>Compartir esta noticia<\/h5><ul class='av-share-box-list noLightbox'><li class='av-share-link av-social-link-facebook' ><a target=\"_blank\" aria-label=\"Compartir en Facebook\" href='https:\/\/www.facebook.com\/sharer.php?u=https:\/\/radiorevelacionfm.cl\/?p=9060&#038;t=Nueve%20familias%20de%20Ra%C3%BAl%20Mar%C3%ADn%20Balmaceda%20ser%C3%A1n%20beneficiadas%20con%20mejoramiento%20de%20sus%20viviendas' aria-hidden='false' data-av_icon='\ue8f3' data-av_iconfont='entypo-fontello' title='' data-avia-related-tooltip='Compartir en Facebook' rel=\"noopener\"><span class='avia_hidden_link_text'>Compartir en Facebook<\/span><\/a><\/li><li class='av-share-link av-social-link-twitter' ><a target=\"_blank\" aria-label=\"Compartir en Twitter\" href='https:\/\/twitter.com\/share?text=Nueve%20familias%20de%20Ra%C3%BAl%20Mar%C3%ADn%20Balmaceda%20ser%C3%A1n%20beneficiadas%20con%20mejoramiento%20de%20sus%20viviendas&#038;url=https:\/\/radiorevelacionfm.cl\/?p=9060' aria-hidden='false' data-av_icon='\ue8f1' data-av_iconfont='entypo-fontello' title='' data-avia-related-tooltip='Compartir en Twitter' rel=\"noopener\"><span class='avia_hidden_link_text'>Compartir en Twitter<\/span><\/a><\/li><li class='av-share-link av-social-link-whatsapp' ><a target=\"_blank\" aria-label=\"Compartir en Whatsapp\" href='https:\/\/api.whatsapp.com\/send?text=https:\/\/radiorevelacionfm.cl\/?p=9060' aria-hidden='false' data-av_icon='\uf232' data-av_iconfont='entypo-fontello' title='' data-avia-related-tooltip='Compartir en Whatsapp' rel=\"noopener\"><span class='avia_hidden_link_text'>Compartir en Whatsapp<\/span><\/a><\/li><li class='av-share-link av-social-link-linkedin' ><a target=\"_blank\" aria-label=\"Compartir en LinkedIn\" href='https:\/\/linkedin.com\/shareArticle?mini=true&#038;title=Nueve%20familias%20de%20Ra%C3%BAl%20Mar%C3%ADn%20Balmaceda%20ser%C3%A1n%20beneficiadas%20con%20mejoramiento%20de%20sus%20viviendas&#038;url=https:\/\/radiorevelacionfm.cl\/?p=9060' aria-hidden='false' data-av_icon='\ue8fc' data-av_iconfont='entypo-fontello' title='' data-avia-related-tooltip='Compartir en LinkedIn' rel=\"noopener\"><span class='avia_hidden_link_text'>Compartir en LinkedIn<\/span><\/a><\/li><li class='av-share-link av-social-link-mail' ><a  aria-label=\"Compartir por correo\" href='mailto:?subject=Nueve%20familias%20de%20Ra%C3%BAl%20Mar%C3%ADn%20Balmaceda%20ser%C3%A1n%20beneficiadas%20con%20mejoramiento%20de%20sus%20viviendas&#038;body=https:\/\/radiorevelacionfm.cl\/?p=9060' aria-hidden='false' data-av_icon='\ue805' data-av_iconfont='entypo-fontello' title='' data-avia-related-tooltip='Compartir por correo'><span class='avia_hidden_link_text'>Compartir por correo<\/span><\/a><\/li><\/ul><\/div><\/div>\n<div  style='height:50px' class='hr hr-invisible   avia-builder-el-8  el_after_av_social_share  el_before_av_comments_list '><span class='hr-inner ' ><span class='hr-inner-style'><\/span><\/span><\/div>\n<div  class='av-buildercomment  av-blog-meta-html-info-disabled av-blog-meta-tag-disabled  '><\/div>\n","protected":false},"excerpt":{"rendered":"","protected":false},"author":1,"featured_media":9061,"comment_status":"open","ping_status":"open","sticky":false,"template":"","format":"standard","meta":{"footnotes":""},"categories":[38],"tags":[],"class_list":["post-9060","post","type-post","status-publish","format-standard","has-post-thumbnail","hentry","category-regional"],"jetpack_featured_media_url":"https:\/\/radiorevelacionfm.cl\/wp-content\/uploads\/2021\/09\/MEJORAMIENTO-RMB-4-1.jpeg","_links":{"self":[{"href":"https:\/\/radiorevelacionfm.cl\/index.php?rest_route=\/wp\/v2\/posts\/9060","targetHints":{"allow":["GET"]}}],"collection":[{"href":"https:\/\/radiorevelacionfm.cl\/index.php?rest_route=\/wp\/v2\/posts"}],"about":[{"href":"https:\/\/radiorevelacionfm.cl\/index.php?rest_route=\/wp\/v2\/types\/post"}],"author":[{"embeddable":true,"href":"https:\/\/radiorevelacionfm.cl\/index.php?rest_route=\/wp\/v2\/users\/1"}],"replies":[{"embeddable":true,"href":"https:\/\/radiorevelacionfm.cl\/index.php?rest_route=%2Fwp%2Fv2%2Fcomments&post=9060"}],"version-history":[{"count":1,"href":"https:\/\/radiorevelacionfm.cl\/index.php?rest_route=\/wp\/v2\/posts\/9060\/revisions"}],"predecessor-version":[{"id":9062,"href":"https:\/\/radiorevelacionfm.cl\/index.php?rest_route=\/wp\/v2\/posts\/9060\/revisions\/9062"}],"wp:featuredmedia":[{"embeddable":true,"href":"https:\/\/radiorevelacionfm.cl\/index.php?rest_route=\/wp\/v2\/media\/9061"}],"wp:attachment":[{"href":"https:\/\/radiorevelacionfm.cl\/index.php?rest_route=%2Fwp%2Fv2%2Fmedia&parent=9060"}],"wp:term":[{"taxonomy":"category","embeddable":true,"href":"https:\/\/radiorevelacionfm.cl\/index.php?rest_route=%2Fwp%2Fv2%2Fcategories&post=9060"},{"taxonomy":"post_tag","embeddable":true,"href":"https:\/\/radiorevelacionfm.cl\/index.php?rest_route=%2Fwp%2Fv2%2Ftags&post=9060"}],"curies":[{"name":"wp","href":"https:\/\/api.w.org\/{rel}","templated":true}]}}