{"id":9053,"date":"2021-09-27T10:04:06","date_gmt":"2021-09-27T13:04:06","guid":{"rendered":"https:\/\/radiorevelacionfm.cl\/?p=9053"},"modified":"2021-09-27T10:04:06","modified_gmt":"2021-09-27T13:04:06","slug":"admision-2022-universidades-del-sistema-de-acceso-ofreceran-mas-de-2-800-carreras-y-160-mil-vacantes-a-lo-largo-del-pais","status":"publish","type":"post","link":"https:\/\/radiorevelacionfm.cl\/?p=9053","title":{"rendered":"Admisi\u00f3n 2022: Universidades del sistema de acceso ofrecer\u00e1n m\u00e1s de 2.800 carreras y 160 mil vacantes a lo largo del pa\u00eds"},"content":{"rendered":"<div class=\"flex_column av_one_full  flex_column_div av-zero-column-padding first  avia-builder-el-0  el_before_av_one_full  avia-builder-el-first  \" style='border-radius:0px; '><div  class='avia-image-container  av-styling-    avia-builder-el-1  avia-builder-el-no-sibling  avia-align-center '  itemprop=\"image\" itemscope=\"itemscope\" itemtype=\"https:\/\/schema.org\/ImageObject\"  ><div class='avia-image-container-inner'><div class='avia-image-overlay-wrap'><img decoding=\"async\" class='wp-image-9054 avia-img-lazy-loading-not-9054 avia_image' src=\"https:\/\/radiorevelacionfm.cl\/wp-content\/uploads\/2021\/09\/Carreras-2022-1-1.jpg\" alt='' title='Carreras 2022 (1) (1)' height=\"600\" width=\"1015\"  itemprop=\"thumbnailUrl\" srcset=\"https:\/\/radiorevelacionfm.cl\/wp-content\/uploads\/2021\/09\/Carreras-2022-1-1.jpg 1015w, https:\/\/radiorevelacionfm.cl\/wp-content\/uploads\/2021\/09\/Carreras-2022-1-1-300x177.jpg 300w, https:\/\/radiorevelacionfm.cl\/wp-content\/uploads\/2021\/09\/Carreras-2022-1-1-768x454.jpg 768w, https:\/\/radiorevelacionfm.cl\/wp-content\/uploads\/2021\/09\/Carreras-2022-1-1-705x417.jpg 705w, https:\/\/radiorevelacionfm.cl\/wp-content\/uploads\/2021\/09\/Carreras-2022-1-1-600x355.jpg 600w\" sizes=\"(max-width: 1015px) 100vw, 1015px\" \/><\/div><\/div><\/div><\/div><div class=\"flex_column av_one_full  flex_column_div av-zero-column-padding first  avia-builder-el-2  el_after_av_one_full  el_before_av_one_full  column-top-margin\" style='border-radius:0px; '><section class=\"av_textblock_section \"  itemscope=\"itemscope\" itemtype=\"https:\/\/schema.org\/BlogPosting\" itemprop=\"blogPost\" ><div class='avia_textblock  '   itemprop=\"text\" ><p style=\"text-align: center;\"><span style=\"font-size: 18pt;\"><b>Admisi\u00f3n 2022: Universidades del sistema de acceso ofrecer\u00e1n m\u00e1s de 2.800 carreras y 160 mil vacantes a lo largo del pa\u00eds<\/b><\/span><\/p>\n<div id=\"gtx-trans\" style=\"position: absolute; left: -50px; top: 4.31534px;\">\n<div class=\"gtx-trans-icon\"><\/div>\n<\/div>\n<\/div><\/section><\/div><div class=\"flex_column av_one_full  flex_column_div av-zero-column-padding first  avia-builder-el-4  el_after_av_one_full  el_before_av_hr  column-top-margin\" style='border-radius:0px; '><section class=\"av_textblock_section \"  itemscope=\"itemscope\" itemtype=\"https:\/\/schema.org\/BlogPosting\" itemprop=\"blogPost\" ><div class='avia_textblock  '   itemprop=\"text\" ><p class=\"v1MsoNormal\" style=\"text-align: justify;\">En el marco del proceso de Admisi\u00f3n 2022, las 45 universidades adscritas al sistema de acceso informaron su oferta acad\u00e9mica para el pr\u00f3ximo a\u00f1o. En total ser\u00e1n 2.842 programas de los cuales 1.993 son carreras de postulaci\u00f3n centralizada (que requieren la rendici\u00f3n PDT) y 849 carreras de postulaci\u00f3n directa (que consideran los requisitos de cada instituci\u00f3n), que en conjunto suman 160.404 vacantes a lo largo del pa\u00eds.<\/p>\n<p class=\"v1MsoNormal\" style=\"text-align: justify;\">El Seremi de Educaci\u00f3n Sergio Becerra Mera inform\u00f3 que en la Regi\u00f3n de Ays\u00e9n las universidades ofrecen 24 carreras y 581 vacantes para el a\u00f1o 2022. \u201cLa informaci\u00f3n sobre carreras, sedes, vacantes, duraci\u00f3n, malla curricular, requisitos de ingreso, y otros datos relevantes como empleabilidad se encuentran ya disponibles en el portal acceso.mineduc.cl\u201d, detall\u00f3.<\/p>\n<p class=\"v1MsoNormal\" style=\"text-align: justify;\">\u201cA partir de ahora, los j\u00f3venes contar\u00e1n con la informaci\u00f3n oficial de las universidades adscritas al sistema de acceso y as\u00ed podr\u00e1n decidir qu\u00e9 y d\u00f3nde estudiar a partir del pr\u00f3ximo a\u00f1o\u201d, se\u00f1al\u00f3 Juan Eduardo Vargas, Subsecretario de Educaci\u00f3n Superior, quien adem\u00e1s destac\u00f3 que en el portal de acceso los estudiantes podr\u00e1n utilizar, entre otras herramientas, los buscadores de carreras e instituciones y el simulador de ponderaciones para el caso de las carreras de postulaci\u00f3n centralizada, lo que permitir\u00e1 a los postulantes simular diversos escenarios con las ponderaciones reales definidas por las instituciones para la admisi\u00f3n 2022. \u201cJunto a las instituciones hemos hecho un importante esfuerzo por poner a disposici\u00f3n de los postulantes la mayor cantidad de informaci\u00f3n con el fin de que puedan tomar la mejor decisi\u00f3n respecto de su futuro acad\u00e9mico\u201d, remarc\u00f3 el subsecretario.<\/p>\n<p class=\"v1MsoNormal\" style=\"text-align: justify;\"><b>Criterios para la postulaci\u00f3n centralizada<\/b><\/p>\n<p class=\"v1MsoNormal\" style=\"text-align: justify;\">Por el contexto de pandemia, las 275.600 personas que se inscribieron para rendir la PDT este a\u00f1o deber\u00e1n hacerlo en dos turnos: un primer grupo el 6 y 7 de diciembre, y un segundo grupo el 9 y 10 del mismo mes. La publicaci\u00f3n de los resultados ser\u00e1 el 11 de enero de 2022.<\/p>\n<p class=\"v1MsoNormal\" style=\"text-align: justify;\">Es importante recalcar que tendr\u00e1n derecho a postular por la v\u00eda de admisi\u00f3n regular a las carreras de postulaci\u00f3n centralizada quienes tengan un puntaje promedio \u2013 entre las pruebas de Matem\u00e1tica y Comprensi\u00f3n Lectora \u2013 de 450 puntos o m\u00e1s, o tengan un promedio de notas de la educaci\u00f3n media que los ubiquen dentro del 10% superior de su promoci\u00f3n en su establecimiento educacional de egreso.<\/p>\n<p class=\"v1MsoNormal\" style=\"text-align: justify;\">Quienes tengan dudas, pueden encontrar m\u00e1s informaci\u00f3n en acceso.mineduc.cl o en demre.cl\u00a0 y en el tel\u00e9fono de atenci\u00f3n del DEMRE: 229783806.<\/p>\n<\/div><\/section><\/div><div  style='height:50px' class='hr hr-invisible   avia-builder-el-6  el_after_av_one_full  el_before_av_social_share '><span class='hr-inner ' ><span class='hr-inner-style'><\/span><\/span><\/div><\/p>\n<div  class='av-social-sharing-box  avia-builder-el-7  el_after_av_hr  el_before_av_hr  '><div class='av-share-box'><h5 class='av-share-link-description av-no-toc '>Compartir esta noticia<\/h5><ul class='av-share-box-list noLightbox'><li class='av-share-link av-social-link-facebook' ><a target=\"_blank\" aria-label=\"Compartir en Facebook\" href='https:\/\/www.facebook.com\/sharer.php?u=https:\/\/radiorevelacionfm.cl\/?p=9053&#038;t=Admisi%C3%B3n%202022%3A%20Universidades%20del%20sistema%20de%20acceso%20ofrecer%C3%A1n%20m%C3%A1s%20de%202.800%20carreras%20y%20160%20mil%20vacantes%20a%20lo%20largo%20del%20pa%C3%ADs' aria-hidden='false' data-av_icon='\ue8f3' data-av_iconfont='entypo-fontello' title='' data-avia-related-tooltip='Compartir en Facebook' rel=\"noopener\"><span class='avia_hidden_link_text'>Compartir en Facebook<\/span><\/a><\/li><li class='av-share-link av-social-link-twitter' ><a target=\"_blank\" aria-label=\"Compartir en Twitter\" href='https:\/\/twitter.com\/share?text=Admisi%C3%B3n%202022%3A%20Universidades%20del%20sistema%20de%20acceso%20ofrecer%C3%A1n%20m%C3%A1s%20de%202.800%20carreras%20y%20160%20mil%20vacantes%20a%20lo%20largo%20del%20pa%C3%ADs&#038;url=https:\/\/radiorevelacionfm.cl\/?p=9053' aria-hidden='false' data-av_icon='\ue8f1' data-av_iconfont='entypo-fontello' title='' data-avia-related-tooltip='Compartir en Twitter' rel=\"noopener\"><span class='avia_hidden_link_text'>Compartir en Twitter<\/span><\/a><\/li><li class='av-share-link av-social-link-whatsapp' ><a target=\"_blank\" aria-label=\"Compartir en Whatsapp\" href='https:\/\/api.whatsapp.com\/send?text=https:\/\/radiorevelacionfm.cl\/?p=9053' aria-hidden='false' data-av_icon='\uf232' data-av_iconfont='entypo-fontello' title='' data-avia-related-tooltip='Compartir en Whatsapp' rel=\"noopener\"><span class='avia_hidden_link_text'>Compartir en Whatsapp<\/span><\/a><\/li><li class='av-share-link av-social-link-linkedin' ><a target=\"_blank\" aria-label=\"Compartir en LinkedIn\" href='https:\/\/linkedin.com\/shareArticle?mini=true&#038;title=Admisi%C3%B3n%202022%3A%20Universidades%20del%20sistema%20de%20acceso%20ofrecer%C3%A1n%20m%C3%A1s%20de%202.800%20carreras%20y%20160%20mil%20vacantes%20a%20lo%20largo%20del%20pa%C3%ADs&#038;url=https:\/\/radiorevelacionfm.cl\/?p=9053' aria-hidden='false' data-av_icon='\ue8fc' data-av_iconfont='entypo-fontello' title='' data-avia-related-tooltip='Compartir en LinkedIn' rel=\"noopener\"><span class='avia_hidden_link_text'>Compartir en LinkedIn<\/span><\/a><\/li><li class='av-share-link av-social-link-mail' ><a  aria-label=\"Compartir por correo\" href='mailto:?subject=Admisi%C3%B3n%202022%3A%20Universidades%20del%20sistema%20de%20acceso%20ofrecer%C3%A1n%20m%C3%A1s%20de%202.800%20carreras%20y%20160%20mil%20vacantes%20a%20lo%20largo%20del%20pa%C3%ADs&#038;body=https:\/\/radiorevelacionfm.cl\/?p=9053' aria-hidden='false' data-av_icon='\ue805' data-av_iconfont='entypo-fontello' title='' data-avia-related-tooltip='Compartir por correo'><span class='avia_hidden_link_text'>Compartir por correo<\/span><\/a><\/li><\/ul><\/div><\/div>\n<div  style='height:50px' class='hr hr-invisible   avia-builder-el-8  el_after_av_social_share  el_before_av_comments_list '><span class='hr-inner ' ><span class='hr-inner-style'><\/span><\/span><\/div>\n<div  class='av-buildercomment  av-blog-meta-html-info-disabled av-blog-meta-tag-disabled  '><\/div>\n","protected":false},"excerpt":{"rendered":"","protected":false},"author":1,"featured_media":9054,"comment_status":"open","ping_status":"open","sticky":false,"template":"","format":"standard","meta":{"footnotes":""},"categories":[49],"tags":[],"class_list":["post-9053","post","type-post","status-publish","format-standard","has-post-thumbnail","hentry","category-educacion"],"jetpack_featured_media_url":"https:\/\/radiorevelacionfm.cl\/wp-content\/uploads\/2021\/09\/Carreras-2022-1-1.jpg","_links":{"self":[{"href":"https:\/\/radiorevelacionfm.cl\/index.php?rest_route=\/wp\/v2\/posts\/9053","targetHints":{"allow":["GET"]}}],"collection":[{"href":"https:\/\/radiorevelacionfm.cl\/index.php?rest_route=\/wp\/v2\/posts"}],"about":[{"href":"https:\/\/radiorevelacionfm.cl\/index.php?rest_route=\/wp\/v2\/types\/post"}],"author":[{"embeddable":true,"href":"https:\/\/radiorevelacionfm.cl\/index.php?rest_route=\/wp\/v2\/users\/1"}],"replies":[{"embeddable":true,"href":"https:\/\/radiorevelacionfm.cl\/index.php?rest_route=%2Fwp%2Fv2%2Fcomments&post=9053"}],"version-history":[{"count":1,"href":"https:\/\/radiorevelacionfm.cl\/index.php?rest_route=\/wp\/v2\/posts\/9053\/revisions"}],"predecessor-version":[{"id":9055,"href":"https:\/\/radiorevelacionfm.cl\/index.php?rest_route=\/wp\/v2\/posts\/9053\/revisions\/9055"}],"wp:featuredmedia":[{"embeddable":true,"href":"https:\/\/radiorevelacionfm.cl\/index.php?rest_route=\/wp\/v2\/media\/9054"}],"wp:attachment":[{"href":"https:\/\/radiorevelacionfm.cl\/index.php?rest_route=%2Fwp%2Fv2%2Fmedia&parent=9053"}],"wp:term":[{"taxonomy":"category","embeddable":true,"href":"https:\/\/radiorevelacionfm.cl\/index.php?rest_route=%2Fwp%2Fv2%2Fcategories&post=9053"},{"taxonomy":"post_tag","embeddable":true,"href":"https:\/\/radiorevelacionfm.cl\/index.php?rest_route=%2Fwp%2Fv2%2Ftags&post=9053"}],"curies":[{"name":"wp","href":"https:\/\/api.w.org\/{rel}","templated":true}]}}