{"id":9050,"date":"2021-09-25T10:42:20","date_gmt":"2021-09-25T13:42:20","guid":{"rendered":"https:\/\/radiorevelacionfm.cl\/?p=9050"},"modified":"2021-09-25T10:42:20","modified_gmt":"2021-09-25T13:42:20","slug":"gobernadora-sobre-el-crubc-hay-un-afan-de-este-gobierno-de-seguir-con-el-centralismo-que-deja-a-las-regiones-sin-posibilidades","status":"publish","type":"post","link":"https:\/\/radiorevelacionfm.cl\/?p=9050","title":{"rendered":"Gobernadora sobre el CRUBC: \u00abHay un af\u00e1n de este Gobierno, de seguir con el centralismo que deja a las regiones sin posibilidades\u00bb"},"content":{"rendered":"<div class=\"flex_column av_one_full  flex_column_div av-zero-column-padding first  avia-builder-el-0  el_before_av_one_full  avia-builder-el-first  \" style='border-radius:0px; '><div  class='avia-image-container  av-styling-    avia-builder-el-1  avia-builder-el-no-sibling  avia-align-center '  itemprop=\"image\" itemscope=\"itemscope\" itemtype=\"https:\/\/schema.org\/ImageObject\"  ><div class='avia-image-container-inner'><div class='avia-image-overlay-wrap'><img decoding=\"async\" class='wp-image-9051 avia-img-lazy-loading-not-9051 avia_image' src=\"https:\/\/radiorevelacionfm.cl\/wp-content\/uploads\/2021\/09\/Gobernadora-CRUBC-1-1.jpg\" alt='' title='Gobernadora CRUBC (1) (1)' height=\"600\" width=\"1132\"  itemprop=\"thumbnailUrl\" srcset=\"https:\/\/radiorevelacionfm.cl\/wp-content\/uploads\/2021\/09\/Gobernadora-CRUBC-1-1.jpg 1132w, https:\/\/radiorevelacionfm.cl\/wp-content\/uploads\/2021\/09\/Gobernadora-CRUBC-1-1-300x159.jpg 300w, https:\/\/radiorevelacionfm.cl\/wp-content\/uploads\/2021\/09\/Gobernadora-CRUBC-1-1-1030x546.jpg 1030w, https:\/\/radiorevelacionfm.cl\/wp-content\/uploads\/2021\/09\/Gobernadora-CRUBC-1-1-768x407.jpg 768w, https:\/\/radiorevelacionfm.cl\/wp-content\/uploads\/2021\/09\/Gobernadora-CRUBC-1-1-710x375.jpg 710w, https:\/\/radiorevelacionfm.cl\/wp-content\/uploads\/2021\/09\/Gobernadora-CRUBC-1-1-705x374.jpg 705w, https:\/\/radiorevelacionfm.cl\/wp-content\/uploads\/2021\/09\/Gobernadora-CRUBC-1-1-600x318.jpg 600w\" sizes=\"(max-width: 1132px) 100vw, 1132px\" \/><\/div><\/div><\/div><\/div><div class=\"flex_column av_one_full  flex_column_div av-zero-column-padding first  avia-builder-el-2  el_after_av_one_full  el_before_av_one_full  column-top-margin\" style='border-radius:0px; '><section class=\"av_textblock_section \"  itemscope=\"itemscope\" itemtype=\"https:\/\/schema.org\/BlogPosting\" itemprop=\"blogPost\" ><div class='avia_textblock  '   itemprop=\"text\" ><p style=\"text-align: center;\"><strong><span style=\"font-size: 18pt;\">Gobernadora sobre el CRUBC: \u00abHay un af\u00e1n de este Gobierno, de seguir con el centralismo que deja a las regiones sin posibilidades\u00bb<\/span><\/strong><\/p>\n<div id=\"gtx-trans\" style=\"position: absolute; left: -50px; top: 4.31534px;\">\n<div class=\"gtx-trans-icon\"><\/div>\n<\/div>\n<\/div><\/section><\/div><div class=\"flex_column av_one_full  flex_column_div av-zero-column-padding first  avia-builder-el-4  el_after_av_one_full  el_before_av_hr  column-top-margin\" style='border-radius:0px; '><section class=\"av_textblock_section \"  itemscope=\"itemscope\" itemtype=\"https:\/\/schema.org\/BlogPosting\" itemprop=\"blogPost\" ><div class='avia_textblock  '   itemprop=\"text\" ><p style=\"text-align: justify;\">A prop\u00f3sito del oficio del Ministerio del Interior donde establece que la presidencia de las Comisiones Regionales de Uso del Borde Costero (CRUBC) son presididas por los delegados presidenciales, en condiciones que el ordenamiento territorial es una facultad que la ley otorga a los Gobiernos Regionales.<\/p>\n<p style=\"text-align: justify;\">Hay un af\u00e1n de este, de \u00faltimo minuto adem\u00e1s, de seguir con el centralismo asfixiante que deja a las regiones sin posibilidades de tomar sus propias decisiones. Las CRUBC son fundamentales para la planificaci\u00f3n de nuestro maritorio y desde Santiago se pretende dejar amarrados a discrecionalidad del centro un sinn\u00famero de concesiones, entregas. Lo que huele, como siempre, a decisiones antojadizas y que esconden centralismo, falta de participaci\u00f3n, e incluso carencia de \u00e9tica.<\/p>\n<p style=\"text-align: justify;\">Es vergonzoso que las presiones de la industria salmonera, de grupos econ\u00f3micos, que no aceptan que la administraci\u00f3n y uso del borde costero sea regulado y propiciado por los gobiernos regionales. Porque nosotros como regiones hacemos una defensa ac\u00e9rrima de nuestro territorio y sabemos donde est\u00e1n los intereses de nuestra gente.<\/p>\n<\/div><\/section><\/div><div  style='height:50px' class='hr hr-invisible   avia-builder-el-6  el_after_av_one_full  el_before_av_social_share '><span class='hr-inner ' ><span class='hr-inner-style'><\/span><\/span><\/div><\/p>\n<div  class='av-social-sharing-box  avia-builder-el-7  el_after_av_hr  el_before_av_hr  '><div class='av-share-box'><h5 class='av-share-link-description av-no-toc '>Compartir esta noticia<\/h5><ul class='av-share-box-list noLightbox'><li class='av-share-link av-social-link-facebook' ><a target=\"_blank\" aria-label=\"Compartir en Facebook\" href='https:\/\/www.facebook.com\/sharer.php?u=https:\/\/radiorevelacionfm.cl\/?p=9050&#038;t=Gobernadora%20sobre%20el%20CRUBC%3A%20%C2%ABHay%20un%20af%C3%A1n%20de%20este%20Gobierno%2C%20de%20seguir%20con%20el%20centralismo%20que%20deja%20a%20las%20regiones%20sin%20posibilidades%C2%BB' aria-hidden='false' data-av_icon='\ue8f3' data-av_iconfont='entypo-fontello' title='' data-avia-related-tooltip='Compartir en Facebook' rel=\"noopener\"><span class='avia_hidden_link_text'>Compartir en Facebook<\/span><\/a><\/li><li class='av-share-link av-social-link-twitter' ><a target=\"_blank\" aria-label=\"Compartir en Twitter\" href='https:\/\/twitter.com\/share?text=Gobernadora%20sobre%20el%20CRUBC%3A%20%C2%ABHay%20un%20af%C3%A1n%20de%20este%20Gobierno%2C%20de%20seguir%20con%20el%20centralismo%20que%20deja%20a%20las%20regiones%20sin%20posibilidades%C2%BB&#038;url=https:\/\/radiorevelacionfm.cl\/?p=9050' aria-hidden='false' data-av_icon='\ue8f1' data-av_iconfont='entypo-fontello' title='' data-avia-related-tooltip='Compartir en Twitter' rel=\"noopener\"><span class='avia_hidden_link_text'>Compartir en Twitter<\/span><\/a><\/li><li class='av-share-link av-social-link-whatsapp' ><a target=\"_blank\" aria-label=\"Compartir en Whatsapp\" href='https:\/\/api.whatsapp.com\/send?text=https:\/\/radiorevelacionfm.cl\/?p=9050' aria-hidden='false' data-av_icon='\uf232' data-av_iconfont='entypo-fontello' title='' data-avia-related-tooltip='Compartir en Whatsapp' rel=\"noopener\"><span class='avia_hidden_link_text'>Compartir en Whatsapp<\/span><\/a><\/li><li class='av-share-link av-social-link-linkedin' ><a target=\"_blank\" aria-label=\"Compartir en LinkedIn\" href='https:\/\/linkedin.com\/shareArticle?mini=true&#038;title=Gobernadora%20sobre%20el%20CRUBC%3A%20%C2%ABHay%20un%20af%C3%A1n%20de%20este%20Gobierno%2C%20de%20seguir%20con%20el%20centralismo%20que%20deja%20a%20las%20regiones%20sin%20posibilidades%C2%BB&#038;url=https:\/\/radiorevelacionfm.cl\/?p=9050' aria-hidden='false' data-av_icon='\ue8fc' data-av_iconfont='entypo-fontello' title='' data-avia-related-tooltip='Compartir en LinkedIn' rel=\"noopener\"><span class='avia_hidden_link_text'>Compartir en LinkedIn<\/span><\/a><\/li><li class='av-share-link av-social-link-mail' ><a  aria-label=\"Compartir por correo\" href='mailto:?subject=Gobernadora%20sobre%20el%20CRUBC%3A%20%C2%ABHay%20un%20af%C3%A1n%20de%20este%20Gobierno%2C%20de%20seguir%20con%20el%20centralismo%20que%20deja%20a%20las%20regiones%20sin%20posibilidades%C2%BB&#038;body=https:\/\/radiorevelacionfm.cl\/?p=9050' aria-hidden='false' data-av_icon='\ue805' data-av_iconfont='entypo-fontello' title='' data-avia-related-tooltip='Compartir por correo'><span class='avia_hidden_link_text'>Compartir por correo<\/span><\/a><\/li><\/ul><\/div><\/div>\n<div  style='height:50px' class='hr hr-invisible   avia-builder-el-8  el_after_av_social_share  el_before_av_comments_list '><span class='hr-inner ' ><span class='hr-inner-style'><\/span><\/span><\/div>\n<div  class='av-buildercomment  av-blog-meta-html-info-disabled av-blog-meta-tag-disabled  '><\/div>\n","protected":false},"excerpt":{"rendered":"","protected":false},"author":1,"featured_media":9051,"comment_status":"open","ping_status":"open","sticky":false,"template":"","format":"standard","meta":{"footnotes":""},"categories":[38],"tags":[],"class_list":["post-9050","post","type-post","status-publish","format-standard","has-post-thumbnail","hentry","category-regional"],"jetpack_featured_media_url":"https:\/\/radiorevelacionfm.cl\/wp-content\/uploads\/2021\/09\/Gobernadora-CRUBC-1-1.jpg","_links":{"self":[{"href":"https:\/\/radiorevelacionfm.cl\/index.php?rest_route=\/wp\/v2\/posts\/9050","targetHints":{"allow":["GET"]}}],"collection":[{"href":"https:\/\/radiorevelacionfm.cl\/index.php?rest_route=\/wp\/v2\/posts"}],"about":[{"href":"https:\/\/radiorevelacionfm.cl\/index.php?rest_route=\/wp\/v2\/types\/post"}],"author":[{"embeddable":true,"href":"https:\/\/radiorevelacionfm.cl\/index.php?rest_route=\/wp\/v2\/users\/1"}],"replies":[{"embeddable":true,"href":"https:\/\/radiorevelacionfm.cl\/index.php?rest_route=%2Fwp%2Fv2%2Fcomments&post=9050"}],"version-history":[{"count":1,"href":"https:\/\/radiorevelacionfm.cl\/index.php?rest_route=\/wp\/v2\/posts\/9050\/revisions"}],"predecessor-version":[{"id":9052,"href":"https:\/\/radiorevelacionfm.cl\/index.php?rest_route=\/wp\/v2\/posts\/9050\/revisions\/9052"}],"wp:featuredmedia":[{"embeddable":true,"href":"https:\/\/radiorevelacionfm.cl\/index.php?rest_route=\/wp\/v2\/media\/9051"}],"wp:attachment":[{"href":"https:\/\/radiorevelacionfm.cl\/index.php?rest_route=%2Fwp%2Fv2%2Fmedia&parent=9050"}],"wp:term":[{"taxonomy":"category","embeddable":true,"href":"https:\/\/radiorevelacionfm.cl\/index.php?rest_route=%2Fwp%2Fv2%2Fcategories&post=9050"},{"taxonomy":"post_tag","embeddable":true,"href":"https:\/\/radiorevelacionfm.cl\/index.php?rest_route=%2Fwp%2Fv2%2Ftags&post=9050"}],"curies":[{"name":"wp","href":"https:\/\/api.w.org\/{rel}","templated":true}]}}