{"id":9047,"date":"2021-09-25T11:45:09","date_gmt":"2021-09-25T14:45:09","guid":{"rendered":"https:\/\/radiorevelacionfm.cl\/?p=9047"},"modified":"2021-09-25T11:45:09","modified_gmt":"2021-09-25T14:45:09","slug":"el-valor-de-la-educacion-emocional-en-la-primera-infancia","status":"publish","type":"post","link":"https:\/\/radiorevelacionfm.cl\/?p=9047","title":{"rendered":"El valor de la educaci\u00f3n emocional en la primera infancia"},"content":{"rendered":"<div class=\"flex_column av_one_full  flex_column_div av-zero-column-padding first  avia-builder-el-0  el_before_av_one_full  avia-builder-el-first  \" style='border-radius:0px; '><div  class='avia-image-container  av-styling-    avia-builder-el-1  avia-builder-el-no-sibling  avia-align-center '  itemprop=\"image\" itemscope=\"itemscope\" itemtype=\"https:\/\/schema.org\/ImageObject\"  ><div class='avia-image-container-inner'><div class='avia-image-overlay-wrap'><img decoding=\"async\" class='wp-image-9048 avia-img-lazy-loading-not-9048 avia_image' src=\"https:\/\/radiorevelacionfm.cl\/wp-content\/uploads\/2021\/09\/5-9-1-1.jpeg\" alt='' title='5 (9) (1) (1)' height=\"600\" width=\"1333\"  itemprop=\"thumbnailUrl\" srcset=\"https:\/\/radiorevelacionfm.cl\/wp-content\/uploads\/2021\/09\/5-9-1-1.jpeg 1333w, https:\/\/radiorevelacionfm.cl\/wp-content\/uploads\/2021\/09\/5-9-1-1-300x135.jpeg 300w, https:\/\/radiorevelacionfm.cl\/wp-content\/uploads\/2021\/09\/5-9-1-1-1030x464.jpeg 1030w, https:\/\/radiorevelacionfm.cl\/wp-content\/uploads\/2021\/09\/5-9-1-1-768x346.jpeg 768w, https:\/\/radiorevelacionfm.cl\/wp-content\/uploads\/2021\/09\/5-9-1-1-705x317.jpeg 705w, https:\/\/radiorevelacionfm.cl\/wp-content\/uploads\/2021\/09\/5-9-1-1-600x270.jpeg 600w\" sizes=\"(max-width: 1333px) 100vw, 1333px\" \/><\/div><\/div><\/div><\/div><div class=\"flex_column av_one_full  flex_column_div av-zero-column-padding first  avia-builder-el-2  el_after_av_one_full  el_before_av_one_full  column-top-margin\" style='border-radius:0px; '><section class=\"av_textblock_section \"  itemscope=\"itemscope\" itemtype=\"https:\/\/schema.org\/BlogPosting\" itemprop=\"blogPost\" ><div class='avia_textblock  '   itemprop=\"text\" ><p style=\"text-align: center;\"><strong><span style=\"font-size: 18pt;\">El valor de la educaci\u00f3n emocional en la primera infancia<\/span><\/strong><\/p>\n<div id=\"gtx-trans\" style=\"position: absolute; left: -50px; top: 4.31534px;\">\n<div class=\"gtx-trans-icon\"><\/div>\n<\/div>\n<\/div><\/section><\/div><div class=\"flex_column av_one_full  flex_column_div av-zero-column-padding first  avia-builder-el-4  el_after_av_one_full  el_before_av_hr  column-top-margin\" style='border-radius:0px; '><section class=\"av_textblock_section \"  itemscope=\"itemscope\" itemtype=\"https:\/\/schema.org\/BlogPosting\" itemprop=\"blogPost\" ><div class='avia_textblock  '   itemprop=\"text\" ><p style=\"font-weight: 400; text-align: justify;\">Fundaci\u00f3n Integra firm\u00f3 una alianza con Fundaci\u00f3n Liderazgo Chile la que busca promover, por medio de diplomados y talleres de Educaci\u00f3n Emocional, procesos de aprendizajes sobre el desarrollo de habilidades socioemocionales, que potencien el bienestar de las trabajadoras\/res y de los ni\u00f1os y ni\u00f1as, que forman parte de la instituci\u00f3n educativa.<\/p>\n<p style=\"font-weight: 400; text-align: justify;\">\u201cEs vital que el proceso educativo se inicie en la sala cuna y jard\u00edn infantil, ya que \u2013 adem\u00e1s de su entorno familiar\u2013 es el primer espacio donde los ni\u00f1os y ni\u00f1as desarrollan un v\u00ednculo emocional\u201d. As\u00ed lo afirma Arnaldo Canales, director ejecutivo de Fundaci\u00f3n Liderazgo Chile (Flich), entidad con la que Fundaci\u00f3n Integra firm\u00f3 una alianza que busca promover, por medio de diplomados y talleres de Educaci\u00f3n Emocional, procesos de aprendizajes sobre el desarrollo de habilidades socioemocionales, que potencien el bienestar de las trabajadoras\/res y de los ni\u00f1os y ni\u00f1as, que forman parte de la instituci\u00f3n.<\/p>\n<p style=\"font-weight: 400; text-align: justify;\">Considerando la importancia de la educaci\u00f3n emocional durante la primera infancia, Jos\u00e9 Manuel Ready, director ejecutivo de Fundaci\u00f3n Integra, se\u00f1ala que para seguir entregando educaci\u00f3n de calidad a los ni\u00f1os y ni\u00f1as que asisten a nuestros establecimientos, \u201ces fundamental contar con el apoyo de expertos que entreguen a los equipos educativos, cada vez m\u00e1s herramientas en el \u00e1mbito de la educaci\u00f3n socioemocional. Esto les permite incentivar a los ni\u00f1os\/as a desarrollar su identidad y fortalecer su autoestima, seguridad y confianza, lo que influye directamente en el proceso de aprendizaje\u201d.<\/p>\n<p style=\"font-weight: 400; text-align: justify;\">Seg\u00fan Canales lo que vivan los ni\u00f1os y ni\u00f1as en la primera infancia es vital para el desarrollo de un aprendizaje socioemocional integral. \u201cPor lo tanto, esta etapa tiene suma relevancia, porque es ah\u00ed donde ellos\/as logran, a trav\u00e9s del aprender haciendo, a vincular el aprendizaje por medio del juego con esta disposici\u00f3n socioemocional\u201d, explica.<\/p>\n<p style=\"font-weight: 400; text-align: justify;\">Para que esto suceda, debe haber un\u00a0cambio de paradigma, que nace de la capacidad que tengan los educadores de \u201cdesaprender\u201d o despojarse de antiguos esquemas. \u201cLa educaci\u00f3n emocional hoy d\u00eda se sustenta en el desarrollo de la neurociencia y en la investigaci\u00f3n que se ha hecho sobre el tema, que se\u00f1ala c\u00f3mo un ni\u00f1o aprende, a trav\u00e9s de un cerebro estimulado\u201d, dice el director ejecutivo de Flich.<\/p>\n<p style=\"font-weight: 400; text-align: justify;\">Es por esta raz\u00f3n que los educadores, en general, tanto en la primera infancia como en la educaci\u00f3n b\u00e1sica y media, deben considerar el aprendizaje socioemocional y el desarrollo de sus propias competencias emocionales. \u201cEsto se traduce en el desarrollo de conciencia emocional, regulaci\u00f3n, autonom\u00eda y habilidades socioemocionales, as\u00ed como la asertividad y manejo de conflictos, que son esenciales tambi\u00e9n para el buen trabajo en equipo de las\/os educadoras\/es\u201d, menciona.<\/p>\n<p style=\"font-weight: 400; text-align: justify;\">De acuerdo con Canales, la educaci\u00f3n emocional puede construir una mejor sociedad, ya que gran parte de los problemas que hoy tenemos en Chile, est\u00e1n asociados a cifras negativas que indican que ni\u00f1os\/as menores de 5 a\u00f1os no cuentan con una buena salud mental. \u201cLa ansiedad, depresi\u00f3n e hiperactividad, son algunos de los factores que han surgido dentro de los muchos estudios que se han realizado en primera infancia, que demuestran c\u00f3mo la educaci\u00f3n emocional se podr\u00eda anticipar a la enfermedad. Por ello, nuestro mundo emocional puede aportar -significativamente- en la construcci\u00f3n de una mejor relaci\u00f3n y sociedad\u201d, explica.<\/p>\n<p style=\"font-weight: 400; text-align: justify;\"><strong>Mirada integral<\/strong><\/p>\n<p style=\"font-weight: 400; text-align: justify;\">Marcela Fontecilla, directora nacional de Educaci\u00f3n de Fundaci\u00f3n Integra, indica que para los equipos educativos de la instituci\u00f3n, la oportunidad de capacitarse en educaci\u00f3n emocional ha sido relevante, ya que les ha brindado un nuevo enfoque respecto a la educaci\u00f3n parvularia. \u201cHoy la educaci\u00f3n debe ser integral y sin duda, el hecho que las educadoras puedan apoyar a las ni\u00f1as y ni\u00f1os para que desarrollen competencias emocionales, a ellos\/as les abre caminos para que puedan tener un mejor futuro en los distintos planos de su vida\u201d, dice.<\/p>\n<p style=\"font-weight: 400; text-align: justify;\">En tanto, Berenice Alarc\u00f3n, directora \u00e1rea social de Flich, manifest\u00f3 sobre la importancia del convenio que \u201cnos permite estar donde el proceso de aprendizaje inicia y eso es en la primera infancia, cuando los ni\u00f1os y ni\u00f1as a trav\u00e9s del lenguaje y en el compartir con otros\/as, aprenden a decir c\u00f3mo se sienten y tambi\u00e9n c\u00f3mo hacen sentir a otros\/as; aspectos que requieren cultivarse y que est\u00e1n a cargo de las educadoras y t\u00e9cnicos del nivel de educaci\u00f3n parvularia. Desde ese deber surge este convenio, de estar en d\u00f3nde se desarrolla el proceso de ense\u00f1anza.<\/p>\n<p style=\"font-weight: 400; text-align: justify;\">La profesional agreg\u00f3 \u201cconfiamos en que las educadoras y t\u00e9cnicos de los jardines infantiles de la Fundaci\u00f3n Integra son quienes tienen la maravillosa oportunidad de entregar y construir la educaci\u00f3n emocional de miles de ni\u00f1as y ni\u00f1os vulnerables en nuestro pa\u00eds. En esta l\u00ednea, como Fundaci\u00f3n Liderazgo Chile esta alianza nos permitir\u00e1 estar presente en aquellos espacios en que la primera infancia construir\u00e1 desde las emociones el aprendizaje, que los har\u00e1 sentirse bien, vivir en bienestar constante y hacer a otros\/as felices\u201d.<\/p>\n<\/div><\/section><\/div><div  style='height:50px' class='hr hr-invisible   avia-builder-el-6  el_after_av_one_full  el_before_av_social_share '><span class='hr-inner ' ><span class='hr-inner-style'><\/span><\/span><\/div><\/p>\n<div  class='av-social-sharing-box  avia-builder-el-7  el_after_av_hr  el_before_av_hr  '><div class='av-share-box'><h5 class='av-share-link-description av-no-toc '>Compartir esta noticia<\/h5><ul class='av-share-box-list noLightbox'><li class='av-share-link av-social-link-facebook' ><a target=\"_blank\" aria-label=\"Compartir en Facebook\" href='https:\/\/www.facebook.com\/sharer.php?u=https:\/\/radiorevelacionfm.cl\/?p=9047&#038;t=El%20valor%20de%20la%20educaci%C3%B3n%20emocional%20en%20la%20primera%20infancia' aria-hidden='false' data-av_icon='\ue8f3' data-av_iconfont='entypo-fontello' title='' data-avia-related-tooltip='Compartir en Facebook' rel=\"noopener\"><span class='avia_hidden_link_text'>Compartir en Facebook<\/span><\/a><\/li><li class='av-share-link av-social-link-twitter' ><a target=\"_blank\" aria-label=\"Compartir en Twitter\" href='https:\/\/twitter.com\/share?text=El%20valor%20de%20la%20educaci%C3%B3n%20emocional%20en%20la%20primera%20infancia&#038;url=https:\/\/radiorevelacionfm.cl\/?p=9047' aria-hidden='false' data-av_icon='\ue8f1' data-av_iconfont='entypo-fontello' title='' data-avia-related-tooltip='Compartir en Twitter' rel=\"noopener\"><span class='avia_hidden_link_text'>Compartir en Twitter<\/span><\/a><\/li><li class='av-share-link av-social-link-whatsapp' ><a target=\"_blank\" aria-label=\"Compartir en Whatsapp\" href='https:\/\/api.whatsapp.com\/send?text=https:\/\/radiorevelacionfm.cl\/?p=9047' aria-hidden='false' data-av_icon='\uf232' data-av_iconfont='entypo-fontello' title='' data-avia-related-tooltip='Compartir en Whatsapp' rel=\"noopener\"><span class='avia_hidden_link_text'>Compartir en Whatsapp<\/span><\/a><\/li><li class='av-share-link av-social-link-linkedin' ><a target=\"_blank\" aria-label=\"Compartir en LinkedIn\" href='https:\/\/linkedin.com\/shareArticle?mini=true&#038;title=El%20valor%20de%20la%20educaci%C3%B3n%20emocional%20en%20la%20primera%20infancia&#038;url=https:\/\/radiorevelacionfm.cl\/?p=9047' aria-hidden='false' data-av_icon='\ue8fc' data-av_iconfont='entypo-fontello' title='' data-avia-related-tooltip='Compartir en LinkedIn' rel=\"noopener\"><span class='avia_hidden_link_text'>Compartir en LinkedIn<\/span><\/a><\/li><li class='av-share-link av-social-link-mail' ><a  aria-label=\"Compartir por correo\" href='mailto:?subject=El%20valor%20de%20la%20educaci%C3%B3n%20emocional%20en%20la%20primera%20infancia&#038;body=https:\/\/radiorevelacionfm.cl\/?p=9047' aria-hidden='false' data-av_icon='\ue805' data-av_iconfont='entypo-fontello' title='' data-avia-related-tooltip='Compartir por correo'><span class='avia_hidden_link_text'>Compartir por correo<\/span><\/a><\/li><\/ul><\/div><\/div>\n<div  style='height:50px' class='hr hr-invisible   avia-builder-el-8  el_after_av_social_share  el_before_av_comments_list '><span class='hr-inner ' ><span class='hr-inner-style'><\/span><\/span><\/div>\n<div  class='av-buildercomment  av-blog-meta-html-info-disabled av-blog-meta-tag-disabled  '><\/div>\n","protected":false},"excerpt":{"rendered":"","protected":false},"author":1,"featured_media":9048,"comment_status":"open","ping_status":"open","sticky":false,"template":"","format":"standard","meta":{"footnotes":""},"categories":[49],"tags":[],"class_list":["post-9047","post","type-post","status-publish","format-standard","has-post-thumbnail","hentry","category-educacion"],"jetpack_featured_media_url":"https:\/\/radiorevelacionfm.cl\/wp-content\/uploads\/2021\/09\/5-9-1-1.jpeg","_links":{"self":[{"href":"https:\/\/radiorevelacionfm.cl\/index.php?rest_route=\/wp\/v2\/posts\/9047","targetHints":{"allow":["GET"]}}],"collection":[{"href":"https:\/\/radiorevelacionfm.cl\/index.php?rest_route=\/wp\/v2\/posts"}],"about":[{"href":"https:\/\/radiorevelacionfm.cl\/index.php?rest_route=\/wp\/v2\/types\/post"}],"author":[{"embeddable":true,"href":"https:\/\/radiorevelacionfm.cl\/index.php?rest_route=\/wp\/v2\/users\/1"}],"replies":[{"embeddable":true,"href":"https:\/\/radiorevelacionfm.cl\/index.php?rest_route=%2Fwp%2Fv2%2Fcomments&post=9047"}],"version-history":[{"count":1,"href":"https:\/\/radiorevelacionfm.cl\/index.php?rest_route=\/wp\/v2\/posts\/9047\/revisions"}],"predecessor-version":[{"id":9049,"href":"https:\/\/radiorevelacionfm.cl\/index.php?rest_route=\/wp\/v2\/posts\/9047\/revisions\/9049"}],"wp:featuredmedia":[{"embeddable":true,"href":"https:\/\/radiorevelacionfm.cl\/index.php?rest_route=\/wp\/v2\/media\/9048"}],"wp:attachment":[{"href":"https:\/\/radiorevelacionfm.cl\/index.php?rest_route=%2Fwp%2Fv2%2Fmedia&parent=9047"}],"wp:term":[{"taxonomy":"category","embeddable":true,"href":"https:\/\/radiorevelacionfm.cl\/index.php?rest_route=%2Fwp%2Fv2%2Fcategories&post=9047"},{"taxonomy":"post_tag","embeddable":true,"href":"https:\/\/radiorevelacionfm.cl\/index.php?rest_route=%2Fwp%2Fv2%2Ftags&post=9047"}],"curies":[{"name":"wp","href":"https:\/\/api.w.org\/{rel}","templated":true}]}}