{"id":9041,"date":"2021-09-24T17:58:06","date_gmt":"2021-09-24T20:58:06","guid":{"rendered":"https:\/\/radiorevelacionfm.cl\/?p=9041"},"modified":"2021-09-24T17:58:06","modified_gmt":"2021-09-24T20:58:06","slug":"pdi-detiene-a-adolescente-por-receptacion-y-recupera-prendas-sustraidas-desde-local-comercial","status":"publish","type":"post","link":"https:\/\/radiorevelacionfm.cl\/?p=9041","title":{"rendered":"PDI detiene a adolescente por receptaci\u00f3n y recupera prendas sustra\u00eddas desde local comercial"},"content":{"rendered":"<div class=\"flex_column av_one_full  flex_column_div av-zero-column-padding first  avia-builder-el-0  el_before_av_one_full  avia-builder-el-first  \" style='border-radius:0px; '><div  class='avia-image-container  av-styling-    avia-builder-el-1  avia-builder-el-no-sibling  avia-align-center '  itemprop=\"image\" itemscope=\"itemscope\" itemtype=\"https:\/\/schema.org\/ImageObject\"  ><div class='avia-image-container-inner'><div class='avia-image-overlay-wrap'><img decoding=\"async\" class='wp-image-6365 avia-img-lazy-loading-not-6365 avia_image' src=\"https:\/\/radiorevelacionfm.cl\/wp-content\/uploads\/2021\/07\/PDI-Imagen-referencial-1-1.jpg\" alt='' title='PDI Imagen referencial (1) (1)' height=\"600\" width=\"900\"  itemprop=\"thumbnailUrl\" srcset=\"https:\/\/radiorevelacionfm.cl\/wp-content\/uploads\/2021\/07\/PDI-Imagen-referencial-1-1.jpg 900w, https:\/\/radiorevelacionfm.cl\/wp-content\/uploads\/2021\/07\/PDI-Imagen-referencial-1-1-300x200.jpg 300w, https:\/\/radiorevelacionfm.cl\/wp-content\/uploads\/2021\/07\/PDI-Imagen-referencial-1-1-768x512.jpg 768w, https:\/\/radiorevelacionfm.cl\/wp-content\/uploads\/2021\/07\/PDI-Imagen-referencial-1-1-705x470.jpg 705w, https:\/\/radiorevelacionfm.cl\/wp-content\/uploads\/2021\/07\/PDI-Imagen-referencial-1-1-600x400.jpg 600w\" sizes=\"(max-width: 900px) 100vw, 900px\" \/><\/div><\/div><\/div><\/div><div class=\"flex_column av_one_full  flex_column_div av-zero-column-padding first  avia-builder-el-2  el_after_av_one_full  el_before_av_one_full  column-top-margin\" style='border-radius:0px; '><section class=\"av_textblock_section \"  itemscope=\"itemscope\" itemtype=\"https:\/\/schema.org\/BlogPosting\" itemprop=\"blogPost\" ><div class='avia_textblock  '   itemprop=\"text\" ><p style=\"text-align: center;\"><span style=\"font-size: 18pt;\"><strong>PDI detiene a adolescente por receptaci\u00f3n y recupera prendas sustra\u00eddas desde local comercial<\/strong><\/span><\/p>\n<div id=\"gtx-trans\" style=\"position: absolute; left: -50px; top: 4.31534px;\">\n<div class=\"gtx-trans-icon\"><\/div>\n<\/div>\n<\/div><\/section><\/div><div class=\"flex_column av_one_full  flex_column_div av-zero-column-padding first  avia-builder-el-4  el_after_av_one_full  el_before_av_hr  column-top-margin\" style='border-radius:0px; '><section class=\"av_textblock_section \"  itemscope=\"itemscope\" itemtype=\"https:\/\/schema.org\/BlogPosting\" itemprop=\"blogPost\" ><div class='avia_textblock  '   itemprop=\"text\" ><p style=\"text-align: justify;\">Durante la tarde del jueves 23 de septiembre de 2021, detectives de la Brigada Investigadora de Robos (BIRO) Coyhaique, tras control de identidad realizado en el centro de la capital regional, detuvieron a un adolescente de 14 a\u00f1os por el delito de receptaci\u00f3n flagrante de diversas prendas de vestir de una tienda del centro de la ciudad.<\/p>\n<p style=\"text-align: justify;\">Al respecto, el jefe de la BIRO Coyhaique, subprefecto V\u00edctor Toledo, se\u00f1al\u00f3 que \u201cmientras detectives de esta brigada especializada en conjunto con la Oficina de An\u00e1lisis Criminal efectuaban un trabajo en terreno para levantar informaci\u00f3n relevante respecto de algunos delitos que han ido aconteciendo en el \u00faltimo tiempo, observaron a un grupo de j\u00f3venes donde uno de ellos exhib\u00eda algunas prendas de vestir motivo por el cual se gener\u00f3 un control de identidad, estableci\u00e9ndose que estas contaban con su sello de seguridad y logos alusivos a una tienda comercial de la comuna de Coyhaique\u201d.<\/p>\n<p style=\"text-align: justify;\">En raz\u00f3n de ello, \u201cse concurri\u00f3 a la tienda comercial y junto a la jefa de local se estableci\u00f3 que estas prendas hab\u00edan sido hurtadas horas antes por un grupo indeterminado de personas, por lo tanto, se configur\u00f3 el delito flagrante de receptaci\u00f3n, siendo el adolescente detenido, informando estos antecedentes al Ministerio P\u00fablico\u201d, a\u00f1adi\u00f3 el subprefecto Toledo.<\/p>\n<p style=\"text-align: justify;\">El fiscal de turno instruy\u00f3 que el detenido fuera apercibido al art\u00edculo 26 del C\u00f3digo Procesal Penal y entregado a un adulto responsable, mientras que las prendas de vestir, avaluadas en cerca de cien mil pesos, fueron devueltas al local comercial.<\/p>\n<p style=\"text-align: justify;\">Finalmente, el jefe de la unidad especializada realiz\u00f3 un llamado a los dependientes de los locales comerciales a realizar las denuncias ante hurtos y robos desde las tiendas, independiente del aval\u00fao de las especies sustra\u00eddas, \u201ccomo Brigada Investigadora de Robos, especialista en este tipo de delitos, hacemos el llamado a la comunidad y a las personas que sean afectadas por alg\u00fan delito contra la propiedad a denunciar estos hechos, toda vez que es la \u00fanica manera que el Ministerio P\u00fablico y las polic\u00edas tomen conocimiento de realidades delictuales que est\u00e9n ocurriendo en alg\u00fan sector de la comuna\u201d, agregando que contin\u00faan las diligencias para establecer fehacientemente cu\u00e1les fueron las circunstancias del delito.<\/p>\n<\/div><\/section><\/div><div  style='height:50px' class='hr hr-invisible   avia-builder-el-6  el_after_av_one_full  el_before_av_social_share '><span class='hr-inner ' ><span class='hr-inner-style'><\/span><\/span><\/div><\/p>\n<div  class='av-social-sharing-box  avia-builder-el-7  el_after_av_hr  el_before_av_hr  '><div class='av-share-box'><h5 class='av-share-link-description av-no-toc '>Compartir esta noticia<\/h5><ul class='av-share-box-list noLightbox'><li class='av-share-link av-social-link-facebook' ><a target=\"_blank\" aria-label=\"Compartir en Facebook\" href='https:\/\/www.facebook.com\/sharer.php?u=https:\/\/radiorevelacionfm.cl\/?p=9041&#038;t=PDI%20detiene%20a%20adolescente%20por%20receptaci%C3%B3n%20y%20recupera%20prendas%20sustra%C3%ADdas%20desde%20local%20comercial' aria-hidden='false' data-av_icon='\ue8f3' data-av_iconfont='entypo-fontello' title='' data-avia-related-tooltip='Compartir en Facebook' rel=\"noopener\"><span class='avia_hidden_link_text'>Compartir en Facebook<\/span><\/a><\/li><li class='av-share-link av-social-link-twitter' ><a target=\"_blank\" aria-label=\"Compartir en Twitter\" href='https:\/\/twitter.com\/share?text=PDI%20detiene%20a%20adolescente%20por%20receptaci%C3%B3n%20y%20recupera%20prendas%20sustra%C3%ADdas%20desde%20local%20comercial&#038;url=https:\/\/radiorevelacionfm.cl\/?p=9041' aria-hidden='false' data-av_icon='\ue8f1' data-av_iconfont='entypo-fontello' title='' data-avia-related-tooltip='Compartir en Twitter' rel=\"noopener\"><span class='avia_hidden_link_text'>Compartir en Twitter<\/span><\/a><\/li><li class='av-share-link av-social-link-whatsapp' ><a target=\"_blank\" aria-label=\"Compartir en Whatsapp\" href='https:\/\/api.whatsapp.com\/send?text=https:\/\/radiorevelacionfm.cl\/?p=9041' aria-hidden='false' data-av_icon='\uf232' data-av_iconfont='entypo-fontello' title='' data-avia-related-tooltip='Compartir en Whatsapp' rel=\"noopener\"><span class='avia_hidden_link_text'>Compartir en Whatsapp<\/span><\/a><\/li><li class='av-share-link av-social-link-linkedin' ><a target=\"_blank\" aria-label=\"Compartir en LinkedIn\" href='https:\/\/linkedin.com\/shareArticle?mini=true&#038;title=PDI%20detiene%20a%20adolescente%20por%20receptaci%C3%B3n%20y%20recupera%20prendas%20sustra%C3%ADdas%20desde%20local%20comercial&#038;url=https:\/\/radiorevelacionfm.cl\/?p=9041' aria-hidden='false' data-av_icon='\ue8fc' data-av_iconfont='entypo-fontello' title='' data-avia-related-tooltip='Compartir en LinkedIn' rel=\"noopener\"><span class='avia_hidden_link_text'>Compartir en LinkedIn<\/span><\/a><\/li><li class='av-share-link av-social-link-mail' ><a  aria-label=\"Compartir por correo\" href='mailto:?subject=PDI%20detiene%20a%20adolescente%20por%20receptaci%C3%B3n%20y%20recupera%20prendas%20sustra%C3%ADdas%20desde%20local%20comercial&#038;body=https:\/\/radiorevelacionfm.cl\/?p=9041' aria-hidden='false' data-av_icon='\ue805' data-av_iconfont='entypo-fontello' title='' data-avia-related-tooltip='Compartir por correo'><span class='avia_hidden_link_text'>Compartir por correo<\/span><\/a><\/li><\/ul><\/div><\/div>\n<div  style='height:50px' class='hr hr-invisible   avia-builder-el-8  el_after_av_social_share  el_before_av_comments_list '><span class='hr-inner ' ><span class='hr-inner-style'><\/span><\/span><\/div>\n<div  class='av-buildercomment  av-blog-meta-html-info-disabled av-blog-meta-tag-disabled  '><\/div>\n","protected":false},"excerpt":{"rendered":"","protected":false},"author":1,"featured_media":6365,"comment_status":"open","ping_status":"open","sticky":false,"template":"","format":"standard","meta":{"footnotes":""},"categories":[36],"tags":[],"class_list":["post-9041","post","type-post","status-publish","format-standard","has-post-thumbnail","hentry","category-policial"],"jetpack_featured_media_url":"https:\/\/radiorevelacionfm.cl\/wp-content\/uploads\/2021\/07\/PDI-Imagen-referencial-1-1.jpg","_links":{"self":[{"href":"https:\/\/radiorevelacionfm.cl\/index.php?rest_route=\/wp\/v2\/posts\/9041","targetHints":{"allow":["GET"]}}],"collection":[{"href":"https:\/\/radiorevelacionfm.cl\/index.php?rest_route=\/wp\/v2\/posts"}],"about":[{"href":"https:\/\/radiorevelacionfm.cl\/index.php?rest_route=\/wp\/v2\/types\/post"}],"author":[{"embeddable":true,"href":"https:\/\/radiorevelacionfm.cl\/index.php?rest_route=\/wp\/v2\/users\/1"}],"replies":[{"embeddable":true,"href":"https:\/\/radiorevelacionfm.cl\/index.php?rest_route=%2Fwp%2Fv2%2Fcomments&post=9041"}],"version-history":[{"count":1,"href":"https:\/\/radiorevelacionfm.cl\/index.php?rest_route=\/wp\/v2\/posts\/9041\/revisions"}],"predecessor-version":[{"id":9042,"href":"https:\/\/radiorevelacionfm.cl\/index.php?rest_route=\/wp\/v2\/posts\/9041\/revisions\/9042"}],"wp:featuredmedia":[{"embeddable":true,"href":"https:\/\/radiorevelacionfm.cl\/index.php?rest_route=\/wp\/v2\/media\/6365"}],"wp:attachment":[{"href":"https:\/\/radiorevelacionfm.cl\/index.php?rest_route=%2Fwp%2Fv2%2Fmedia&parent=9041"}],"wp:term":[{"taxonomy":"category","embeddable":true,"href":"https:\/\/radiorevelacionfm.cl\/index.php?rest_route=%2Fwp%2Fv2%2Fcategories&post=9041"},{"taxonomy":"post_tag","embeddable":true,"href":"https:\/\/radiorevelacionfm.cl\/index.php?rest_route=%2Fwp%2Fv2%2Ftags&post=9041"}],"curies":[{"name":"wp","href":"https:\/\/api.w.org\/{rel}","templated":true}]}}