{"id":9033,"date":"2021-09-25T11:11:48","date_gmt":"2021-09-25T14:11:48","guid":{"rendered":"https:\/\/radiorevelacionfm.cl\/?p=9033"},"modified":"2021-09-25T11:11:48","modified_gmt":"2021-09-25T14:11:48","slug":"gobierno-da-a-conocer-el-presupuesto-2022-para-un-desarrollo-inclusivo-y-sostenible","status":"publish","type":"post","link":"https:\/\/radiorevelacionfm.cl\/?p=9033","title":{"rendered":"Gobierno da a conocer el Presupuesto 2022 para un desarrollo inclusivo y sostenible"},"content":{"rendered":"<div class=\"flex_column av_one_full  flex_column_div av-zero-column-padding first  avia-builder-el-0  el_before_av_one_full  avia-builder-el-first  \" style='border-radius:0px; '><div  class='avia-image-container  av-styling-    avia-builder-el-1  avia-builder-el-no-sibling  avia-align-center '  itemprop=\"image\" itemscope=\"itemscope\" itemtype=\"https:\/\/schema.org\/ImageObject\"  ><div class='avia-image-container-inner'><div class='avia-image-overlay-wrap'><img decoding=\"async\" class='wp-image-9034 avia-img-lazy-loading-not-9034 avia_image' src=\"https:\/\/radiorevelacionfm.cl\/wp-content\/uploads\/2021\/09\/FOTO-anuncio-presupuesto-2022-1-1.jpg\" alt='' title='FOTO anuncio presupuesto 2022 (1) (1)' height=\"600\" width=\"909\"  itemprop=\"thumbnailUrl\" srcset=\"https:\/\/radiorevelacionfm.cl\/wp-content\/uploads\/2021\/09\/FOTO-anuncio-presupuesto-2022-1-1.jpg 909w, https:\/\/radiorevelacionfm.cl\/wp-content\/uploads\/2021\/09\/FOTO-anuncio-presupuesto-2022-1-1-300x198.jpg 300w, https:\/\/radiorevelacionfm.cl\/wp-content\/uploads\/2021\/09\/FOTO-anuncio-presupuesto-2022-1-1-768x507.jpg 768w, https:\/\/radiorevelacionfm.cl\/wp-content\/uploads\/2021\/09\/FOTO-anuncio-presupuesto-2022-1-1-705x465.jpg 705w, https:\/\/radiorevelacionfm.cl\/wp-content\/uploads\/2021\/09\/FOTO-anuncio-presupuesto-2022-1-1-600x396.jpg 600w\" sizes=\"(max-width: 909px) 100vw, 909px\" \/><\/div><\/div><\/div><\/div><div class=\"flex_column av_one_full  flex_column_div av-zero-column-padding first  avia-builder-el-2  el_after_av_one_full  el_before_av_one_full  column-top-margin\" style='border-radius:0px; '><section class=\"av_textblock_section \"  itemscope=\"itemscope\" itemtype=\"https:\/\/schema.org\/BlogPosting\" itemprop=\"blogPost\" ><div class='avia_textblock  '   itemprop=\"text\" ><p style=\"text-align: center;\"><span style=\"font-size: 18pt;\"><b>Gobierno da a conocer el Presupuesto 2022 para un desarrollo inclusivo y sostenible<\/b><\/span><\/p>\n<div id=\"gtx-trans\" style=\"position: absolute; left: -50px; top: 4.31534px;\">\n<div class=\"gtx-trans-icon\"><\/div>\n<\/div>\n<\/div><\/section><\/div><div class=\"flex_column av_one_full  flex_column_div av-zero-column-padding first  avia-builder-el-4  el_after_av_one_full  el_before_av_hr  column-top-margin\" style='border-radius:0px; '><section class=\"av_textblock_section \"  itemscope=\"itemscope\" itemtype=\"https:\/\/schema.org\/BlogPosting\" itemprop=\"blogPost\" ><div class='avia_textblock  '   itemprop=\"text\" ><p style=\"font-weight: 400; text-align: justify;\">Este jueves el Presidente Sebasti\u00e1n Pi\u00f1era dio a conocer el Presupuesto 2022 el cual alcanza los US$ 82.135 millones, lo que implica un crecimiento de 3,7% respecto a la estimaci\u00f3n aprobada el 2021. Dicha propuesta significa una reducci\u00f3n del d\u00e9ficit fiscal estructural de 11,5 a un 3,9% del Producto Interno Bruto, siendo un avance concreto en la recuperaci\u00f3n de los equilibrios fiscales, la estabilizaci\u00f3n de la deuda p\u00fablica y el fortalecimiento de los pilares del crecimiento del pa\u00eds.<\/p>\n<p style=\"font-weight: 400; text-align: justify;\">\u201cEl nuevo presupuesto busca un desarrollo del pa\u00eds inclusivo y sostenible. Inclusivo, porque prioriza las principales necesidades de la ciudadan\u00eda como salud, empleo y seguridad; y sostenible, porque fortalece la inversi\u00f3n, el crecimiento, la recuperaci\u00f3n de los equilibrios fiscales y macroecon\u00f3micos, junto con la protecci\u00f3n del medio ambiente y la naturaleza\u201d,\u00a0enfatiz\u00f3 la Delegada Presidencial de Ays\u00e9n, Margarita Ossa.<\/p>\n<p style=\"font-weight: 400; text-align: justify;\">En ese contexto, el pr\u00f3ximo a\u00f1o se potenciar\u00e1 la inversi\u00f3n para crecer un 8,1%, frente a un gasto corriente que aumenta un 2,8%, en comparaci\u00f3n con la Ley de Presupuesto aprobada el 2021. Este crecimiento se concentrar\u00e1 principalmente en las \u00e1reas de vivienda, obras p\u00fablicas e infraestructura deportiva \u2013para los Juegos Panamericanos y Paramericanos que se celebrar\u00e1n en Chile el 2023\u2013. Adem\u00e1s, habr\u00e1 recursos de libre disposici\u00f3n para el pr\u00f3ximo gobierno por un monto cercano a los US$700 millones.<\/p>\n<p style=\"font-weight: 400; text-align: justify;\">\u201cLos principales desaf\u00edos de la partida presupuestaria consisten en mantener la Red de Protecci\u00f3n Social, recuperar los equilibrios fiscales y macroecon\u00f3micos, y continuar por la ruta de la creaci\u00f3n de trabajos, emprendimientos, crecimiento econ\u00f3mico y desarrollo humano; algo de lo cual ya hemos realizado estos \u00faltimos meses, recuperando miles de empleos gracias a la inversi\u00f3n p\u00fablica. Recordemos que hoy tenemos un desempleo bajo el 4%, cifra significativamente m\u00e1s baja que los 10,9% de agosto del 2020 y queremos seguir en esa l\u00ednea\u201d,\u00a0asever\u00f3 la Delegada Presidencial de Ays\u00e9n.<\/p>\n<p style=\"font-weight: 400; text-align: justify;\">Los principales ejes del Presupuesto 2022 son: salud y vida, asegurando la provisi\u00f3n de las vacunas contra el Covid-19; reactivaci\u00f3n econ\u00f3mica y creaci\u00f3n de empleos, con un incremento del 8,1% de la inversi\u00f3n p\u00fablica; orden p\u00fablico y seguridad ciudadana, intensificando la lucha contra el narcotr\u00e1fico y el terrorismo, adem\u00e1s de la modernizaci\u00f3n de equipamiento y tecnolog\u00eda para Carabineros y PDI; y mejorar la integraci\u00f3n de los adultos mayores a la sociedad.<\/p>\n<p style=\"font-weight: 400; text-align: justify;\">Asimismo, contempla el fomento al empleo y emprendimiento femenino; mejoramiento de la calidad de la educaci\u00f3n (con \u00e9nfasis en la educaci\u00f3n temprana); incremento de un 5,3% en la inversi\u00f3n de los gobiernos regionales; fortalecer los programas para las comunas con escasez h\u00eddrica y emergencia agr\u00edcola; e inversi\u00f3n de recursos para el plan de carbono de neutralidad por la crisis clim\u00e1tica.<\/p>\n<\/div><\/section><\/div><div  style='height:50px' class='hr hr-invisible   avia-builder-el-6  el_after_av_one_full  el_before_av_social_share '><span class='hr-inner ' ><span class='hr-inner-style'><\/span><\/span><\/div><\/p>\n<div  class='av-social-sharing-box  avia-builder-el-7  el_after_av_hr  el_before_av_hr  '><div class='av-share-box'><h5 class='av-share-link-description av-no-toc '>Compartir esta noticia<\/h5><ul class='av-share-box-list noLightbox'><li class='av-share-link av-social-link-facebook' ><a target=\"_blank\" aria-label=\"Compartir en Facebook\" href='https:\/\/www.facebook.com\/sharer.php?u=https:\/\/radiorevelacionfm.cl\/?p=9033&#038;t=Gobierno%20da%20a%20conocer%20el%20Presupuesto%202022%20para%20un%20desarrollo%20inclusivo%20y%20sostenible' aria-hidden='false' data-av_icon='\ue8f3' data-av_iconfont='entypo-fontello' title='' data-avia-related-tooltip='Compartir en Facebook' rel=\"noopener\"><span class='avia_hidden_link_text'>Compartir en Facebook<\/span><\/a><\/li><li class='av-share-link av-social-link-twitter' ><a target=\"_blank\" aria-label=\"Compartir en Twitter\" href='https:\/\/twitter.com\/share?text=Gobierno%20da%20a%20conocer%20el%20Presupuesto%202022%20para%20un%20desarrollo%20inclusivo%20y%20sostenible&#038;url=https:\/\/radiorevelacionfm.cl\/?p=9033' aria-hidden='false' data-av_icon='\ue8f1' data-av_iconfont='entypo-fontello' title='' data-avia-related-tooltip='Compartir en Twitter' rel=\"noopener\"><span class='avia_hidden_link_text'>Compartir en Twitter<\/span><\/a><\/li><li class='av-share-link av-social-link-whatsapp' ><a target=\"_blank\" aria-label=\"Compartir en Whatsapp\" href='https:\/\/api.whatsapp.com\/send?text=https:\/\/radiorevelacionfm.cl\/?p=9033' aria-hidden='false' data-av_icon='\uf232' data-av_iconfont='entypo-fontello' title='' data-avia-related-tooltip='Compartir en Whatsapp' rel=\"noopener\"><span class='avia_hidden_link_text'>Compartir en Whatsapp<\/span><\/a><\/li><li class='av-share-link av-social-link-linkedin' ><a target=\"_blank\" aria-label=\"Compartir en LinkedIn\" href='https:\/\/linkedin.com\/shareArticle?mini=true&#038;title=Gobierno%20da%20a%20conocer%20el%20Presupuesto%202022%20para%20un%20desarrollo%20inclusivo%20y%20sostenible&#038;url=https:\/\/radiorevelacionfm.cl\/?p=9033' aria-hidden='false' data-av_icon='\ue8fc' data-av_iconfont='entypo-fontello' title='' data-avia-related-tooltip='Compartir en LinkedIn' rel=\"noopener\"><span class='avia_hidden_link_text'>Compartir en LinkedIn<\/span><\/a><\/li><li class='av-share-link av-social-link-mail' ><a  aria-label=\"Compartir por correo\" href='mailto:?subject=Gobierno%20da%20a%20conocer%20el%20Presupuesto%202022%20para%20un%20desarrollo%20inclusivo%20y%20sostenible&#038;body=https:\/\/radiorevelacionfm.cl\/?p=9033' aria-hidden='false' data-av_icon='\ue805' data-av_iconfont='entypo-fontello' title='' data-avia-related-tooltip='Compartir por correo'><span class='avia_hidden_link_text'>Compartir por correo<\/span><\/a><\/li><\/ul><\/div><\/div>\n<div  style='height:50px' class='hr hr-invisible   avia-builder-el-8  el_after_av_social_share  el_before_av_comments_list '><span class='hr-inner ' ><span class='hr-inner-style'><\/span><\/span><\/div>\n<div  class='av-buildercomment  av-blog-meta-html-info-disabled av-blog-meta-tag-disabled  '><\/div>\n","protected":false},"excerpt":{"rendered":"","protected":false},"author":1,"featured_media":9034,"comment_status":"open","ping_status":"open","sticky":false,"template":"","format":"standard","meta":{"footnotes":""},"categories":[61,38],"tags":[],"class_list":["post-9033","post","type-post","status-publish","format-standard","has-post-thumbnail","hentry","category-nacional","category-regional"],"jetpack_featured_media_url":"https:\/\/radiorevelacionfm.cl\/wp-content\/uploads\/2021\/09\/FOTO-anuncio-presupuesto-2022-1-1.jpg","_links":{"self":[{"href":"https:\/\/radiorevelacionfm.cl\/index.php?rest_route=\/wp\/v2\/posts\/9033","targetHints":{"allow":["GET"]}}],"collection":[{"href":"https:\/\/radiorevelacionfm.cl\/index.php?rest_route=\/wp\/v2\/posts"}],"about":[{"href":"https:\/\/radiorevelacionfm.cl\/index.php?rest_route=\/wp\/v2\/types\/post"}],"author":[{"embeddable":true,"href":"https:\/\/radiorevelacionfm.cl\/index.php?rest_route=\/wp\/v2\/users\/1"}],"replies":[{"embeddable":true,"href":"https:\/\/radiorevelacionfm.cl\/index.php?rest_route=%2Fwp%2Fv2%2Fcomments&post=9033"}],"version-history":[{"count":1,"href":"https:\/\/radiorevelacionfm.cl\/index.php?rest_route=\/wp\/v2\/posts\/9033\/revisions"}],"predecessor-version":[{"id":9035,"href":"https:\/\/radiorevelacionfm.cl\/index.php?rest_route=\/wp\/v2\/posts\/9033\/revisions\/9035"}],"wp:featuredmedia":[{"embeddable":true,"href":"https:\/\/radiorevelacionfm.cl\/index.php?rest_route=\/wp\/v2\/media\/9034"}],"wp:attachment":[{"href":"https:\/\/radiorevelacionfm.cl\/index.php?rest_route=%2Fwp%2Fv2%2Fmedia&parent=9033"}],"wp:term":[{"taxonomy":"category","embeddable":true,"href":"https:\/\/radiorevelacionfm.cl\/index.php?rest_route=%2Fwp%2Fv2%2Fcategories&post=9033"},{"taxonomy":"post_tag","embeddable":true,"href":"https:\/\/radiorevelacionfm.cl\/index.php?rest_route=%2Fwp%2Fv2%2Ftags&post=9033"}],"curies":[{"name":"wp","href":"https:\/\/api.w.org\/{rel}","templated":true}]}}