{"id":9030,"date":"2021-09-24T17:54:48","date_gmt":"2021-09-24T20:54:48","guid":{"rendered":"https:\/\/radiorevelacionfm.cl\/?p=9030"},"modified":"2021-09-24T17:54:48","modified_gmt":"2021-09-24T20:54:48","slug":"invitan-a-jovenes-a-formar-parte-del-staff-de-voluntariado-regional-de-injuv","status":"publish","type":"post","link":"https:\/\/radiorevelacionfm.cl\/?p=9030","title":{"rendered":"Invitan a j\u00f3venes a formar parte del staff de voluntariado regional de INJUV"},"content":{"rendered":"<div class=\"flex_column av_one_full  flex_column_div av-zero-column-padding first  avia-builder-el-0  el_before_av_one_full  avia-builder-el-first  \" style='border-radius:0px; '><div  class='avia-image-container  av-styling-    avia-builder-el-1  avia-builder-el-no-sibling  avia-align-center '  itemprop=\"image\" itemscope=\"itemscope\" itemtype=\"https:\/\/schema.org\/ImageObject\"  ><div class='avia-image-container-inner'><div class='avia-image-overlay-wrap'><img decoding=\"async\" class='wp-image-9031 avia-img-lazy-loading-not-9031 avia_image' src=\"https:\/\/radiorevelacionfm.cl\/wp-content\/uploads\/2021\/09\/FOTO-DIRECTORA-S-GENESIS-ARIAS-FUENTES1-1-1.jpg\" alt='' title='FOTO DIRECTORA (S) G\u00c9NESIS ARIAS FUENTES1 (1) (1)' height=\"600\" width=\"914\"  itemprop=\"thumbnailUrl\" srcset=\"https:\/\/radiorevelacionfm.cl\/wp-content\/uploads\/2021\/09\/FOTO-DIRECTORA-S-GENESIS-ARIAS-FUENTES1-1-1.jpg 914w, https:\/\/radiorevelacionfm.cl\/wp-content\/uploads\/2021\/09\/FOTO-DIRECTORA-S-GENESIS-ARIAS-FUENTES1-1-1-300x197.jpg 300w, https:\/\/radiorevelacionfm.cl\/wp-content\/uploads\/2021\/09\/FOTO-DIRECTORA-S-GENESIS-ARIAS-FUENTES1-1-1-768x504.jpg 768w, https:\/\/radiorevelacionfm.cl\/wp-content\/uploads\/2021\/09\/FOTO-DIRECTORA-S-GENESIS-ARIAS-FUENTES1-1-1-705x463.jpg 705w, https:\/\/radiorevelacionfm.cl\/wp-content\/uploads\/2021\/09\/FOTO-DIRECTORA-S-GENESIS-ARIAS-FUENTES1-1-1-600x394.jpg 600w\" sizes=\"(max-width: 914px) 100vw, 914px\" \/><\/div><\/div><\/div><\/div><div class=\"flex_column av_one_full  flex_column_div av-zero-column-padding first  avia-builder-el-2  el_after_av_one_full  el_before_av_one_full  column-top-margin\" style='border-radius:0px; '><section class=\"av_textblock_section \"  itemscope=\"itemscope\" itemtype=\"https:\/\/schema.org\/BlogPosting\" itemprop=\"blogPost\" ><div class='avia_textblock  '   itemprop=\"text\" ><p style=\"text-align: center;\"><strong><span style=\"font-size: 18pt;\">Invitan a j\u00f3venes a formar parte del staff de voluntariado regional de INJUV<\/span><\/strong><\/p>\n<div id=\"gtx-trans\" style=\"position: absolute; left: -50px; top: 4.31534px;\">\n<div class=\"gtx-trans-icon\"><\/div>\n<\/div>\n<\/div><\/section><\/div><div class=\"flex_column av_one_full  flex_column_div av-zero-column-padding first  avia-builder-el-4  el_after_av_one_full  el_before_av_hr  column-top-margin\" style='border-radius:0px; '><section class=\"av_textblock_section \"  itemscope=\"itemscope\" itemtype=\"https:\/\/schema.org\/BlogPosting\" itemprop=\"blogPost\" ><div class='avia_textblock  '   itemprop=\"text\" ><p style=\"text-align: justify;\">Con el objetivo de promover voluntariado y la participaci\u00f3n juvenil, el Instituto Nacional de la Juventud (INJUV) abri\u00f3 su convocatoria para que las y los j\u00f3venes de la regi\u00f3n de Ays\u00e9n se sumen al Staff de voluntariado de la regi\u00f3n.<\/p>\n<p style=\"text-align: justify;\">Este equipo recibir\u00e1 capacitaci\u00f3n, y todas las herramientas que necesiten, para vincularse con su entorno y liderar las convocatorias y procesos de voluntariado que se realicen en sus comunidades.<\/p>\n<p style=\"text-align: justify;\">\u201cEl voluntariado entrega herramientas para generar cambios en los espacios que nos rodean, nos vincula con otras personas que comparten intereses similares y nos ayuda a desarrollar nuestra ruta vocacional. Por eso para nosotros es tan importante contar con un equipo de voluntarios y voluntarias que busquen potenciar las acciones que se realizan en nuestra regi\u00f3n. Invitamos a todos los j\u00f3venes a unirse a esta importante convocatoria y a ser protagonistas\u201d, explica la directora (s) de INJUV Ays\u00e9n, G\u00e9nesis Arias Fuentes.<\/p>\n<p style=\"text-align: justify;\">El Staff estar\u00e1 integrado por j\u00f3venes entre 18 y 29 a\u00f1os, que residan en la regi\u00f3n de Ays\u00e9n y que se inscriban para ser parte de este equipo regional.<\/p>\n<p style=\"text-align: justify;\">Los seleccionados recibir\u00e1n capacitaciones en distintos temas que les permitir\u00e1 ser facilitadores para el apoyo comunitario y participaci\u00f3n ciudadana, adem\u00e1s de otros procesos de formaci\u00f3n virtual. Tambi\u00e9n participar como monitor o monitora en Vive Tus Parques Virtual, instancia que se desarrolla en colaboraci\u00f3n con Conaf.<\/p>\n<p style=\"text-align: left;\">Las postulaciones son hasta el pr\u00f3ximo domingo 26 de septiembre.<\/p>\n<p style=\"text-align: left;\">Todos los interesados pueden inscribirse en: <a href=\"https:\/\/voluntariado.injuv.gob.cl\/oportunidades\/voluntariado\/virtual\/detalle\/2-llamado-para-conformacion-staff-regionales-de-voluntariado-injuv-\/350?pageIndex=1&amp;volver\">https:\/\/voluntariado.injuv.gob.cl\/oportunidades\/voluntariado\/virtual\/detalle\/2-llamado-para-conformacion-staff-regionales-de-voluntariado-injuv-\/350?pageIndex=1&amp;volver<\/a>=<\/p>\n<\/div><\/section><\/div><div  style='height:50px' class='hr hr-invisible   avia-builder-el-6  el_after_av_one_full  el_before_av_social_share '><span class='hr-inner ' ><span class='hr-inner-style'><\/span><\/span><\/div><\/p>\n<div  class='av-social-sharing-box  avia-builder-el-7  el_after_av_hr  el_before_av_hr  '><div class='av-share-box'><h5 class='av-share-link-description av-no-toc '>Compartir esta noticia<\/h5><ul class='av-share-box-list noLightbox'><li class='av-share-link av-social-link-facebook' ><a target=\"_blank\" aria-label=\"Compartir en Facebook\" href='https:\/\/www.facebook.com\/sharer.php?u=https:\/\/radiorevelacionfm.cl\/?p=9030&#038;t=Invitan%20a%20j%C3%B3venes%20a%20formar%20parte%20del%20staff%20de%20voluntariado%20regional%20de%20INJUV' aria-hidden='false' data-av_icon='\ue8f3' data-av_iconfont='entypo-fontello' title='' data-avia-related-tooltip='Compartir en Facebook' rel=\"noopener\"><span class='avia_hidden_link_text'>Compartir en Facebook<\/span><\/a><\/li><li class='av-share-link av-social-link-twitter' ><a target=\"_blank\" aria-label=\"Compartir en Twitter\" href='https:\/\/twitter.com\/share?text=Invitan%20a%20j%C3%B3venes%20a%20formar%20parte%20del%20staff%20de%20voluntariado%20regional%20de%20INJUV&#038;url=https:\/\/radiorevelacionfm.cl\/?p=9030' aria-hidden='false' data-av_icon='\ue8f1' data-av_iconfont='entypo-fontello' title='' data-avia-related-tooltip='Compartir en Twitter' rel=\"noopener\"><span class='avia_hidden_link_text'>Compartir en Twitter<\/span><\/a><\/li><li class='av-share-link av-social-link-whatsapp' ><a target=\"_blank\" aria-label=\"Compartir en Whatsapp\" href='https:\/\/api.whatsapp.com\/send?text=https:\/\/radiorevelacionfm.cl\/?p=9030' aria-hidden='false' data-av_icon='\uf232' data-av_iconfont='entypo-fontello' title='' data-avia-related-tooltip='Compartir en Whatsapp' rel=\"noopener\"><span class='avia_hidden_link_text'>Compartir en Whatsapp<\/span><\/a><\/li><li class='av-share-link av-social-link-linkedin' ><a target=\"_blank\" aria-label=\"Compartir en LinkedIn\" href='https:\/\/linkedin.com\/shareArticle?mini=true&#038;title=Invitan%20a%20j%C3%B3venes%20a%20formar%20parte%20del%20staff%20de%20voluntariado%20regional%20de%20INJUV&#038;url=https:\/\/radiorevelacionfm.cl\/?p=9030' aria-hidden='false' data-av_icon='\ue8fc' data-av_iconfont='entypo-fontello' title='' data-avia-related-tooltip='Compartir en LinkedIn' rel=\"noopener\"><span class='avia_hidden_link_text'>Compartir en LinkedIn<\/span><\/a><\/li><li class='av-share-link av-social-link-mail' ><a  aria-label=\"Compartir por correo\" href='mailto:?subject=Invitan%20a%20j%C3%B3venes%20a%20formar%20parte%20del%20staff%20de%20voluntariado%20regional%20de%20INJUV&#038;body=https:\/\/radiorevelacionfm.cl\/?p=9030' aria-hidden='false' data-av_icon='\ue805' data-av_iconfont='entypo-fontello' title='' data-avia-related-tooltip='Compartir por correo'><span class='avia_hidden_link_text'>Compartir por correo<\/span><\/a><\/li><\/ul><\/div><\/div>\n<div  style='height:50px' class='hr hr-invisible   avia-builder-el-8  el_after_av_social_share  el_before_av_comments_list '><span class='hr-inner ' ><span class='hr-inner-style'><\/span><\/span><\/div>\n<div  class='av-buildercomment  av-blog-meta-html-info-disabled av-blog-meta-tag-disabled  '><\/div>\n","protected":false},"excerpt":{"rendered":"","protected":false},"author":1,"featured_media":9031,"comment_status":"open","ping_status":"open","sticky":false,"template":"","format":"standard","meta":{"footnotes":""},"categories":[38],"tags":[],"class_list":["post-9030","post","type-post","status-publish","format-standard","has-post-thumbnail","hentry","category-regional"],"jetpack_featured_media_url":"https:\/\/radiorevelacionfm.cl\/wp-content\/uploads\/2021\/09\/FOTO-DIRECTORA-S-GENESIS-ARIAS-FUENTES1-1-1.jpg","_links":{"self":[{"href":"https:\/\/radiorevelacionfm.cl\/index.php?rest_route=\/wp\/v2\/posts\/9030","targetHints":{"allow":["GET"]}}],"collection":[{"href":"https:\/\/radiorevelacionfm.cl\/index.php?rest_route=\/wp\/v2\/posts"}],"about":[{"href":"https:\/\/radiorevelacionfm.cl\/index.php?rest_route=\/wp\/v2\/types\/post"}],"author":[{"embeddable":true,"href":"https:\/\/radiorevelacionfm.cl\/index.php?rest_route=\/wp\/v2\/users\/1"}],"replies":[{"embeddable":true,"href":"https:\/\/radiorevelacionfm.cl\/index.php?rest_route=%2Fwp%2Fv2%2Fcomments&post=9030"}],"version-history":[{"count":1,"href":"https:\/\/radiorevelacionfm.cl\/index.php?rest_route=\/wp\/v2\/posts\/9030\/revisions"}],"predecessor-version":[{"id":9032,"href":"https:\/\/radiorevelacionfm.cl\/index.php?rest_route=\/wp\/v2\/posts\/9030\/revisions\/9032"}],"wp:featuredmedia":[{"embeddable":true,"href":"https:\/\/radiorevelacionfm.cl\/index.php?rest_route=\/wp\/v2\/media\/9031"}],"wp:attachment":[{"href":"https:\/\/radiorevelacionfm.cl\/index.php?rest_route=%2Fwp%2Fv2%2Fmedia&parent=9030"}],"wp:term":[{"taxonomy":"category","embeddable":true,"href":"https:\/\/radiorevelacionfm.cl\/index.php?rest_route=%2Fwp%2Fv2%2Fcategories&post=9030"},{"taxonomy":"post_tag","embeddable":true,"href":"https:\/\/radiorevelacionfm.cl\/index.php?rest_route=%2Fwp%2Fv2%2Ftags&post=9030"}],"curies":[{"name":"wp","href":"https:\/\/api.w.org\/{rel}","templated":true}]}}