{"id":9027,"date":"2021-09-24T15:52:59","date_gmt":"2021-09-24T18:52:59","guid":{"rendered":"https:\/\/radiorevelacionfm.cl\/?p=9027"},"modified":"2021-09-24T15:52:59","modified_gmt":"2021-09-24T18:52:59","slug":"isp-confirma-27-nuevos-casos-de-variante-delta-en-la-region-de-aysen","status":"publish","type":"post","link":"https:\/\/radiorevelacionfm.cl\/?p=9027","title":{"rendered":"ISP confirma 27 nuevos casos de variante Delta en la regi\u00f3n de Ays\u00e9n"},"content":{"rendered":"<div class=\"flex_column av_one_full  flex_column_div av-zero-column-padding first  avia-builder-el-0  el_before_av_one_full  avia-builder-el-first  \" style='border-radius:0px; '><div  class='avia-image-container  av-styling-    avia-builder-el-1  avia-builder-el-no-sibling  avia-align-center '  itemprop=\"image\" itemscope=\"itemscope\" itemtype=\"https:\/\/schema.org\/ImageObject\"  ><div class='avia-image-container-inner'><div class='avia-image-overlay-wrap'><img decoding=\"async\" class='wp-image-9028 avia-img-lazy-loading-not-9028 avia_image' src=\"https:\/\/radiorevelacionfm.cl\/wp-content\/uploads\/2021\/09\/PCR-1-1-1.jpg\" alt='' title='PCR-1 (1) (1)' height=\"600\" width=\"750\"  itemprop=\"thumbnailUrl\" srcset=\"https:\/\/radiorevelacionfm.cl\/wp-content\/uploads\/2021\/09\/PCR-1-1-1.jpg 750w, https:\/\/radiorevelacionfm.cl\/wp-content\/uploads\/2021\/09\/PCR-1-1-1-300x240.jpg 300w, https:\/\/radiorevelacionfm.cl\/wp-content\/uploads\/2021\/09\/PCR-1-1-1-705x564.jpg 705w, https:\/\/radiorevelacionfm.cl\/wp-content\/uploads\/2021\/09\/PCR-1-1-1-600x480.jpg 600w\" sizes=\"(max-width: 750px) 100vw, 750px\" \/><\/div><\/div><\/div><\/div><div class=\"flex_column av_one_full  flex_column_div av-zero-column-padding first  avia-builder-el-2  el_after_av_one_full  el_before_av_one_full  column-top-margin\" style='border-radius:0px; '><section class=\"av_textblock_section \"  itemscope=\"itemscope\" itemtype=\"https:\/\/schema.org\/BlogPosting\" itemprop=\"blogPost\" ><div class='avia_textblock  '   itemprop=\"text\" ><p style=\"text-align: center;\"><strong><span style=\"font-size: 18pt;\">ISP confirma 27 nuevos casos de variante Delta en la regi\u00f3n de Ays\u00e9n<\/span><\/strong><\/p>\n<div id=\"gtx-trans\" style=\"position: absolute; left: -50px; top: 4.31534px;\">\n<div class=\"gtx-trans-icon\"><\/div>\n<\/div>\n<\/div><\/section><\/div><div class=\"flex_column av_one_full  flex_column_div av-zero-column-padding first  avia-builder-el-4  el_after_av_one_full  el_before_av_hr  column-top-margin\" style='border-radius:0px; '><section class=\"av_textblock_section \"  itemscope=\"itemscope\" itemtype=\"https:\/\/schema.org\/BlogPosting\" itemprop=\"blogPost\" ><div class='avia_textblock  '   itemprop=\"text\" ><p style=\"text-align: justify;\">Durante la jornada de este viernes 24, el Instituto de Salud P\u00fablica (ISP), confirm\u00f3 27 nuevos casos de COVID-19 asociados a la variante Delta. Sumando un total de 68 casos en la regi\u00f3n de Ays\u00e9n, una situaci\u00f3n que requiere de la colaboraci\u00f3n de la comunidad local para poder contener estos brotes en las cinco comunas donde actualmente se presentan estos casos.<\/p>\n<p style=\"text-align: justify;\">La informaci\u00f3n la dio a conocer la Seremi de Salud (s), Ver\u00f3nica Godoy Molina, quien entreg\u00f3 m\u00e1s antecedentes al respecto. \u201cInformamos a la comunidad que el d\u00eda de hoy el ISP, nos acaba de informa la existencia de 27 casos de COVID-19 de variante Delta, teniendo hoy la regi\u00f3n 68 casos de la variante delta, los cuales se distribuyen en la comuna de Ays\u00e9n (09), Chile Chico (13), Cisnes (15), Coyhaique (28) y Guaitecas (03). Estamos teniendo un aumento de casos asociados a la variante Delta, por lo tanto, el llamado a la comunidad es a reforzar las medidas preventivas, acceder a colocarse la dosis de refuerzo -cuando le corresponda por edad y calendario- acceder a las vacunas de los adolescentes y los peque\u00f1os. Tambi\u00e9n es importante mencionar que una de las personas conectadas a ventilaci\u00f3n mec\u00e1nica corresponde a un caso de variante delta de una persona que no ten\u00eda vacuna; por lo tanto es muy importante acceder a este medida preventiva\u201d.<\/p>\n<p style=\"text-align: justify;\">En este contexto, la autoridad ministerial manifest\u00f3 que la ciudadan\u00eda debe estar alerta a los s\u00edntomas de COVID-19 para poder testearse oportunamente. \u201cLa mayor\u00eda de nuestros casos est\u00e1n tendiendo una sintomatolog\u00eda leve, el 66% de los casos estaba vacunado, por lo tanto los s\u00edntomas que hoy d\u00eda estamos viendo en la variante Delta son: dolor de cabeza, malestar en la garganta, tos, congesti\u00f3n nasal y algo de fiebre, que puede confundirse con una alergia o un estado gripal com\u00fan. Por lo tanto, ante cualquiera de estos s\u00edntomas, solicitamos a la comunidad consultar tempranamente en la red asistencial para poder detectar si estos s\u00edntomas corresponden a una variante de COVID-19, y as\u00ed poder cortar la transmisi\u00f3n en forma oportuna\u201d.<\/p>\n<p style=\"text-align: justify;\">Cabe se\u00f1alar que en el caso de Coyhaique, durante este fin de semana, la b\u00fasqueda activa a trav\u00e9s de la toma de PCR ser\u00e1 el d\u00eda s\u00e1bado en el Colegio M\u00e9dico (10 a 13hrs \/\/ 15 a 17hrs.) y el domingo, en la sede FENATS (10 a 13hrs \/\/ 15 a 17hrs.).<\/p>\n<p style=\"text-align: justify;\">Para el resto de las comunas, las personas que presenten cualquier s\u00edntoma asociado a COVID-19, pueden acudir a establecimientos de la red asistencial.<\/p>\n<\/div><\/section><\/div><div  style='height:50px' class='hr hr-invisible   avia-builder-el-6  el_after_av_one_full  el_before_av_social_share '><span class='hr-inner ' ><span class='hr-inner-style'><\/span><\/span><\/div><\/p>\n<div  class='av-social-sharing-box  avia-builder-el-7  el_after_av_hr  el_before_av_hr  '><div class='av-share-box'><h5 class='av-share-link-description av-no-toc '>Compartir esta noticia<\/h5><ul class='av-share-box-list noLightbox'><li class='av-share-link av-social-link-facebook' ><a target=\"_blank\" aria-label=\"Compartir en Facebook\" href='https:\/\/www.facebook.com\/sharer.php?u=https:\/\/radiorevelacionfm.cl\/?p=9027&#038;t=ISP%20confirma%2027%20nuevos%20casos%20de%20variante%20Delta%20en%20la%20regi%C3%B3n%20de%20Ays%C3%A9n' aria-hidden='false' data-av_icon='\ue8f3' data-av_iconfont='entypo-fontello' title='' data-avia-related-tooltip='Compartir en Facebook' rel=\"noopener\"><span class='avia_hidden_link_text'>Compartir en Facebook<\/span><\/a><\/li><li class='av-share-link av-social-link-twitter' ><a target=\"_blank\" aria-label=\"Compartir en Twitter\" href='https:\/\/twitter.com\/share?text=ISP%20confirma%2027%20nuevos%20casos%20de%20variante%20Delta%20en%20la%20regi%C3%B3n%20de%20Ays%C3%A9n&#038;url=https:\/\/radiorevelacionfm.cl\/?p=9027' aria-hidden='false' data-av_icon='\ue8f1' data-av_iconfont='entypo-fontello' title='' data-avia-related-tooltip='Compartir en Twitter' rel=\"noopener\"><span class='avia_hidden_link_text'>Compartir en Twitter<\/span><\/a><\/li><li class='av-share-link av-social-link-whatsapp' ><a target=\"_blank\" aria-label=\"Compartir en Whatsapp\" href='https:\/\/api.whatsapp.com\/send?text=https:\/\/radiorevelacionfm.cl\/?p=9027' aria-hidden='false' data-av_icon='\uf232' data-av_iconfont='entypo-fontello' title='' data-avia-related-tooltip='Compartir en Whatsapp' rel=\"noopener\"><span class='avia_hidden_link_text'>Compartir en Whatsapp<\/span><\/a><\/li><li class='av-share-link av-social-link-linkedin' ><a target=\"_blank\" aria-label=\"Compartir en LinkedIn\" href='https:\/\/linkedin.com\/shareArticle?mini=true&#038;title=ISP%20confirma%2027%20nuevos%20casos%20de%20variante%20Delta%20en%20la%20regi%C3%B3n%20de%20Ays%C3%A9n&#038;url=https:\/\/radiorevelacionfm.cl\/?p=9027' aria-hidden='false' data-av_icon='\ue8fc' data-av_iconfont='entypo-fontello' title='' data-avia-related-tooltip='Compartir en LinkedIn' rel=\"noopener\"><span class='avia_hidden_link_text'>Compartir en LinkedIn<\/span><\/a><\/li><li class='av-share-link av-social-link-mail' ><a  aria-label=\"Compartir por correo\" href='mailto:?subject=ISP%20confirma%2027%20nuevos%20casos%20de%20variante%20Delta%20en%20la%20regi%C3%B3n%20de%20Ays%C3%A9n&#038;body=https:\/\/radiorevelacionfm.cl\/?p=9027' aria-hidden='false' data-av_icon='\ue805' data-av_iconfont='entypo-fontello' title='' data-avia-related-tooltip='Compartir por correo'><span class='avia_hidden_link_text'>Compartir por correo<\/span><\/a><\/li><\/ul><\/div><\/div>\n<div  style='height:50px' class='hr hr-invisible   avia-builder-el-8  el_after_av_social_share  el_before_av_comments_list '><span class='hr-inner ' ><span class='hr-inner-style'><\/span><\/span><\/div>\n<div  class='av-buildercomment  av-blog-meta-html-info-disabled av-blog-meta-tag-disabled  '><\/div>\n","protected":false},"excerpt":{"rendered":"","protected":false},"author":1,"featured_media":9028,"comment_status":"open","ping_status":"open","sticky":false,"template":"","format":"standard","meta":{"footnotes":""},"categories":[46],"tags":[],"class_list":["post-9027","post","type-post","status-publish","format-standard","has-post-thumbnail","hentry","category-salud"],"jetpack_featured_media_url":"https:\/\/radiorevelacionfm.cl\/wp-content\/uploads\/2021\/09\/PCR-1-1-1.jpg","_links":{"self":[{"href":"https:\/\/radiorevelacionfm.cl\/index.php?rest_route=\/wp\/v2\/posts\/9027","targetHints":{"allow":["GET"]}}],"collection":[{"href":"https:\/\/radiorevelacionfm.cl\/index.php?rest_route=\/wp\/v2\/posts"}],"about":[{"href":"https:\/\/radiorevelacionfm.cl\/index.php?rest_route=\/wp\/v2\/types\/post"}],"author":[{"embeddable":true,"href":"https:\/\/radiorevelacionfm.cl\/index.php?rest_route=\/wp\/v2\/users\/1"}],"replies":[{"embeddable":true,"href":"https:\/\/radiorevelacionfm.cl\/index.php?rest_route=%2Fwp%2Fv2%2Fcomments&post=9027"}],"version-history":[{"count":1,"href":"https:\/\/radiorevelacionfm.cl\/index.php?rest_route=\/wp\/v2\/posts\/9027\/revisions"}],"predecessor-version":[{"id":9029,"href":"https:\/\/radiorevelacionfm.cl\/index.php?rest_route=\/wp\/v2\/posts\/9027\/revisions\/9029"}],"wp:featuredmedia":[{"embeddable":true,"href":"https:\/\/radiorevelacionfm.cl\/index.php?rest_route=\/wp\/v2\/media\/9028"}],"wp:attachment":[{"href":"https:\/\/radiorevelacionfm.cl\/index.php?rest_route=%2Fwp%2Fv2%2Fmedia&parent=9027"}],"wp:term":[{"taxonomy":"category","embeddable":true,"href":"https:\/\/radiorevelacionfm.cl\/index.php?rest_route=%2Fwp%2Fv2%2Fcategories&post=9027"},{"taxonomy":"post_tag","embeddable":true,"href":"https:\/\/radiorevelacionfm.cl\/index.php?rest_route=%2Fwp%2Fv2%2Ftags&post=9027"}],"curies":[{"name":"wp","href":"https:\/\/api.w.org\/{rel}","templated":true}]}}