{"id":9020,"date":"2021-09-24T15:15:42","date_gmt":"2021-09-24T18:15:42","guid":{"rendered":"https:\/\/radiorevelacionfm.cl\/?p=9020"},"modified":"2021-09-24T15:15:42","modified_gmt":"2021-09-24T18:15:42","slug":"alcalde-uribe-vamos-a-hacer-todas-las-gestiones-para-que-la-villa-aysen-solucione-sus-problemas","status":"publish","type":"post","link":"https:\/\/radiorevelacionfm.cl\/?p=9020","title":{"rendered":"Alcalde Uribe: \u201cVamos a hacer todas las gestiones para que la Villa Ays\u00e9n solucione sus problemas\u201d"},"content":{"rendered":"<div class=\"flex_column av_one_full  flex_column_div av-zero-column-padding first  avia-builder-el-0  el_before_av_one_full  avia-builder-el-first  \" style='border-radius:0px; '><div  class='avia-image-container  av-styling-    avia-builder-el-1  avia-builder-el-no-sibling  avia-align-center '  itemprop=\"image\" itemscope=\"itemscope\" itemtype=\"https:\/\/schema.org\/ImageObject\"  ><div class='avia-image-container-inner'><div class='avia-image-overlay-wrap'><img decoding=\"async\" class='wp-image-9021 avia-img-lazy-loading-not-9021 avia_image' src=\"https:\/\/radiorevelacionfm.cl\/wp-content\/uploads\/2021\/09\/Foto-1_Villa-Aysen-1.jpeg\" alt='' title='Foto 1_Villa Ays\u00e9n (1)' height=\"600\" width=\"800\"  itemprop=\"thumbnailUrl\" srcset=\"https:\/\/radiorevelacionfm.cl\/wp-content\/uploads\/2021\/09\/Foto-1_Villa-Aysen-1.jpeg 800w, https:\/\/radiorevelacionfm.cl\/wp-content\/uploads\/2021\/09\/Foto-1_Villa-Aysen-1-300x225.jpeg 300w, https:\/\/radiorevelacionfm.cl\/wp-content\/uploads\/2021\/09\/Foto-1_Villa-Aysen-1-768x576.jpeg 768w, https:\/\/radiorevelacionfm.cl\/wp-content\/uploads\/2021\/09\/Foto-1_Villa-Aysen-1-705x529.jpeg 705w, https:\/\/radiorevelacionfm.cl\/wp-content\/uploads\/2021\/09\/Foto-1_Villa-Aysen-1-600x450.jpeg 600w\" sizes=\"(max-width: 800px) 100vw, 800px\" \/><\/div><\/div><\/div><\/div><div class=\"flex_column av_one_full  flex_column_div av-zero-column-padding first  avia-builder-el-2  el_after_av_one_full  el_before_av_one_full  column-top-margin\" style='border-radius:0px; '><section class=\"av_textblock_section \"  itemscope=\"itemscope\" itemtype=\"https:\/\/schema.org\/BlogPosting\" itemprop=\"blogPost\" ><div class='avia_textblock  '   itemprop=\"text\" ><p style=\"font-weight: 400; text-align: center;\"><span style=\"font-size: 18pt;\"><strong>Alcalde Uribe:<\/strong> <strong>\u201cVamos a hacer todas las gestiones para que la Villa Ays\u00e9n solucione sus problemas\u201d<\/strong><\/span><\/p>\n<div id=\"gtx-trans\" style=\"position: absolute; left: -50px; top: 4.31534px;\">\n<div class=\"gtx-trans-icon\"><\/div>\n<\/div>\n<\/div><\/section><\/div><div class=\"flex_column av_one_full  flex_column_div av-zero-column-padding first  avia-builder-el-4  el_after_av_one_full  el_before_av_hr  column-top-margin\" style='border-radius:0px; '><section class=\"av_textblock_section \"  itemscope=\"itemscope\" itemtype=\"https:\/\/schema.org\/BlogPosting\" itemprop=\"blogPost\" ><div class='avia_textblock  '   itemprop=\"text\" ><p style=\"font-weight: 400; text-align: justify;\">Desde hace 11 a\u00f1os que los problemas en las viviendas de la Villa Ays\u00e9n no cesan. Falta de pavimentos, colectores de aguas lluvia y hundimiento de sus casas son algunas de las dificultades que est\u00e1n enfrentando sus vecinas y vecinos, sin hasta ahora tener una soluci\u00f3n definitiva.<\/p>\n<p style=\"font-weight: 400; text-align: justify;\">Por este motivo, el alcalde Julio Uribe se reuni\u00f3 ayer jueves 23 de septiembre 2021, con la directiva de la Junta de Vecinos de esta poblaci\u00f3n, para conversar sobre lo que est\u00e1 sucediendo y establecer cu\u00e1les son las gestiones necesarias para que esta comunidad mejore su calidad de vida y en forma definitiva.<\/p>\n<p style=\"font-weight: 400; text-align: justify;\">\u201cVamos a gestionar una reuni\u00f3n la pr\u00f3xima semana con el SERVIU y hablaremos con nuestros directores de servicio para que cumplan, porque est\u00e1 atrasado el pavimento, est\u00e1n los escombros que sacaron de las calles, faltan colectores de aguas lluvias es una situaci\u00f3n realmente preocupante y vamos a hacer todas las gestiones para que la villa Ays\u00e9n solucione sus problemas\u201d, declar\u00f3 Julio Uribe.<\/p>\n<p style=\"font-weight: 400; text-align: justify;\">Para Susana Ortiz, presidenta de la JJ.VV. de Villa Ays\u00e9n han tenido demasiada promesas y reuniones, pero a\u00fan siguen esperando que se hagan las reparaciones que se necesitan.<\/p>\n<p style=\"font-weight: 400; text-align: justify;\">\u201cNuestras calles est\u00e1n imposibles, el \u00e1rea verde est\u00e1 totalmente llena de barro y agua, y las calles se inundan cada vez que llueve. Adem\u00e1s, hemos tenido que soportar los ruidos de las m\u00e1quinas compactadoras y el deterioro que han sufrido las casas por estas m\u00e1quinas\u201d, asegur\u00f3.<\/p>\n<p style=\"font-weight: 400; text-align: justify;\">Coment\u00f3 que han tenido varias reuniones con la gente del SERVIU, pero todo sigue detenido. A su vez, Maryorie V\u00e1squez Leiva, primera directora de la poblaci\u00f3n Villa Ays\u00e9n, dice que con la pandemia del Covid-19 pararon las obras.<\/p>\n<p style=\"font-weight: 400; text-align: justify;\">\u201cHablo en voz de todos mis vecinos, todos est\u00e1n cansados han sido muchas las promesas y ahora queremos respuestas, soluciones concretas. Estuvimos tres d\u00edas parados bajo la lluvia con muchas autoridades y se supone que a principio de septiembre comenzaban con la construcci\u00f3n de nuestras casas y vamos a llegar a fin de mes y no han movido ning\u00fan dedo\u201d, recalc\u00f3 la dirigente.<\/p>\n<p style=\"font-weight: 400; text-align: justify;\">Por su parte, la dirigente Blanca Flores, pidi\u00f3 que los que tienen que hacer su pega, la hagan.<\/p>\n<p style=\"font-weight: 400; text-align: justify;\">\u201cQueremos que nos dejen una poblaci\u00f3n linda, llevamos 11 a\u00f1os con estos problemas y no encuentro que sea un buen vivir para ning\u00fan vecino, queremos una vida digna\u201d, pidi\u00f3.<\/p>\n<\/div><\/section><\/div><div  style='height:50px' class='hr hr-invisible   avia-builder-el-6  el_after_av_one_full  el_before_av_social_share '><span class='hr-inner ' ><span class='hr-inner-style'><\/span><\/span><\/div><\/p>\n<div  class='av-social-sharing-box  avia-builder-el-7  el_after_av_hr  el_before_av_hr  '><div class='av-share-box'><h5 class='av-share-link-description av-no-toc '>Compartir esta noticia<\/h5><ul class='av-share-box-list noLightbox'><li class='av-share-link av-social-link-facebook' ><a target=\"_blank\" aria-label=\"Compartir en Facebook\" href='https:\/\/www.facebook.com\/sharer.php?u=https:\/\/radiorevelacionfm.cl\/?p=9020&#038;t=Alcalde%20Uribe%3A%20%E2%80%9CVamos%20a%20hacer%20todas%20las%20gestiones%20para%20que%20la%20Villa%20Ays%C3%A9n%20solucione%20sus%20problemas%E2%80%9D' aria-hidden='false' data-av_icon='\ue8f3' data-av_iconfont='entypo-fontello' title='' data-avia-related-tooltip='Compartir en Facebook' rel=\"noopener\"><span class='avia_hidden_link_text'>Compartir en Facebook<\/span><\/a><\/li><li class='av-share-link av-social-link-twitter' ><a target=\"_blank\" aria-label=\"Compartir en Twitter\" href='https:\/\/twitter.com\/share?text=Alcalde%20Uribe%3A%20%E2%80%9CVamos%20a%20hacer%20todas%20las%20gestiones%20para%20que%20la%20Villa%20Ays%C3%A9n%20solucione%20sus%20problemas%E2%80%9D&#038;url=https:\/\/radiorevelacionfm.cl\/?p=9020' aria-hidden='false' data-av_icon='\ue8f1' data-av_iconfont='entypo-fontello' title='' data-avia-related-tooltip='Compartir en Twitter' rel=\"noopener\"><span class='avia_hidden_link_text'>Compartir en Twitter<\/span><\/a><\/li><li class='av-share-link av-social-link-whatsapp' ><a target=\"_blank\" aria-label=\"Compartir en Whatsapp\" href='https:\/\/api.whatsapp.com\/send?text=https:\/\/radiorevelacionfm.cl\/?p=9020' aria-hidden='false' data-av_icon='\uf232' data-av_iconfont='entypo-fontello' title='' data-avia-related-tooltip='Compartir en Whatsapp' rel=\"noopener\"><span class='avia_hidden_link_text'>Compartir en Whatsapp<\/span><\/a><\/li><li class='av-share-link av-social-link-linkedin' ><a target=\"_blank\" aria-label=\"Compartir en LinkedIn\" href='https:\/\/linkedin.com\/shareArticle?mini=true&#038;title=Alcalde%20Uribe%3A%20%E2%80%9CVamos%20a%20hacer%20todas%20las%20gestiones%20para%20que%20la%20Villa%20Ays%C3%A9n%20solucione%20sus%20problemas%E2%80%9D&#038;url=https:\/\/radiorevelacionfm.cl\/?p=9020' aria-hidden='false' data-av_icon='\ue8fc' data-av_iconfont='entypo-fontello' title='' data-avia-related-tooltip='Compartir en LinkedIn' rel=\"noopener\"><span class='avia_hidden_link_text'>Compartir en LinkedIn<\/span><\/a><\/li><li class='av-share-link av-social-link-mail' ><a  aria-label=\"Compartir por correo\" href='mailto:?subject=Alcalde%20Uribe%3A%20%E2%80%9CVamos%20a%20hacer%20todas%20las%20gestiones%20para%20que%20la%20Villa%20Ays%C3%A9n%20solucione%20sus%20problemas%E2%80%9D&#038;body=https:\/\/radiorevelacionfm.cl\/?p=9020' aria-hidden='false' data-av_icon='\ue805' data-av_iconfont='entypo-fontello' title='' data-avia-related-tooltip='Compartir por correo'><span class='avia_hidden_link_text'>Compartir por correo<\/span><\/a><\/li><\/ul><\/div><\/div>\n<div  style='height:50px' class='hr hr-invisible   avia-builder-el-8  el_after_av_social_share  el_before_av_comments_list '><span class='hr-inner ' ><span class='hr-inner-style'><\/span><\/span><\/div>\n<div  class='av-buildercomment  av-blog-meta-html-info-disabled av-blog-meta-tag-disabled  '><\/div>\n","protected":false},"excerpt":{"rendered":"","protected":false},"author":1,"featured_media":9021,"comment_status":"open","ping_status":"open","sticky":false,"template":"","format":"standard","meta":{"footnotes":""},"categories":[38],"tags":[],"class_list":["post-9020","post","type-post","status-publish","format-standard","has-post-thumbnail","hentry","category-regional"],"jetpack_featured_media_url":"https:\/\/radiorevelacionfm.cl\/wp-content\/uploads\/2021\/09\/Foto-1_Villa-Aysen-1.jpeg","_links":{"self":[{"href":"https:\/\/radiorevelacionfm.cl\/index.php?rest_route=\/wp\/v2\/posts\/9020","targetHints":{"allow":["GET"]}}],"collection":[{"href":"https:\/\/radiorevelacionfm.cl\/index.php?rest_route=\/wp\/v2\/posts"}],"about":[{"href":"https:\/\/radiorevelacionfm.cl\/index.php?rest_route=\/wp\/v2\/types\/post"}],"author":[{"embeddable":true,"href":"https:\/\/radiorevelacionfm.cl\/index.php?rest_route=\/wp\/v2\/users\/1"}],"replies":[{"embeddable":true,"href":"https:\/\/radiorevelacionfm.cl\/index.php?rest_route=%2Fwp%2Fv2%2Fcomments&post=9020"}],"version-history":[{"count":1,"href":"https:\/\/radiorevelacionfm.cl\/index.php?rest_route=\/wp\/v2\/posts\/9020\/revisions"}],"predecessor-version":[{"id":9022,"href":"https:\/\/radiorevelacionfm.cl\/index.php?rest_route=\/wp\/v2\/posts\/9020\/revisions\/9022"}],"wp:featuredmedia":[{"embeddable":true,"href":"https:\/\/radiorevelacionfm.cl\/index.php?rest_route=\/wp\/v2\/media\/9021"}],"wp:attachment":[{"href":"https:\/\/radiorevelacionfm.cl\/index.php?rest_route=%2Fwp%2Fv2%2Fmedia&parent=9020"}],"wp:term":[{"taxonomy":"category","embeddable":true,"href":"https:\/\/radiorevelacionfm.cl\/index.php?rest_route=%2Fwp%2Fv2%2Fcategories&post=9020"},{"taxonomy":"post_tag","embeddable":true,"href":"https:\/\/radiorevelacionfm.cl\/index.php?rest_route=%2Fwp%2Fv2%2Ftags&post=9020"}],"curies":[{"name":"wp","href":"https:\/\/api.w.org\/{rel}","templated":true}]}}