{"id":9014,"date":"2021-09-24T11:07:25","date_gmt":"2021-09-24T14:07:25","guid":{"rendered":"https:\/\/radiorevelacionfm.cl\/?p=9014"},"modified":"2021-09-24T11:15:08","modified_gmt":"2021-09-24T14:15:08","slug":"finaliza-primera-etapa-en-instalacion-de-sistema-electrico-de-climatizacion-para-50-viviendas-de-cochrane","status":"publish","type":"post","link":"https:\/\/radiorevelacionfm.cl\/?p=9014","title":{"rendered":"Finaliza primera etapa en instalaci\u00f3n de sistema el\u00e9ctrico de climatizaci\u00f3n para 50 viviendas de Cochrane"},"content":{"rendered":"<div class=\"flex_column av_one_full  flex_column_div av-zero-column-padding first  avia-builder-el-0  el_before_av_one_full  avia-builder-el-first  \" style='border-radius:0px; '><div  class='avia-image-container  av-styling-    avia-builder-el-1  avia-builder-el-no-sibling  avia-align-center '  itemprop=\"image\" itemscope=\"itemscope\" itemtype=\"https:\/\/schema.org\/ImageObject\"  ><div class='avia-image-container-inner'><div class='avia-image-overlay-wrap'><img decoding=\"async\" class='wp-image-9018 avia-img-lazy-loading-not-9018 avia_image' src=\"https:\/\/radiorevelacionfm.cl\/wp-content\/uploads\/2021\/09\/seremi-diego-silva-y-consejero-jorge-abello-visitan-50-viviendas-de-cochrane2-1_optimized.jpg\" alt='' title='seremi-diego-silva-y-consejero-jorge-abello-visitan-50-viviendas-de-cochrane2-(1)_optimized' height=\"600\" width=\"1036\"  itemprop=\"thumbnailUrl\" srcset=\"https:\/\/radiorevelacionfm.cl\/wp-content\/uploads\/2021\/09\/seremi-diego-silva-y-consejero-jorge-abello-visitan-50-viviendas-de-cochrane2-1_optimized.jpg 1036w, https:\/\/radiorevelacionfm.cl\/wp-content\/uploads\/2021\/09\/seremi-diego-silva-y-consejero-jorge-abello-visitan-50-viviendas-de-cochrane2-1_optimized-300x174.jpg 300w, https:\/\/radiorevelacionfm.cl\/wp-content\/uploads\/2021\/09\/seremi-diego-silva-y-consejero-jorge-abello-visitan-50-viviendas-de-cochrane2-1_optimized-1030x597.jpg 1030w, https:\/\/radiorevelacionfm.cl\/wp-content\/uploads\/2021\/09\/seremi-diego-silva-y-consejero-jorge-abello-visitan-50-viviendas-de-cochrane2-1_optimized-768x445.jpg 768w, https:\/\/radiorevelacionfm.cl\/wp-content\/uploads\/2021\/09\/seremi-diego-silva-y-consejero-jorge-abello-visitan-50-viviendas-de-cochrane2-1_optimized-705x408.jpg 705w, https:\/\/radiorevelacionfm.cl\/wp-content\/uploads\/2021\/09\/seremi-diego-silva-y-consejero-jorge-abello-visitan-50-viviendas-de-cochrane2-1_optimized-600x347.jpg 600w\" sizes=\"(max-width: 1036px) 100vw, 1036px\" \/><\/div><\/div><\/div><\/div><div class=\"flex_column av_one_full  flex_column_div av-zero-column-padding first  avia-builder-el-2  el_after_av_one_full  el_before_av_one_full  column-top-margin\" style='border-radius:0px; '><section class=\"av_textblock_section \"  itemscope=\"itemscope\" itemtype=\"https:\/\/schema.org\/BlogPosting\" itemprop=\"blogPost\" ><div class='avia_textblock  '   itemprop=\"text\" ><p style=\"text-align: center;\"><strong><span style=\"font-size: 18pt;\">Finaliza primera etapa en instalaci\u00f3n de sistema el\u00e9ctrico de climatizaci\u00f3n para 50 viviendas de Cochrane<\/span><\/strong><\/p>\n<div id=\"gtx-trans\" style=\"position: absolute; left: -50px; top: 4.31534px;\">\n<div class=\"gtx-trans-icon\"><\/div>\n<\/div>\n<\/div><\/section><\/div><\/p>\n<div class=\"flex_column av_one_full  flex_column_div av-zero-column-padding first  avia-builder-el-4  el_after_av_one_full  el_before_av_hr  column-top-margin\" style='border-radius:0px; '><section class=\"av_textblock_section \"  itemscope=\"itemscope\" itemtype=\"https:\/\/schema.org\/BlogPosting\" itemprop=\"blogPost\" ><div class='avia_textblock  '   itemprop=\"text\" ><p style=\"text-align: justify;\">Hasta la localidad de Cochrane lleg\u00f3 esta semana el Seremi de Vivienda y Urbanismo, Diego Silva, para cumplir una variada agenda de actividades, donde se cuentan reuniones de trabajo con las autoridades locales, encuentros con comit\u00e9s de vivienda y visita a obras sectoriales que se est\u00e1n ejecutando en la localidad.<\/p>\n<p style=\"text-align: justify;\">En una de sus principales acciones el Seremi, acompa\u00f1ado por el Consejero Regional Jorge Abello y equipos t\u00e9cnicos de Serviu, pudo constatar en terreno el avance en la ejecuci\u00f3n del proyecto de instalaci\u00f3n de equipos de calefacci\u00f3n sustentable para las 50 viviendas del comit\u00e9 Nuevo Horizonte, proyecto que ejecuta desde fines de agosto la empresa Sociedad de Ingenier\u00eda Servicios T\u00e9cnicos y Transporte Limitada con una inversi\u00f3n que bordea los 110 millones de pesos provenientes del Gobierno Regional de Ays\u00e9n.<\/p>\n<p style=\"text-align: justify;\">Al finalizar el recorrido indic\u00f3 Diego Silva que es muy\u00a0 importante para el Minvu ver avances concretos en la materializaci\u00f3n de este proyecto que est\u00e1 enfocado en concretar nuevos y mejores est\u00e1ndares de habitabilidad para las familias, sobre todo en zonas donde se requiere alternativas a los artefactos a le\u00f1a por el creciente nivel de contaminaci\u00f3n del aire en las ciudades y el consiguiente impacto en la salud y la calidad de vida de sus habitantes. \u201cTal como ha dicho nuestro Ministro Felipe Ward, la idea es fomentar alternativas de calefacci\u00f3n con energ\u00edas limpias, en una localidad que sufre, como muchas otras, de una alta contaminaci\u00f3n atmosf\u00e9rica, principalmente en invierno. Hemos hecho un recorrido\u00a0 para\u00a0 comprobar que el proceso sigue avanzando y que ya finaliz\u00f3 la primera de tres etapas, donde el objetivo final es completar durante los pr\u00f3ximos meses la instalaci\u00f3n de estos modernos equipos que garantizan una calefacci\u00f3n limpia en base a la energ\u00eda el\u00e9ctrica. Estuvimos con el consejero, con algunos vecinos y seguiremos atentamente los avances en la ejecuci\u00f3n de este importante proyecto\u201d, precis\u00f3.<\/p>\n<p style=\"text-align: justify;\">De igual forma el Consejero Regional Jorge Abello valor\u00f3 el avance en la ejecuci\u00f3n del proyecto que era muy esperado por los integrantes del comit\u00e9 Nuevo Horizonte. \u201cFue una grata visita, ten\u00edamos algunas dudas que debo reconocer que fueron despejadas, as\u00ed que quedamos conformes porque hay un buen avance. Es un proyecto que financi\u00f3 el Gobierno Regional, que esper\u00e1bamos con ansias porque es una calefacci\u00f3n distinta, una calefacci\u00f3n el\u00e9ctrica, con una tarifa diferente, en casas que adem\u00e1s fueron construidas con otro est\u00e1ndar y por eso nos parec\u00eda importante acompa\u00f1ar en esta fiscalizaci\u00f3n y esperamos que pronto esto pueda estar listo y que las familias puedan gozar de este adelanto, adem\u00e1s de sus viviendas, en el entendido que estamos apostando a mejorar los est\u00e1ndares de calidad de vida, pero tambi\u00e9n ser un aporte en materia medioambiental evitando que\u00a0 exista contaminaci\u00f3n a trav\u00e9s de combustiones lentas o coconas a le\u00f1a\u201d, precis\u00f3.<\/p>\n<p style=\"text-align: justify;\">Cabe consignar que despu\u00e9s de la primera etapa de construcci\u00f3n de radieres, la empresa continuar\u00e1 ahora con las conexiones el\u00e9ctricas necesarias para finalizar con la instalaci\u00f3n de los equipos en las 50 viviendas, proceso que se sigue desarrollando en forma normal y que se espera ir terminando en forma ordenada durante los pr\u00f3ximos meses.<\/p>\n<\/div><\/section><\/div>\n<div  style='height:50px' class='hr hr-invisible   avia-builder-el-6  el_after_av_one_full  el_before_av_social_share '><span class='hr-inner ' ><span class='hr-inner-style'><\/span><\/span><\/div>\n<div  class='av-social-sharing-box  avia-builder-el-7  el_after_av_hr  el_before_av_hr  '><div class='av-share-box'><h5 class='av-share-link-description av-no-toc '>Compartir esta noticia<\/h5><ul class='av-share-box-list noLightbox'><li class='av-share-link av-social-link-facebook' ><a target=\"_blank\" aria-label=\"Compartir en Facebook\" href='https:\/\/www.facebook.com\/sharer.php?u=https:\/\/radiorevelacionfm.cl\/?p=9014&#038;t=Finaliza%20primera%20etapa%20en%20instalaci%C3%B3n%20de%20sistema%20el%C3%A9ctrico%20de%20climatizaci%C3%B3n%20para%2050%20viviendas%20de%20Cochrane' aria-hidden='false' data-av_icon='\ue8f3' data-av_iconfont='entypo-fontello' title='' data-avia-related-tooltip='Compartir en Facebook' rel=\"noopener\"><span class='avia_hidden_link_text'>Compartir en Facebook<\/span><\/a><\/li><li class='av-share-link av-social-link-twitter' ><a target=\"_blank\" aria-label=\"Compartir en Twitter\" href='https:\/\/twitter.com\/share?text=Finaliza%20primera%20etapa%20en%20instalaci%C3%B3n%20de%20sistema%20el%C3%A9ctrico%20de%20climatizaci%C3%B3n%20para%2050%20viviendas%20de%20Cochrane&#038;url=https:\/\/radiorevelacionfm.cl\/?p=9014' aria-hidden='false' data-av_icon='\ue8f1' data-av_iconfont='entypo-fontello' title='' data-avia-related-tooltip='Compartir en Twitter' rel=\"noopener\"><span class='avia_hidden_link_text'>Compartir en Twitter<\/span><\/a><\/li><li class='av-share-link av-social-link-whatsapp' ><a target=\"_blank\" aria-label=\"Compartir en Whatsapp\" href='https:\/\/api.whatsapp.com\/send?text=https:\/\/radiorevelacionfm.cl\/?p=9014' aria-hidden='false' data-av_icon='\uf232' data-av_iconfont='entypo-fontello' title='' data-avia-related-tooltip='Compartir en Whatsapp' rel=\"noopener\"><span class='avia_hidden_link_text'>Compartir en Whatsapp<\/span><\/a><\/li><li class='av-share-link av-social-link-linkedin' ><a target=\"_blank\" aria-label=\"Compartir en LinkedIn\" href='https:\/\/linkedin.com\/shareArticle?mini=true&#038;title=Finaliza%20primera%20etapa%20en%20instalaci%C3%B3n%20de%20sistema%20el%C3%A9ctrico%20de%20climatizaci%C3%B3n%20para%2050%20viviendas%20de%20Cochrane&#038;url=https:\/\/radiorevelacionfm.cl\/?p=9014' aria-hidden='false' data-av_icon='\ue8fc' data-av_iconfont='entypo-fontello' title='' data-avia-related-tooltip='Compartir en LinkedIn' rel=\"noopener\"><span class='avia_hidden_link_text'>Compartir en LinkedIn<\/span><\/a><\/li><li class='av-share-link av-social-link-mail' ><a  aria-label=\"Compartir por correo\" href='mailto:?subject=Finaliza%20primera%20etapa%20en%20instalaci%C3%B3n%20de%20sistema%20el%C3%A9ctrico%20de%20climatizaci%C3%B3n%20para%2050%20viviendas%20de%20Cochrane&#038;body=https:\/\/radiorevelacionfm.cl\/?p=9014' aria-hidden='false' data-av_icon='\ue805' data-av_iconfont='entypo-fontello' title='' data-avia-related-tooltip='Compartir por correo'><span class='avia_hidden_link_text'>Compartir por correo<\/span><\/a><\/li><\/ul><\/div><\/div>\n<div  style='height:50px' class='hr hr-invisible   avia-builder-el-8  el_after_av_social_share  el_before_av_comments_list '><span class='hr-inner ' ><span class='hr-inner-style'><\/span><\/span><\/div>\n<div  class='av-buildercomment  av-blog-meta-html-info-disabled av-blog-meta-tag-disabled  '><\/div>\n","protected":false},"excerpt":{"rendered":"","protected":false},"author":1,"featured_media":9018,"comment_status":"open","ping_status":"open","sticky":false,"template":"","format":"standard","meta":{"footnotes":""},"categories":[57],"tags":[],"class_list":["post-9014","post","type-post","status-publish","format-standard","has-post-thumbnail","hentry","category-vivienda"],"jetpack_featured_media_url":"https:\/\/radiorevelacionfm.cl\/wp-content\/uploads\/2021\/09\/seremi-diego-silva-y-consejero-jorge-abello-visitan-50-viviendas-de-cochrane2-1_optimized.jpg","_links":{"self":[{"href":"https:\/\/radiorevelacionfm.cl\/index.php?rest_route=\/wp\/v2\/posts\/9014","targetHints":{"allow":["GET"]}}],"collection":[{"href":"https:\/\/radiorevelacionfm.cl\/index.php?rest_route=\/wp\/v2\/posts"}],"about":[{"href":"https:\/\/radiorevelacionfm.cl\/index.php?rest_route=\/wp\/v2\/types\/post"}],"author":[{"embeddable":true,"href":"https:\/\/radiorevelacionfm.cl\/index.php?rest_route=\/wp\/v2\/users\/1"}],"replies":[{"embeddable":true,"href":"https:\/\/radiorevelacionfm.cl\/index.php?rest_route=%2Fwp%2Fv2%2Fcomments&post=9014"}],"version-history":[{"count":2,"href":"https:\/\/radiorevelacionfm.cl\/index.php?rest_route=\/wp\/v2\/posts\/9014\/revisions"}],"predecessor-version":[{"id":9019,"href":"https:\/\/radiorevelacionfm.cl\/index.php?rest_route=\/wp\/v2\/posts\/9014\/revisions\/9019"}],"wp:featuredmedia":[{"embeddable":true,"href":"https:\/\/radiorevelacionfm.cl\/index.php?rest_route=\/wp\/v2\/media\/9018"}],"wp:attachment":[{"href":"https:\/\/radiorevelacionfm.cl\/index.php?rest_route=%2Fwp%2Fv2%2Fmedia&parent=9014"}],"wp:term":[{"taxonomy":"category","embeddable":true,"href":"https:\/\/radiorevelacionfm.cl\/index.php?rest_route=%2Fwp%2Fv2%2Fcategories&post=9014"},{"taxonomy":"post_tag","embeddable":true,"href":"https:\/\/radiorevelacionfm.cl\/index.php?rest_route=%2Fwp%2Fv2%2Ftags&post=9014"}],"curies":[{"name":"wp","href":"https:\/\/api.w.org\/{rel}","templated":true}]}}