{"id":9007,"date":"2021-09-23T22:35:50","date_gmt":"2021-09-24T01:35:50","guid":{"rendered":"https:\/\/radiorevelacionfm.cl\/?p=9007"},"modified":"2021-09-23T22:35:50","modified_gmt":"2021-09-24T01:35:50","slug":"mas-de-6-mil-personas-mayores-de-55-anos-aun-no-acude-a-recibir-dosis-de-refuerzo-contra-el-covid-19","status":"publish","type":"post","link":"https:\/\/radiorevelacionfm.cl\/?p=9007","title":{"rendered":"M\u00e1s de 6 mil personas mayores de 55 a\u00f1os a\u00fan no acude a recibir dosis de refuerzo contra el COVID-19"},"content":{"rendered":"<div class=\"flex_column av_one_full  flex_column_div av-zero-column-padding first  avia-builder-el-0  el_before_av_one_full  avia-builder-el-first  \" style='border-radius:0px; '><div  class='avia-image-container  av-styling-    avia-builder-el-1  avia-builder-el-no-sibling  avia-align-center '  itemprop=\"image\" itemscope=\"itemscope\" itemtype=\"https:\/\/schema.org\/ImageObject\"  ><div class='avia-image-container-inner'><div class='avia-image-overlay-wrap'><img decoding=\"async\" class='wp-image-9008 avia-img-lazy-loading-not-9008 avia_image' src=\"https:\/\/radiorevelacionfm.cl\/wp-content\/uploads\/2021\/09\/vacunacion-adulto-mayor1-1-1.jpg\" alt='' title='vacunaci\u00f3n adulto mayor1 (1) (1)' height=\"600\" width=\"987\"  itemprop=\"thumbnailUrl\" srcset=\"https:\/\/radiorevelacionfm.cl\/wp-content\/uploads\/2021\/09\/vacunacion-adulto-mayor1-1-1.jpg 987w, https:\/\/radiorevelacionfm.cl\/wp-content\/uploads\/2021\/09\/vacunacion-adulto-mayor1-1-1-300x182.jpg 300w, https:\/\/radiorevelacionfm.cl\/wp-content\/uploads\/2021\/09\/vacunacion-adulto-mayor1-1-1-768x467.jpg 768w, https:\/\/radiorevelacionfm.cl\/wp-content\/uploads\/2021\/09\/vacunacion-adulto-mayor1-1-1-705x429.jpg 705w, https:\/\/radiorevelacionfm.cl\/wp-content\/uploads\/2021\/09\/vacunacion-adulto-mayor1-1-1-600x365.jpg 600w\" sizes=\"(max-width: 987px) 100vw, 987px\" \/><\/div><\/div><\/div><\/div><div class=\"flex_column av_one_full  flex_column_div av-zero-column-padding first  avia-builder-el-2  el_after_av_one_full  el_before_av_one_full  column-top-margin\" style='border-radius:0px; '><section class=\"av_textblock_section \"  itemscope=\"itemscope\" itemtype=\"https:\/\/schema.org\/BlogPosting\" itemprop=\"blogPost\" ><div class='avia_textblock  '   itemprop=\"text\" ><p style=\"text-align: center;\"><span style=\"font-size: 18pt;\"><strong>M\u00e1s de 6 mil personas mayores de 55 a\u00f1os a\u00fan no acude a recibir dosis de refuerzo contra el COVID-19<\/strong><\/span><\/p>\n<div id=\"gtx-trans\" style=\"position: absolute; left: -50px; top: 4.31534px;\">\n<div class=\"gtx-trans-icon\"><\/div>\n<\/div>\n<\/div><\/section><\/div><div class=\"flex_column av_one_full  flex_column_div av-zero-column-padding first  avia-builder-el-4  el_after_av_one_full  el_before_av_hr  column-top-margin\" style='border-radius:0px; '><section class=\"av_textblock_section \"  itemscope=\"itemscope\" itemtype=\"https:\/\/schema.org\/BlogPosting\" itemprop=\"blogPost\" ><div class='avia_textblock  '   itemprop=\"text\" ><p style=\"text-align: justify;\">Solo alrededor de un 57% de personas mayores de 55 a\u00f1os son quienes han asistido a los puntos de vacunaci\u00f3n dispuestos por los equipos de salud para recibir su dosis de refuerzo frente al COVID-19; cifra que diariamente es cotejada por el Plan Nacional de Inmunizaciones (PNI) del Ministerio de Salud.<\/p>\n<p style=\"text-align: justify;\">As\u00ed lo manifest\u00f3 la Encargada Regional del Programa de Inmunizaciones, Sany Ojeda \u00c1lvarez, quien entreg\u00f3 mayores detalles frente a esta situaci\u00f3n. \u201cHoy en la regi\u00f3n de Ays\u00e9n, estamos en plena ejecuci\u00f3n de la vacunaci\u00f3n de refuerzo en la poblaci\u00f3n que ya ha recibido el esquema completo de SINOVAC. Sin embargo, estamos un poco preocupados porque las cifras de la gente que ha cumplido con este refuerzo de vacunaci\u00f3n, que significa una tercera dosis, es bastante bajo a la fecha. En las personas mayores de 55 a\u00f1os, tenemos reci\u00e9n un cumplimiento de un 57%, eso significa que nos falta completar o que acudan a vacunarse alrededor de 6 mil 900 personas en nuestra regi\u00f3n\u201d.<\/p>\n<p style=\"text-align: justify;\">Similar situaci\u00f3n es la que existe en las personas menores de 55 a\u00f1os, donde Sany Ojeda aprovech\u00f3 la oportunidad de realizar un extensivo llamado a la poblaci\u00f3n para que asista a los puntos de vacunaci\u00f3n. \u201cEn relaci\u00f3n a los menores de 55 a\u00f1os, el cumplimiento es de un 40%, lo que significa que nos faltan cerca de 6 mil personas que tampoco han acudido a los puntos de vacunaci\u00f3n. Tenemos vacunas disponibles, por lo que hacemos un llamado \u00a0a las personas que acudan a recibir su dosis de refuerzo. La protecci\u00f3n de las vacunas tienen un tiempo limitado, por lo tanto las personas necesitan una dosis de refuerzo para mantener una adecuada protecci\u00f3n de la poblaci\u00f3n y podamos seguir avanzando en el control de esta pandemia en la regi\u00f3n\u201d.<\/p>\n<p style=\"text-align: justify;\">Finalmente, cabe se\u00f1alar que hasta este momento, la vacuna de refuerzo contra el COVID-19 es solo para quienes completaron esquema con vacuna SINOVAC, donde los <strong>puntos de vacunaci\u00f3n en Coyhaique<\/strong> son el Gimnasio Regional de Coyhaique, Avenida Ogana N\u00ba1150 (lunes a s\u00e1bado, de 09:30 a 16hrs.) y Asociaci\u00f3n Chilena de Seguridad, Avenida Ogana 1018 (s\u00e1bado, de 10 a 14hrs.).<\/p>\n<p style=\"text-align: justify;\">Mientras que en<strong> Pto. Ays\u00e9n<\/strong>, el proceso de vacunaci\u00f3n se realiza en el Polideportivo de Rivera Sur (Lunes a jueves: 09:30 a 12:00 horas &#8211; tarde 14:00 a 16:00 horas \/\/Viernes 09:30 hasta las 12:00 horas).<\/p>\n<\/div><\/section><\/div><div  style='height:50px' class='hr hr-invisible   avia-builder-el-6  el_after_av_one_full  el_before_av_social_share '><span class='hr-inner ' ><span class='hr-inner-style'><\/span><\/span><\/div><\/p>\n<div  class='av-social-sharing-box  avia-builder-el-7  el_after_av_hr  el_before_av_hr  '><div class='av-share-box'><h5 class='av-share-link-description av-no-toc '>Compartir esta noticia<\/h5><ul class='av-share-box-list noLightbox'><li class='av-share-link av-social-link-facebook' ><a target=\"_blank\" aria-label=\"Compartir en Facebook\" href='https:\/\/www.facebook.com\/sharer.php?u=https:\/\/radiorevelacionfm.cl\/?p=9007&#038;t=M%C3%A1s%20de%206%20mil%20personas%20mayores%20de%2055%20a%C3%B1os%20a%C3%BAn%20no%20acude%20a%20recibir%20dosis%20de%20refuerzo%20contra%20el%20COVID-19' aria-hidden='false' data-av_icon='\ue8f3' data-av_iconfont='entypo-fontello' title='' data-avia-related-tooltip='Compartir en Facebook' rel=\"noopener\"><span class='avia_hidden_link_text'>Compartir en Facebook<\/span><\/a><\/li><li class='av-share-link av-social-link-twitter' ><a target=\"_blank\" aria-label=\"Compartir en Twitter\" href='https:\/\/twitter.com\/share?text=M%C3%A1s%20de%206%20mil%20personas%20mayores%20de%2055%20a%C3%B1os%20a%C3%BAn%20no%20acude%20a%20recibir%20dosis%20de%20refuerzo%20contra%20el%20COVID-19&#038;url=https:\/\/radiorevelacionfm.cl\/?p=9007' aria-hidden='false' data-av_icon='\ue8f1' data-av_iconfont='entypo-fontello' title='' data-avia-related-tooltip='Compartir en Twitter' rel=\"noopener\"><span class='avia_hidden_link_text'>Compartir en Twitter<\/span><\/a><\/li><li class='av-share-link av-social-link-whatsapp' ><a target=\"_blank\" aria-label=\"Compartir en Whatsapp\" href='https:\/\/api.whatsapp.com\/send?text=https:\/\/radiorevelacionfm.cl\/?p=9007' aria-hidden='false' data-av_icon='\uf232' data-av_iconfont='entypo-fontello' title='' data-avia-related-tooltip='Compartir en Whatsapp' rel=\"noopener\"><span class='avia_hidden_link_text'>Compartir en Whatsapp<\/span><\/a><\/li><li class='av-share-link av-social-link-linkedin' ><a target=\"_blank\" aria-label=\"Compartir en LinkedIn\" href='https:\/\/linkedin.com\/shareArticle?mini=true&#038;title=M%C3%A1s%20de%206%20mil%20personas%20mayores%20de%2055%20a%C3%B1os%20a%C3%BAn%20no%20acude%20a%20recibir%20dosis%20de%20refuerzo%20contra%20el%20COVID-19&#038;url=https:\/\/radiorevelacionfm.cl\/?p=9007' aria-hidden='false' data-av_icon='\ue8fc' data-av_iconfont='entypo-fontello' title='' data-avia-related-tooltip='Compartir en LinkedIn' rel=\"noopener\"><span class='avia_hidden_link_text'>Compartir en LinkedIn<\/span><\/a><\/li><li class='av-share-link av-social-link-mail' ><a  aria-label=\"Compartir por correo\" href='mailto:?subject=M%C3%A1s%20de%206%20mil%20personas%20mayores%20de%2055%20a%C3%B1os%20a%C3%BAn%20no%20acude%20a%20recibir%20dosis%20de%20refuerzo%20contra%20el%20COVID-19&#038;body=https:\/\/radiorevelacionfm.cl\/?p=9007' aria-hidden='false' data-av_icon='\ue805' data-av_iconfont='entypo-fontello' title='' data-avia-related-tooltip='Compartir por correo'><span class='avia_hidden_link_text'>Compartir por correo<\/span><\/a><\/li><\/ul><\/div><\/div>\n<div  style='height:50px' class='hr hr-invisible   avia-builder-el-8  el_after_av_social_share  el_before_av_comments_list '><span class='hr-inner ' ><span class='hr-inner-style'><\/span><\/span><\/div>\n<div  class='av-buildercomment  av-blog-meta-html-info-disabled av-blog-meta-tag-disabled  '><\/div>\n","protected":false},"excerpt":{"rendered":"","protected":false},"author":1,"featured_media":9008,"comment_status":"open","ping_status":"open","sticky":false,"template":"","format":"standard","meta":{"footnotes":""},"categories":[46],"tags":[],"class_list":["post-9007","post","type-post","status-publish","format-standard","has-post-thumbnail","hentry","category-salud"],"jetpack_featured_media_url":"https:\/\/radiorevelacionfm.cl\/wp-content\/uploads\/2021\/09\/vacunacion-adulto-mayor1-1-1.jpg","_links":{"self":[{"href":"https:\/\/radiorevelacionfm.cl\/index.php?rest_route=\/wp\/v2\/posts\/9007","targetHints":{"allow":["GET"]}}],"collection":[{"href":"https:\/\/radiorevelacionfm.cl\/index.php?rest_route=\/wp\/v2\/posts"}],"about":[{"href":"https:\/\/radiorevelacionfm.cl\/index.php?rest_route=\/wp\/v2\/types\/post"}],"author":[{"embeddable":true,"href":"https:\/\/radiorevelacionfm.cl\/index.php?rest_route=\/wp\/v2\/users\/1"}],"replies":[{"embeddable":true,"href":"https:\/\/radiorevelacionfm.cl\/index.php?rest_route=%2Fwp%2Fv2%2Fcomments&post=9007"}],"version-history":[{"count":1,"href":"https:\/\/radiorevelacionfm.cl\/index.php?rest_route=\/wp\/v2\/posts\/9007\/revisions"}],"predecessor-version":[{"id":9009,"href":"https:\/\/radiorevelacionfm.cl\/index.php?rest_route=\/wp\/v2\/posts\/9007\/revisions\/9009"}],"wp:featuredmedia":[{"embeddable":true,"href":"https:\/\/radiorevelacionfm.cl\/index.php?rest_route=\/wp\/v2\/media\/9008"}],"wp:attachment":[{"href":"https:\/\/radiorevelacionfm.cl\/index.php?rest_route=%2Fwp%2Fv2%2Fmedia&parent=9007"}],"wp:term":[{"taxonomy":"category","embeddable":true,"href":"https:\/\/radiorevelacionfm.cl\/index.php?rest_route=%2Fwp%2Fv2%2Fcategories&post=9007"},{"taxonomy":"post_tag","embeddable":true,"href":"https:\/\/radiorevelacionfm.cl\/index.php?rest_route=%2Fwp%2Fv2%2Ftags&post=9007"}],"curies":[{"name":"wp","href":"https:\/\/api.w.org\/{rel}","templated":true}]}}