{"id":9004,"date":"2021-09-27T09:39:35","date_gmt":"2021-09-27T12:39:35","guid":{"rendered":"https:\/\/radiorevelacionfm.cl\/?p=9004"},"modified":"2021-09-27T09:39:35","modified_gmt":"2021-09-27T12:39:35","slug":"seremi-de-energia-invita-a-participar-en-la-3-feria-energia-mujer-2021","status":"publish","type":"post","link":"https:\/\/radiorevelacionfm.cl\/?p=9004","title":{"rendered":"Seremi de Energ\u00eda invita a participar en la 3\u00b0 Feria Energ\u00eda + Mujer 2021"},"content":{"rendered":"<div class=\"flex_column av_one_full  flex_column_div av-zero-column-padding first  avia-builder-el-0  el_before_av_one_full  avia-builder-el-first  \" style='border-radius:0px; '><div  class='avia-image-container  av-styling-    avia-builder-el-1  avia-builder-el-no-sibling  avia-align-center '  itemprop=\"image\" itemscope=\"itemscope\" itemtype=\"https:\/\/schema.org\/ImageObject\"  ><div class='avia-image-container-inner'><div class='avia-image-overlay-wrap'><img decoding=\"async\" class='wp-image-9005 avia-img-lazy-loading-not-9005 avia_image' src=\"https:\/\/radiorevelacionfm.cl\/wp-content\/uploads\/2021\/09\/Banner-2-3\u00b0FeriaEnergiaMujer-1-1.jpg\" alt='' title='Banner 2 3\u00b0FeriaEnerg\u00eda+Mujer (1) (1)' height=\"600\" width=\"1165\"  itemprop=\"thumbnailUrl\" srcset=\"https:\/\/radiorevelacionfm.cl\/wp-content\/uploads\/2021\/09\/Banner-2-3\u00b0FeriaEnergiaMujer-1-1.jpg 1165w, https:\/\/radiorevelacionfm.cl\/wp-content\/uploads\/2021\/09\/Banner-2-3\u00b0FeriaEnergiaMujer-1-1-300x155.jpg 300w, https:\/\/radiorevelacionfm.cl\/wp-content\/uploads\/2021\/09\/Banner-2-3\u00b0FeriaEnergiaMujer-1-1-1030x530.jpg 1030w, https:\/\/radiorevelacionfm.cl\/wp-content\/uploads\/2021\/09\/Banner-2-3\u00b0FeriaEnergiaMujer-1-1-768x396.jpg 768w, https:\/\/radiorevelacionfm.cl\/wp-content\/uploads\/2021\/09\/Banner-2-3\u00b0FeriaEnergiaMujer-1-1-705x363.jpg 705w, https:\/\/radiorevelacionfm.cl\/wp-content\/uploads\/2021\/09\/Banner-2-3\u00b0FeriaEnergiaMujer-1-1-600x309.jpg 600w\" sizes=\"(max-width: 1165px) 100vw, 1165px\" \/><\/div><\/div><\/div><\/div><div class=\"flex_column av_one_full  flex_column_div av-zero-column-padding first  avia-builder-el-2  el_after_av_one_full  el_before_av_one_full  column-top-margin\" style='border-radius:0px; '><section class=\"av_textblock_section \"  itemscope=\"itemscope\" itemtype=\"https:\/\/schema.org\/BlogPosting\" itemprop=\"blogPost\" ><div class='avia_textblock  '   itemprop=\"text\" ><p style=\"text-align: center;\"><strong><span style=\"font-size: 18pt;\">Seremi de Energ\u00eda invita a participar en la 3\u00b0 Feria Energ\u00eda + Mujer 2021<\/span><\/strong><\/p>\n<div id=\"gtx-trans\" style=\"position: absolute; left: -50px; top: 4.31534px;\">\n<div class=\"gtx-trans-icon\"><\/div>\n<\/div>\n<\/div><\/section><\/div><div class=\"flex_column av_one_full  flex_column_div av-zero-column-padding first  avia-builder-el-4  el_after_av_one_full  el_before_av_hr  column-top-margin\" style='border-radius:0px; '><section class=\"av_textblock_section \"  itemscope=\"itemscope\" itemtype=\"https:\/\/schema.org\/BlogPosting\" itemprop=\"blogPost\" ><div class='avia_textblock  '   itemprop=\"text\" ><p style=\"text-align: justify;\">El Seremi de Energ\u00eda de la regi\u00f3n Ays\u00e9n, Juan Luis Amen\u00e1bar, realiz\u00f3 un llamado a las mujeres de la industria energ\u00e9tica regional y de los diferentes sectores productivos, tanto p\u00fablico como privado, para que participen en la 3\u00b0 Feria Energ\u00eda + Mujer: Adaptaci\u00f3n y Transformaci\u00f3n con Energ\u00eda de Mujer, que se realizar\u00e1 de manera virtual el pr\u00f3ximo 28 y 29 de septiembre.<\/p>\n<p style=\"text-align: justify;\">Al respecto el Seremi Amen\u00e1bar destac\u00f3 que \u201cla pandemia ha tenido un impacto muy duro en el mercado laboral femenino, donde las mujeres no s\u00f3lo han disminuido sus plazas de trabajo, sino que se han visto enfrentadas a diversos desaf\u00edos de \u00edndole profesional, familiar, personal y emocional. Es por ello que esta iniciativa es una gran oportunidad para que las mujeres de nuestra regi\u00f3n puedan conocer el funcionamiento del sector, capacitarse y explorar las diferentes ofertas que tiene esta industria estrat\u00e9gica para Chile\u201d.<\/p>\n<p style=\"text-align: justify;\">La iniciativa enmarcada en el Plan P\u00fablico-Privado Energ\u00eda + Mujer impulsado por el Ministerio de Energ\u00eda, y liderada por la Agencia de Sostenibilidad Energ\u00e9tica (AgenciaSE), Anesco Chile A.G., y el Magister en Ingenier\u00eda de la Energ\u00eda de la Universidad Cat\u00f3lica (MIE), busca consolidarse como un espacio de discusi\u00f3n y difusi\u00f3n de herramientas y tem\u00e1ticas que impulsen una mayor inserci\u00f3n de la mujer en el sector energ\u00e9tico.<\/p>\n<p style=\"text-align: justify;\">\u201cQueremos que cada d\u00eda m\u00e1s mujeres trabajen en el sector Energ\u00eda en nuestra regi\u00f3n. Necesitamos su empuje, creatividad, su empat\u00eda para lograr que este sector siga avanzando. Estamos en un momento clave para dar un salto significativo en la promoci\u00f3n de la igualdad de g\u00e9nero y el empoderamiento de las mujeres en los sectores m\u00e1s masculinizados\u201d recalc\u00f3 la autoridad regional de Energ\u00eda.<\/p>\n<p style=\"text-align: justify;\">La Feria contar\u00e1 con un programa de charlas en vivo que se transmitir\u00e1n por el canal de YouTube de la AgenciaSE durante las jornadas del 28 y 29 de septiembre, donde se abordar\u00e1n tem\u00e1ticas relacionadas a: Liderazgo Femenino y Carbono Neutralidad, Cambio Clim\u00e1tico y Relaciones Laborales, Desarrollo Laboral, Oportunidades de Formaci\u00f3n para el sector Energ\u00eda, Testimonios de inclusi\u00f3n laboral en el sector, Intermediaci\u00f3n Laboral entre otros.<\/p>\n<p style=\"text-align: justify;\">Adem\u00e1s, se desarrollar\u00e1n una variedad de cursos y talleres, se sortear\u00e1n 10 cupos para el curso \u201cPrensa Anual ACERA\u201d, y se realizar\u00e1 el curso gratuito \u201cIntroducci\u00f3n a la EE y gesti\u00f3n de energ\u00eda\u201d, que considera la entrega de un diploma de participaci\u00f3n por parte de Anesco Chile y la AgenciaSE.<\/p>\n<p style=\"text-align: justify;\">Existir\u00e1 as\u00ed mismo, un espacio para la b\u00fasqueda de trabajo o pr\u00e1cticas durante la feria y todo el a\u00f1o, a trav\u00e9s de las plataformas \u201cProyecto Moms\u201d, iniciativa que conecta a mujeres con empresas, entregando diversas opciones de flexibilidad y proyectos a tiempo completo, y la nueva plataforma de la ONU \u201cMujeres Emplea\u201d, que busca conectar a las mujeres con las ofertas laborales y oportunidades de emprendimiento del sector p\u00fablico y privado, junto con entregarles herramientas gratuitas de capacitaci\u00f3n.<\/p>\n<p style=\"text-align: justify;\">Toda la informaci\u00f3n sobre la \u201c3\u00b0 Feria Energ\u00eda + Mujer: Adaptaci\u00f3n y Transformaci\u00f3n con Energ\u00eda de Mujer\u201d se encuentra disponible en el sitio web <a href=\"http:\/\/www.ferialaboralenergiamujer.cl\">www.ferialaboralenergiamujer.cl<\/a><\/p>\n<\/div><\/section><\/div><div  style='height:50px' class='hr hr-invisible   avia-builder-el-6  el_after_av_one_full  el_before_av_social_share '><span class='hr-inner ' ><span class='hr-inner-style'><\/span><\/span><\/div><\/p>\n<div  class='av-social-sharing-box  avia-builder-el-7  el_after_av_hr  el_before_av_hr  '><div class='av-share-box'><h5 class='av-share-link-description av-no-toc '>Compartir esta noticia<\/h5><ul class='av-share-box-list noLightbox'><li class='av-share-link av-social-link-facebook' ><a target=\"_blank\" aria-label=\"Compartir en Facebook\" href='https:\/\/www.facebook.com\/sharer.php?u=https:\/\/radiorevelacionfm.cl\/?p=9004&#038;t=Seremi%20de%20Energ%C3%ADa%20invita%20a%20participar%20en%20la%203%C2%B0%20Feria%20Energ%C3%ADa%20%2B%20Mujer%202021' aria-hidden='false' data-av_icon='\ue8f3' data-av_iconfont='entypo-fontello' title='' data-avia-related-tooltip='Compartir en Facebook' rel=\"noopener\"><span class='avia_hidden_link_text'>Compartir en Facebook<\/span><\/a><\/li><li class='av-share-link av-social-link-twitter' ><a target=\"_blank\" aria-label=\"Compartir en Twitter\" href='https:\/\/twitter.com\/share?text=Seremi%20de%20Energ%C3%ADa%20invita%20a%20participar%20en%20la%203%C2%B0%20Feria%20Energ%C3%ADa%20%2B%20Mujer%202021&#038;url=https:\/\/radiorevelacionfm.cl\/?p=9004' aria-hidden='false' data-av_icon='\ue8f1' data-av_iconfont='entypo-fontello' title='' data-avia-related-tooltip='Compartir en Twitter' rel=\"noopener\"><span class='avia_hidden_link_text'>Compartir en Twitter<\/span><\/a><\/li><li class='av-share-link av-social-link-whatsapp' ><a target=\"_blank\" aria-label=\"Compartir en Whatsapp\" href='https:\/\/api.whatsapp.com\/send?text=https:\/\/radiorevelacionfm.cl\/?p=9004' aria-hidden='false' data-av_icon='\uf232' data-av_iconfont='entypo-fontello' title='' data-avia-related-tooltip='Compartir en Whatsapp' rel=\"noopener\"><span class='avia_hidden_link_text'>Compartir en Whatsapp<\/span><\/a><\/li><li class='av-share-link av-social-link-linkedin' ><a target=\"_blank\" aria-label=\"Compartir en LinkedIn\" href='https:\/\/linkedin.com\/shareArticle?mini=true&#038;title=Seremi%20de%20Energ%C3%ADa%20invita%20a%20participar%20en%20la%203%C2%B0%20Feria%20Energ%C3%ADa%20%2B%20Mujer%202021&#038;url=https:\/\/radiorevelacionfm.cl\/?p=9004' aria-hidden='false' data-av_icon='\ue8fc' data-av_iconfont='entypo-fontello' title='' data-avia-related-tooltip='Compartir en LinkedIn' rel=\"noopener\"><span class='avia_hidden_link_text'>Compartir en LinkedIn<\/span><\/a><\/li><li class='av-share-link av-social-link-mail' ><a  aria-label=\"Compartir por correo\" href='mailto:?subject=Seremi%20de%20Energ%C3%ADa%20invita%20a%20participar%20en%20la%203%C2%B0%20Feria%20Energ%C3%ADa%20%2B%20Mujer%202021&#038;body=https:\/\/radiorevelacionfm.cl\/?p=9004' aria-hidden='false' data-av_icon='\ue805' data-av_iconfont='entypo-fontello' title='' data-avia-related-tooltip='Compartir por correo'><span class='avia_hidden_link_text'>Compartir por correo<\/span><\/a><\/li><\/ul><\/div><\/div>\n<div  style='height:50px' class='hr hr-invisible   avia-builder-el-8  el_after_av_social_share  el_before_av_comments_list '><span class='hr-inner ' ><span class='hr-inner-style'><\/span><\/span><\/div>\n<div  class='av-buildercomment  av-blog-meta-html-info-disabled av-blog-meta-tag-disabled  '><\/div>\n","protected":false},"excerpt":{"rendered":"","protected":false},"author":1,"featured_media":9005,"comment_status":"open","ping_status":"open","sticky":false,"template":"","format":"standard","meta":{"footnotes":""},"categories":[38],"tags":[],"class_list":["post-9004","post","type-post","status-publish","format-standard","has-post-thumbnail","hentry","category-regional"],"jetpack_featured_media_url":"https:\/\/radiorevelacionfm.cl\/wp-content\/uploads\/2021\/09\/Banner-2-3\u00b0FeriaEnergiaMujer-1-1.jpg","_links":{"self":[{"href":"https:\/\/radiorevelacionfm.cl\/index.php?rest_route=\/wp\/v2\/posts\/9004","targetHints":{"allow":["GET"]}}],"collection":[{"href":"https:\/\/radiorevelacionfm.cl\/index.php?rest_route=\/wp\/v2\/posts"}],"about":[{"href":"https:\/\/radiorevelacionfm.cl\/index.php?rest_route=\/wp\/v2\/types\/post"}],"author":[{"embeddable":true,"href":"https:\/\/radiorevelacionfm.cl\/index.php?rest_route=\/wp\/v2\/users\/1"}],"replies":[{"embeddable":true,"href":"https:\/\/radiorevelacionfm.cl\/index.php?rest_route=%2Fwp%2Fv2%2Fcomments&post=9004"}],"version-history":[{"count":1,"href":"https:\/\/radiorevelacionfm.cl\/index.php?rest_route=\/wp\/v2\/posts\/9004\/revisions"}],"predecessor-version":[{"id":9006,"href":"https:\/\/radiorevelacionfm.cl\/index.php?rest_route=\/wp\/v2\/posts\/9004\/revisions\/9006"}],"wp:featuredmedia":[{"embeddable":true,"href":"https:\/\/radiorevelacionfm.cl\/index.php?rest_route=\/wp\/v2\/media\/9005"}],"wp:attachment":[{"href":"https:\/\/radiorevelacionfm.cl\/index.php?rest_route=%2Fwp%2Fv2%2Fmedia&parent=9004"}],"wp:term":[{"taxonomy":"category","embeddable":true,"href":"https:\/\/radiorevelacionfm.cl\/index.php?rest_route=%2Fwp%2Fv2%2Fcategories&post=9004"},{"taxonomy":"post_tag","embeddable":true,"href":"https:\/\/radiorevelacionfm.cl\/index.php?rest_route=%2Fwp%2Fv2%2Ftags&post=9004"}],"curies":[{"name":"wp","href":"https:\/\/api.w.org\/{rel}","templated":true}]}}