{"id":8990,"date":"2021-09-24T09:42:03","date_gmt":"2021-09-24T12:42:03","guid":{"rendered":"https:\/\/radiorevelacionfm.cl\/?p=8990"},"modified":"2021-09-24T09:42:03","modified_gmt":"2021-09-24T12:42:03","slug":"en-el-dia-nacional-sin-auto-seremitt-llama-a-una-mejor-convivencia-vial","status":"publish","type":"post","link":"https:\/\/radiorevelacionfm.cl\/?p=8990","title":{"rendered":"En el D\u00eda Nacional Sin Auto, seremiTT llama a una mejor convivencia vial"},"content":{"rendered":"<div class=\"flex_column av_one_full  flex_column_div av-zero-column-padding first  avia-builder-el-0  el_before_av_one_full  avia-builder-el-first  \" style='border-radius:0px; '><div  class='avia-image-container  av-styling-    avia-builder-el-1  avia-builder-el-no-sibling  avia-align-center '  itemprop=\"image\" itemscope=\"itemscope\" itemtype=\"https:\/\/schema.org\/ImageObject\"  ><div class='avia-image-container-inner'><div class='avia-image-overlay-wrap'><img decoding=\"async\" class='wp-image-8991 avia-img-lazy-loading-not-8991 avia_image' src=\"https:\/\/radiorevelacionfm.cl\/wp-content\/uploads\/2021\/09\/Calle-Condell-3-1-1.jpg\" alt='' title='Calle Condell (3) (1) (1)' height=\"600\" width=\"800\"  itemprop=\"thumbnailUrl\" srcset=\"https:\/\/radiorevelacionfm.cl\/wp-content\/uploads\/2021\/09\/Calle-Condell-3-1-1.jpg 800w, https:\/\/radiorevelacionfm.cl\/wp-content\/uploads\/2021\/09\/Calle-Condell-3-1-1-300x225.jpg 300w, https:\/\/radiorevelacionfm.cl\/wp-content\/uploads\/2021\/09\/Calle-Condell-3-1-1-768x576.jpg 768w, https:\/\/radiorevelacionfm.cl\/wp-content\/uploads\/2021\/09\/Calle-Condell-3-1-1-705x529.jpg 705w, https:\/\/radiorevelacionfm.cl\/wp-content\/uploads\/2021\/09\/Calle-Condell-3-1-1-600x450.jpg 600w\" sizes=\"(max-width: 800px) 100vw, 800px\" \/><\/div><\/div><\/div><\/div><div class=\"flex_column av_one_full  flex_column_div av-zero-column-padding first  avia-builder-el-2  el_after_av_one_full  el_before_av_one_full  column-top-margin\" style='border-radius:0px; '><section class=\"av_textblock_section \"  itemscope=\"itemscope\" itemtype=\"https:\/\/schema.org\/BlogPosting\" itemprop=\"blogPost\" ><div class='avia_textblock  '   itemprop=\"text\" ><p style=\"text-align: center;\"><span style=\"font-size: 18pt;\"><b>En el D\u00eda Nacional Sin Auto, seremiTT llama a una mejor convivencia vial<\/b><\/span><\/p>\n<div id=\"gtx-trans\" style=\"position: absolute; left: -50px; top: 4.31534px;\">\n<div class=\"gtx-trans-icon\"><\/div>\n<\/div>\n<\/div><\/section><\/div><div class=\"flex_column av_one_full  flex_column_div av-zero-column-padding first  avia-builder-el-4  el_after_av_one_full  el_before_av_hr  column-top-margin\" style='border-radius:0px; '><section class=\"av_textblock_section \"  itemscope=\"itemscope\" itemtype=\"https:\/\/schema.org\/BlogPosting\" itemprop=\"blogPost\" ><div class='avia_textblock  '   itemprop=\"text\" ><p style=\"font-weight: 400; text-align: justify;\">Desde el a\u00f1o 2018 se instaur\u00f3 el D\u00eda Nacional sin Auto, que se celebra desde entonces el \u00faltimo viernes del mes de septiembre. El prop\u00f3sito de esta fecha es llamar la atenci\u00f3n sobre nuestras formas de movilidad, especialmente sobre las externalidades negativas del uso masivo del autom\u00f3vil, tales como congesti\u00f3n en el tr\u00e1nsito, contaminaci\u00f3n o la ocurrencia de siniestros viales.<\/p>\n<p style=\"font-weight: 400; text-align: justify;\">En Ays\u00e9n, se ha experimentado un incremento de cerca del 100% del parque vehicular. Seg\u00fan el reporte del INE, la regi\u00f3n contaba al 2010 con m\u00e1s de 21 mil veh\u00edculos motorizados, y para el 2020 se registraron m\u00e1s de 41 mil.<\/p>\n<p style=\"font-weight: 400; text-align: justify;\">\u201cEn este D\u00eda Nacional Sin Auto se nos plantea un gran desaf\u00edo a nivel regional en donde hemos visto un aumento significativo del parque automotriz en los \u00faltimos a\u00f1os. Es muy importante que nos replanteemos el uso excesivo del autom\u00f3vil, ya que esto tiene consecuencias para nuestra movilidad urbana, para el medioambiente, la seguridad vial y la convivencia con otros modos de transporte, como la bicicleta y los peatones quienes son los m\u00e1s vulnerables en las v\u00edas\u201d, explic\u00f3 Carlos Pacheco, seremiTT (S).<\/p>\n<p style=\"font-weight: 400; text-align: justify;\">A fin de poder proponer alternativas que permitan un mayor uso del transporte p\u00fablico y la promoci\u00f3n de otras modalidades de movilizaci\u00f3n, mediante proyectos de transporte p\u00fablico que entreguen servicios con frecuencias y tarifas definidas para los usuarios. Tambi\u00e9n espacios urbanos que permitan promover otras formas de movilidad.<\/p>\n<p style=\"font-weight: 400; text-align: justify;\">Al respecto la autoridad sectorial detall\u00f3 que \u201chemos estado trabajando con iniciativas para dar un mayor impulso al transporte p\u00fablico en Coyhaique y Puerto Ays\u00e9n, con zonas de servicio. Adem\u00e1s junto al municipio de Coyhaique, queremos repensar el uso de ciertas calles de la ciudad, de forma de generar barrios comerciales que privilegien el paso a peatones y ciclistas.\u00a0Esperamos que estas instancias de trabajo den fruto, para hacer que nuestras calles sean seguras y funcionales para todos\u201d.<\/p>\n<\/div><\/section><\/div><div  style='height:50px' class='hr hr-invisible   avia-builder-el-6  el_after_av_one_full  el_before_av_social_share '><span class='hr-inner ' ><span class='hr-inner-style'><\/span><\/span><\/div><\/p>\n<div  class='av-social-sharing-box  avia-builder-el-7  el_after_av_hr  el_before_av_hr  '><div class='av-share-box'><h5 class='av-share-link-description av-no-toc '>Compartir esta noticia<\/h5><ul class='av-share-box-list noLightbox'><li class='av-share-link av-social-link-facebook' ><a target=\"_blank\" aria-label=\"Compartir en Facebook\" href='https:\/\/www.facebook.com\/sharer.php?u=https:\/\/radiorevelacionfm.cl\/?p=8990&#038;t=En%20el%20D%C3%ADa%20Nacional%20Sin%20Auto%2C%20seremiTT%20llama%20a%20una%20mejor%20convivencia%20vial' aria-hidden='false' data-av_icon='\ue8f3' data-av_iconfont='entypo-fontello' title='' data-avia-related-tooltip='Compartir en Facebook' rel=\"noopener\"><span class='avia_hidden_link_text'>Compartir en Facebook<\/span><\/a><\/li><li class='av-share-link av-social-link-twitter' ><a target=\"_blank\" aria-label=\"Compartir en Twitter\" href='https:\/\/twitter.com\/share?text=En%20el%20D%C3%ADa%20Nacional%20Sin%20Auto%2C%20seremiTT%20llama%20a%20una%20mejor%20convivencia%20vial&#038;url=https:\/\/radiorevelacionfm.cl\/?p=8990' aria-hidden='false' data-av_icon='\ue8f1' data-av_iconfont='entypo-fontello' title='' data-avia-related-tooltip='Compartir en Twitter' rel=\"noopener\"><span class='avia_hidden_link_text'>Compartir en Twitter<\/span><\/a><\/li><li class='av-share-link av-social-link-whatsapp' ><a target=\"_blank\" aria-label=\"Compartir en Whatsapp\" href='https:\/\/api.whatsapp.com\/send?text=https:\/\/radiorevelacionfm.cl\/?p=8990' aria-hidden='false' data-av_icon='\uf232' data-av_iconfont='entypo-fontello' title='' data-avia-related-tooltip='Compartir en Whatsapp' rel=\"noopener\"><span class='avia_hidden_link_text'>Compartir en Whatsapp<\/span><\/a><\/li><li class='av-share-link av-social-link-linkedin' ><a target=\"_blank\" aria-label=\"Compartir en LinkedIn\" href='https:\/\/linkedin.com\/shareArticle?mini=true&#038;title=En%20el%20D%C3%ADa%20Nacional%20Sin%20Auto%2C%20seremiTT%20llama%20a%20una%20mejor%20convivencia%20vial&#038;url=https:\/\/radiorevelacionfm.cl\/?p=8990' aria-hidden='false' data-av_icon='\ue8fc' data-av_iconfont='entypo-fontello' title='' data-avia-related-tooltip='Compartir en LinkedIn' rel=\"noopener\"><span class='avia_hidden_link_text'>Compartir en LinkedIn<\/span><\/a><\/li><li class='av-share-link av-social-link-mail' ><a  aria-label=\"Compartir por correo\" href='mailto:?subject=En%20el%20D%C3%ADa%20Nacional%20Sin%20Auto%2C%20seremiTT%20llama%20a%20una%20mejor%20convivencia%20vial&#038;body=https:\/\/radiorevelacionfm.cl\/?p=8990' aria-hidden='false' data-av_icon='\ue805' data-av_iconfont='entypo-fontello' title='' data-avia-related-tooltip='Compartir por correo'><span class='avia_hidden_link_text'>Compartir por correo<\/span><\/a><\/li><\/ul><\/div><\/div>\n<div  style='height:50px' class='hr hr-invisible   avia-builder-el-8  el_after_av_social_share  el_before_av_comments_list '><span class='hr-inner ' ><span class='hr-inner-style'><\/span><\/span><\/div>\n<div  class='av-buildercomment  av-blog-meta-html-info-disabled av-blog-meta-tag-disabled  '><\/div>\n","protected":false},"excerpt":{"rendered":"","protected":false},"author":1,"featured_media":8991,"comment_status":"open","ping_status":"open","sticky":false,"template":"","format":"standard","meta":{"footnotes":""},"categories":[59],"tags":[],"class_list":["post-8990","post","type-post","status-publish","format-standard","has-post-thumbnail","hentry","category-transporte"],"jetpack_featured_media_url":"https:\/\/radiorevelacionfm.cl\/wp-content\/uploads\/2021\/09\/Calle-Condell-3-1-1.jpg","_links":{"self":[{"href":"https:\/\/radiorevelacionfm.cl\/index.php?rest_route=\/wp\/v2\/posts\/8990","targetHints":{"allow":["GET"]}}],"collection":[{"href":"https:\/\/radiorevelacionfm.cl\/index.php?rest_route=\/wp\/v2\/posts"}],"about":[{"href":"https:\/\/radiorevelacionfm.cl\/index.php?rest_route=\/wp\/v2\/types\/post"}],"author":[{"embeddable":true,"href":"https:\/\/radiorevelacionfm.cl\/index.php?rest_route=\/wp\/v2\/users\/1"}],"replies":[{"embeddable":true,"href":"https:\/\/radiorevelacionfm.cl\/index.php?rest_route=%2Fwp%2Fv2%2Fcomments&post=8990"}],"version-history":[{"count":1,"href":"https:\/\/radiorevelacionfm.cl\/index.php?rest_route=\/wp\/v2\/posts\/8990\/revisions"}],"predecessor-version":[{"id":8992,"href":"https:\/\/radiorevelacionfm.cl\/index.php?rest_route=\/wp\/v2\/posts\/8990\/revisions\/8992"}],"wp:featuredmedia":[{"embeddable":true,"href":"https:\/\/radiorevelacionfm.cl\/index.php?rest_route=\/wp\/v2\/media\/8991"}],"wp:attachment":[{"href":"https:\/\/radiorevelacionfm.cl\/index.php?rest_route=%2Fwp%2Fv2%2Fmedia&parent=8990"}],"wp:term":[{"taxonomy":"category","embeddable":true,"href":"https:\/\/radiorevelacionfm.cl\/index.php?rest_route=%2Fwp%2Fv2%2Fcategories&post=8990"},{"taxonomy":"post_tag","embeddable":true,"href":"https:\/\/radiorevelacionfm.cl\/index.php?rest_route=%2Fwp%2Fv2%2Ftags&post=8990"}],"curies":[{"name":"wp","href":"https:\/\/api.w.org\/{rel}","templated":true}]}}