{"id":8987,"date":"2021-09-24T10:09:36","date_gmt":"2021-09-24T13:09:36","guid":{"rendered":"https:\/\/radiorevelacionfm.cl\/?p=8987"},"modified":"2021-09-24T10:09:36","modified_gmt":"2021-09-24T13:09:36","slug":"carabineros-registra-a-nivel-nacional-224-de-aumento-en-incautacion-de-armas-adaptadas","status":"publish","type":"post","link":"https:\/\/radiorevelacionfm.cl\/?p=8987","title":{"rendered":"Carabineros registra a nivel nacional 224% de aumento en incautaci\u00f3n de armas adaptadas"},"content":{"rendered":"<div class=\"flex_column av_one_full  flex_column_div av-zero-column-padding first  avia-builder-el-0  el_before_av_one_full  avia-builder-el-first  \" style='border-radius:0px; '><div  class='avia-image-container  av-styling-    avia-builder-el-1  avia-builder-el-no-sibling  avia-align-center '  itemprop=\"image\" itemscope=\"itemscope\" itemtype=\"https:\/\/schema.org\/ImageObject\"  ><div class='avia-image-container-inner'><div class='avia-image-overlay-wrap'><img decoding=\"async\" class='wp-image-8988 avia-img-lazy-loading-not-8988 avia_image' src=\"https:\/\/radiorevelacionfm.cl\/wp-content\/uploads\/2021\/09\/foto-archivo-2-1.jpg\" alt='' title='foto archivo (2) (1)' height=\"600\" width=\"1067\"  itemprop=\"thumbnailUrl\" srcset=\"https:\/\/radiorevelacionfm.cl\/wp-content\/uploads\/2021\/09\/foto-archivo-2-1.jpg 1067w, https:\/\/radiorevelacionfm.cl\/wp-content\/uploads\/2021\/09\/foto-archivo-2-1-300x169.jpg 300w, https:\/\/radiorevelacionfm.cl\/wp-content\/uploads\/2021\/09\/foto-archivo-2-1-1030x579.jpg 1030w, https:\/\/radiorevelacionfm.cl\/wp-content\/uploads\/2021\/09\/foto-archivo-2-1-768x432.jpg 768w, https:\/\/radiorevelacionfm.cl\/wp-content\/uploads\/2021\/09\/foto-archivo-2-1-705x396.jpg 705w, https:\/\/radiorevelacionfm.cl\/wp-content\/uploads\/2021\/09\/foto-archivo-2-1-600x337.jpg 600w\" sizes=\"(max-width: 1067px) 100vw, 1067px\" \/><\/div><\/div><\/div><\/div><div class=\"flex_column av_one_full  flex_column_div av-zero-column-padding first  avia-builder-el-2  el_after_av_one_full  el_before_av_one_full  column-top-margin\" style='border-radius:0px; '><section class=\"av_textblock_section \"  itemscope=\"itemscope\" itemtype=\"https:\/\/schema.org\/BlogPosting\" itemprop=\"blogPost\" ><div class='avia_textblock  '   itemprop=\"text\" ><p style=\"text-align: center;\"><span style=\"font-size: 18pt;\"><b>C<\/b><b>arabineros registra\u00a0<\/b><b>a nivel nacional\u00a0<\/b><b>224% de aumento en incautaci\u00f3n de armas adaptadas<\/b><\/span><\/p>\n<div id=\"gtx-trans\" style=\"position: absolute; left: -50px; top: 4.31534px;\">\n<div class=\"gtx-trans-icon\"><\/div>\n<\/div>\n<\/div><\/section><\/div><div class=\"flex_column av_one_full  flex_column_div av-zero-column-padding first  avia-builder-el-4  el_after_av_one_full  el_before_av_hr  column-top-margin\" style='border-radius:0px; '><section class=\"av_textblock_section \"  itemscope=\"itemscope\" itemtype=\"https:\/\/schema.org\/BlogPosting\" itemprop=\"blogPost\" ><div class='avia_textblock  '   itemprop=\"text\" ><p style=\"text-align: justify;\">A partir de un estudio multidisciplinario, Carabineros detect\u00f3 a nivel nacional un aumento de 224% en la incautaci\u00f3n de armadas adaptadas durante el presente a\u00f1o. Al 19 de septiembre, los uniformados han decomisado 227 artefactos que originalmente no eran de fuego, pero que fueron acondicionadas para el disparo. En total, 157 m\u00e1s que las que se registraban en la misma fecha de 2020.<\/p>\n<p style=\"text-align: justify;\">\u00abEste es un fen\u00f3meno que nuestros especialistas han venido estudiando y que, frente a este importante aumento, nos ha llevado a redoblar esfuerzos en la fiscalizaci\u00f3n, persecuci\u00f3n e investigaci\u00f3n de casos en que se han utilizado armas que popularmente se conocen como &#8216;hechizas&#8217; y que, por su condici\u00f3n, no figuran como inscritas\u00bb, se\u00f1al\u00f3 el Director Nacional de Orden y Seguridad, General Inspector Esteban D\u00edaz Urbina.<\/p>\n<p style=\"text-align: justify;\">El alto oficial agreg\u00f3 que, en lo que va de este a\u00f1o, Carabineros ha recuperado 3.782 armas: 1.673 incautadas en procedimientos policiales y 2.109 mediante la entrega voluntaria. Adem\u00e1s, el Departamento de Criminal\u00edstica (LABOCAR) ha periciado 12,3% m\u00e1s de armas que el a\u00f1o anterior.<br \/>\nEntre los modelos que son m\u00e1s frecuentemente adaptados, figuran cuatro que originalmente eran del tipo fogueo: tres de ellos de fabricaci\u00f3n turca y el otro de origen italiano.<\/p>\n<p style=\"text-align: justify;\">Tambi\u00e9n aument\u00f3 (en 71%) la incautaci\u00f3n de armas modificadas (aquellas a las que se les interviene el mecanismo de disparo), pasando de 7 unidades el a\u00f1o pasado a 12 en lo que va de 2021.<\/p>\n<p style=\"text-align: justify;\">Asimismo en la regi\u00f3n de Ays\u00e9n figuran dos armas hechizas y una de fogueo, adaptada para munici\u00f3n real.<\/p>\n<p style=\"text-align: justify;\">\u00abPara sacar m\u00e1s armas de manos de los delincuentes, necesitamos que la ciudadan\u00eda siga denunciando. Pueden aportarnos informaci\u00f3n de manera an\u00f3nima, sin exponerse, para ayudarnos a proteger a sus familias y sus barrios\u00bb, enfatiz\u00f3 el General Inspector D\u00edaz Urbina.<\/p>\n<p style=\"text-align: justify;\">Respecto a la labor de Carabineros contra la delincuencia organizada, agreg\u00f3 que durante este a\u00f1o, los uniformados han incautado m\u00e1s de 19 toneladas de drogas, han desarticulado 660 bandas criminales y recuperado 10.758 veh\u00edculos.<\/p>\n<\/div><\/section><\/div><div  style='height:50px' class='hr hr-invisible   avia-builder-el-6  el_after_av_one_full  el_before_av_social_share '><span class='hr-inner ' ><span class='hr-inner-style'><\/span><\/span><\/div><\/p>\n<div  class='av-social-sharing-box  avia-builder-el-7  el_after_av_hr  el_before_av_hr  '><div class='av-share-box'><h5 class='av-share-link-description av-no-toc '>Compartir esta noticia<\/h5><ul class='av-share-box-list noLightbox'><li class='av-share-link av-social-link-facebook' ><a target=\"_blank\" aria-label=\"Compartir en Facebook\" href='https:\/\/www.facebook.com\/sharer.php?u=https:\/\/radiorevelacionfm.cl\/?p=8987&#038;t=Carabineros%20registra%20a%20nivel%20nacional%20224%25%20de%20aumento%20en%20incautaci%C3%B3n%20de%20armas%20adaptadas' aria-hidden='false' data-av_icon='\ue8f3' data-av_iconfont='entypo-fontello' title='' data-avia-related-tooltip='Compartir en Facebook' rel=\"noopener\"><span class='avia_hidden_link_text'>Compartir en Facebook<\/span><\/a><\/li><li class='av-share-link av-social-link-twitter' ><a target=\"_blank\" aria-label=\"Compartir en Twitter\" href='https:\/\/twitter.com\/share?text=Carabineros%20registra%20a%20nivel%20nacional%20224%25%20de%20aumento%20en%20incautaci%C3%B3n%20de%20armas%20adaptadas&#038;url=https:\/\/radiorevelacionfm.cl\/?p=8987' aria-hidden='false' data-av_icon='\ue8f1' data-av_iconfont='entypo-fontello' title='' data-avia-related-tooltip='Compartir en Twitter' rel=\"noopener\"><span class='avia_hidden_link_text'>Compartir en Twitter<\/span><\/a><\/li><li class='av-share-link av-social-link-whatsapp' ><a target=\"_blank\" aria-label=\"Compartir en Whatsapp\" href='https:\/\/api.whatsapp.com\/send?text=https:\/\/radiorevelacionfm.cl\/?p=8987' aria-hidden='false' data-av_icon='\uf232' data-av_iconfont='entypo-fontello' title='' data-avia-related-tooltip='Compartir en Whatsapp' rel=\"noopener\"><span class='avia_hidden_link_text'>Compartir en Whatsapp<\/span><\/a><\/li><li class='av-share-link av-social-link-linkedin' ><a target=\"_blank\" aria-label=\"Compartir en LinkedIn\" href='https:\/\/linkedin.com\/shareArticle?mini=true&#038;title=Carabineros%20registra%20a%20nivel%20nacional%20224%25%20de%20aumento%20en%20incautaci%C3%B3n%20de%20armas%20adaptadas&#038;url=https:\/\/radiorevelacionfm.cl\/?p=8987' aria-hidden='false' data-av_icon='\ue8fc' data-av_iconfont='entypo-fontello' title='' data-avia-related-tooltip='Compartir en LinkedIn' rel=\"noopener\"><span class='avia_hidden_link_text'>Compartir en LinkedIn<\/span><\/a><\/li><li class='av-share-link av-social-link-mail' ><a  aria-label=\"Compartir por correo\" href='mailto:?subject=Carabineros%20registra%20a%20nivel%20nacional%20224%25%20de%20aumento%20en%20incautaci%C3%B3n%20de%20armas%20adaptadas&#038;body=https:\/\/radiorevelacionfm.cl\/?p=8987' aria-hidden='false' data-av_icon='\ue805' data-av_iconfont='entypo-fontello' title='' data-avia-related-tooltip='Compartir por correo'><span class='avia_hidden_link_text'>Compartir por correo<\/span><\/a><\/li><\/ul><\/div><\/div>\n<div  style='height:50px' class='hr hr-invisible   avia-builder-el-8  el_after_av_social_share  el_before_av_comments_list '><span class='hr-inner ' ><span class='hr-inner-style'><\/span><\/span><\/div>\n<div  class='av-buildercomment  av-blog-meta-html-info-disabled av-blog-meta-tag-disabled  '><\/div>\n","protected":false},"excerpt":{"rendered":"","protected":false},"author":1,"featured_media":8988,"comment_status":"open","ping_status":"open","sticky":false,"template":"","format":"standard","meta":{"footnotes":""},"categories":[36],"tags":[],"class_list":["post-8987","post","type-post","status-publish","format-standard","has-post-thumbnail","hentry","category-policial"],"jetpack_featured_media_url":"https:\/\/radiorevelacionfm.cl\/wp-content\/uploads\/2021\/09\/foto-archivo-2-1.jpg","_links":{"self":[{"href":"https:\/\/radiorevelacionfm.cl\/index.php?rest_route=\/wp\/v2\/posts\/8987","targetHints":{"allow":["GET"]}}],"collection":[{"href":"https:\/\/radiorevelacionfm.cl\/index.php?rest_route=\/wp\/v2\/posts"}],"about":[{"href":"https:\/\/radiorevelacionfm.cl\/index.php?rest_route=\/wp\/v2\/types\/post"}],"author":[{"embeddable":true,"href":"https:\/\/radiorevelacionfm.cl\/index.php?rest_route=\/wp\/v2\/users\/1"}],"replies":[{"embeddable":true,"href":"https:\/\/radiorevelacionfm.cl\/index.php?rest_route=%2Fwp%2Fv2%2Fcomments&post=8987"}],"version-history":[{"count":1,"href":"https:\/\/radiorevelacionfm.cl\/index.php?rest_route=\/wp\/v2\/posts\/8987\/revisions"}],"predecessor-version":[{"id":8989,"href":"https:\/\/radiorevelacionfm.cl\/index.php?rest_route=\/wp\/v2\/posts\/8987\/revisions\/8989"}],"wp:featuredmedia":[{"embeddable":true,"href":"https:\/\/radiorevelacionfm.cl\/index.php?rest_route=\/wp\/v2\/media\/8988"}],"wp:attachment":[{"href":"https:\/\/radiorevelacionfm.cl\/index.php?rest_route=%2Fwp%2Fv2%2Fmedia&parent=8987"}],"wp:term":[{"taxonomy":"category","embeddable":true,"href":"https:\/\/radiorevelacionfm.cl\/index.php?rest_route=%2Fwp%2Fv2%2Fcategories&post=8987"},{"taxonomy":"post_tag","embeddable":true,"href":"https:\/\/radiorevelacionfm.cl\/index.php?rest_route=%2Fwp%2Fv2%2Ftags&post=8987"}],"curies":[{"name":"wp","href":"https:\/\/api.w.org\/{rel}","templated":true}]}}