{"id":8982,"date":"2021-09-23T17:22:38","date_gmt":"2021-09-23T20:22:38","guid":{"rendered":"https:\/\/radiorevelacionfm.cl\/?p=8982"},"modified":"2022-02-25T19:19:48","modified_gmt":"2022-02-25T22:19:48","slug":"con-exito-se-realizo-octava-recoleccion-de-baterias-en-desuso-en-lago-verde","status":"publish","type":"post","link":"https:\/\/radiorevelacionfm.cl\/?p=8982","title":{"rendered":"Con \u00e9xito se realiz\u00f3 octava recolecci\u00f3n de bater\u00edas en desuso en Lago Verde"},"content":{"rendered":"<div class=\"flex_column av_one_full  flex_column_div av-zero-column-padding first  avia-builder-el-0  el_before_av_one_full  avia-builder-el-first  \" style='border-radius:0px; '><div  class='avia-image-container  av-styling-    avia-builder-el-1  avia-builder-el-no-sibling  avia-align-center '  itemprop=\"image\" itemscope=\"itemscope\" itemtype=\"https:\/\/schema.org\/ImageObject\"  ><div class='avia-image-container-inner'><div class='avia-image-overlay-wrap'><img decoding=\"async\" class='wp-image-8983 avia-img-lazy-loading-not-8983 avia_image' src=\"https:\/\/radiorevelacionfm.cl\/wp-content\/uploads\/2021\/09\/BATERIAS-LAGO-VERDE-1-1-1.jpg\" alt='' title='BATERIAS LAGO VERDE 1 (1) (1)' height=\"600\" width=\"949\"  itemprop=\"thumbnailUrl\" srcset=\"https:\/\/radiorevelacionfm.cl\/wp-content\/uploads\/2021\/09\/BATERIAS-LAGO-VERDE-1-1-1.jpg 949w, https:\/\/radiorevelacionfm.cl\/wp-content\/uploads\/2021\/09\/BATERIAS-LAGO-VERDE-1-1-1-300x190.jpg 300w, https:\/\/radiorevelacionfm.cl\/wp-content\/uploads\/2021\/09\/BATERIAS-LAGO-VERDE-1-1-1-768x486.jpg 768w, https:\/\/radiorevelacionfm.cl\/wp-content\/uploads\/2021\/09\/BATERIAS-LAGO-VERDE-1-1-1-705x446.jpg 705w, https:\/\/radiorevelacionfm.cl\/wp-content\/uploads\/2021\/09\/BATERIAS-LAGO-VERDE-1-1-1-600x379.jpg 600w\" sizes=\"(max-width: 949px) 100vw, 949px\" \/><\/div><\/div><\/div><\/div><div class=\"flex_column av_one_full  flex_column_div av-zero-column-padding first  avia-builder-el-2  el_after_av_one_full  el_before_av_one_full  column-top-margin\" style='border-radius:0px; '><section class=\"av_textblock_section \"  itemscope=\"itemscope\" itemtype=\"https:\/\/schema.org\/BlogPosting\" itemprop=\"blogPost\" ><div class='avia_textblock  '   itemprop=\"text\" ><p style=\"text-align: center;\"><strong><span style=\"font-size: 18pt;\">Con \u00e9xito se realiz\u00f3 octava recolecci\u00f3n de bater\u00edas en desuso en Lago Verde<\/span><\/strong><\/p>\n<div id=\"gtx-trans\" style=\"position: absolute; left: -50px; top: 4.31534px;\">\n<div class=\"gtx-trans-icon\"><\/div>\n<\/div>\n<\/div><\/section><\/div><div class=\"flex_column av_one_full  flex_column_div av-zero-column-padding first  avia-builder-el-4  el_after_av_one_full  el_before_av_hr  column-top-margin\" style='border-radius:0px; '><section class=\"av_textblock_section \"  itemscope=\"itemscope\" itemtype=\"https:\/\/schema.org\/BlogPosting\" itemprop=\"blogPost\" ><div class='avia_textblock  '   itemprop=\"text\" ><p style=\"text-align: justify;\">Con positivos resultados se llev\u00f3 a cabo la Octava versi\u00f3n de la Campa\u00f1a de Recolecci\u00f3n de Bater\u00edas en Desuso, iniciativa que desarrolla la Ilustre Municipalidad de Lago Verde en conjunto a Fecunda Patagonia y que en esta oportunidad permiti\u00f3 reunir alrededor de 60 de estos art\u00edculos de alto poder contaminante.<\/p>\n<p style=\"text-align: justify;\">El Alcalde Nelson Opazo, destac\u00f3 el hecho de que el Municipio desarrolle su labor en las distintas \u00e1reas de inter\u00e9s ciudadano y el cuidado al medio ambiente es algo que est\u00e1 en las prioridades.<\/p>\n<p style=\"text-align: justify;\">\u201cEsta campa\u00f1a de reciclaje que dice relaci\u00f3n con un elemento muy contaminante como son las bater\u00edas, este es uno de los operativos que ya hemos realizado con bastante \u00e9xito y con gran preocupaci\u00f3n por parte de nuestros vecinos. As\u00ed es que, obviamente es muy importante el apoyo que recibimos de Fecunda Patagonia y de Feisal Ahuile, que en definitiva es el interlocutor con quien hemos ido generando estas campa\u00f1as. Por lo mismo, realizamos la invitaci\u00f3n a nuestros vecinos para participar en estos procesos y as\u00ed generar tambi\u00e9n conciencia sobre estos temas\u201d.<\/p>\n<p style=\"text-align: justify;\">En tanto, la administradora municipal de Lago Verde, Marcela Mart\u00edn, relev\u00f3 la iniciativa que permiti\u00f3 reunir alrededor de 60 bater\u00edas en desuso.<\/p>\n<p style=\"text-align: justify;\">\u201cEn esta octava campa\u00f1a de reciclaje de bater\u00edas en desuso la Municipalidad ha logrado reunir alrededor de 60 bater\u00edas, que generalmente son abandonadas en calles, en sectores p\u00fablicos, para ser transportadas a La Junta lugar en el que hoy se est\u00e1 llevando adelante el acopio de este material contaminante por parte de la corporaci\u00f3n Patagonia Viva, con la finalidad de que puedan ser procesadas y recicladas en las plantas de Recimat en la ciudad de Calama. Esta campa\u00f1a tiene como meta reunir 25 toneladas de este tipo de material contaminante y de esta manera podemos cooperar para que todos podamos vivir en un medio ambiente libre de contaminaci\u00f3n\u201d.<\/p>\n<p style=\"text-align: justify;\">Como esta campa\u00f1a se est\u00e1n llevando a cabo y se espera seguir trabajando, por ejemplo, en la recolecci\u00f3n de aceite vegetal, todo con la finalidad de reforzar el compromiso de la actual gesti\u00f3n municipal de Lago Verde en el cuidado al medio ambiente.<\/p>\n<\/div><\/section><\/div><div  style='height:50px' class='hr hr-invisible   avia-builder-el-6  el_after_av_one_full  el_before_av_social_share '><span class='hr-inner ' ><span class='hr-inner-style'><\/span><\/span><\/div><\/p>\n<div  class='av-social-sharing-box  avia-builder-el-7  el_after_av_hr  el_before_av_hr  '><div class='av-share-box'><h5 class='av-share-link-description av-no-toc '>Compartir esta noticia<\/h5><ul class='av-share-box-list noLightbox'><li class='av-share-link av-social-link-facebook' ><a target=\"_blank\" aria-label=\"Compartir en Facebook\" href='https:\/\/www.facebook.com\/sharer.php?u=https:\/\/radiorevelacionfm.cl\/?p=8982&#038;t=Con%20%C3%A9xito%20se%20realiz%C3%B3%20octava%20recolecci%C3%B3n%20de%20bater%C3%ADas%20en%20desuso%20en%20Lago%20Verde' aria-hidden='false' data-av_icon='\ue8f3' data-av_iconfont='entypo-fontello' title='' data-avia-related-tooltip='Compartir en Facebook' rel=\"noopener\"><span class='avia_hidden_link_text'>Compartir en Facebook<\/span><\/a><\/li><li class='av-share-link av-social-link-twitter' ><a target=\"_blank\" aria-label=\"Compartir en Twitter\" href='https:\/\/twitter.com\/share?text=Con%20%C3%A9xito%20se%20realiz%C3%B3%20octava%20recolecci%C3%B3n%20de%20bater%C3%ADas%20en%20desuso%20en%20Lago%20Verde&#038;url=https:\/\/radiorevelacionfm.cl\/?p=8982' aria-hidden='false' data-av_icon='\ue8f1' data-av_iconfont='entypo-fontello' title='' data-avia-related-tooltip='Compartir en Twitter' rel=\"noopener\"><span class='avia_hidden_link_text'>Compartir en Twitter<\/span><\/a><\/li><li class='av-share-link av-social-link-whatsapp' ><a target=\"_blank\" aria-label=\"Compartir en Whatsapp\" href='https:\/\/api.whatsapp.com\/send?text=https:\/\/radiorevelacionfm.cl\/?p=8982' aria-hidden='false' data-av_icon='\uf232' data-av_iconfont='entypo-fontello' title='' data-avia-related-tooltip='Compartir en Whatsapp' rel=\"noopener\"><span class='avia_hidden_link_text'>Compartir en Whatsapp<\/span><\/a><\/li><li class='av-share-link av-social-link-linkedin' ><a target=\"_blank\" aria-label=\"Compartir en LinkedIn\" href='https:\/\/linkedin.com\/shareArticle?mini=true&#038;title=Con%20%C3%A9xito%20se%20realiz%C3%B3%20octava%20recolecci%C3%B3n%20de%20bater%C3%ADas%20en%20desuso%20en%20Lago%20Verde&#038;url=https:\/\/radiorevelacionfm.cl\/?p=8982' aria-hidden='false' data-av_icon='\ue8fc' data-av_iconfont='entypo-fontello' title='' data-avia-related-tooltip='Compartir en LinkedIn' rel=\"noopener\"><span class='avia_hidden_link_text'>Compartir en LinkedIn<\/span><\/a><\/li><li class='av-share-link av-social-link-mail' ><a  aria-label=\"Compartir por correo\" href='mailto:?subject=Con%20%C3%A9xito%20se%20realiz%C3%B3%20octava%20recolecci%C3%B3n%20de%20bater%C3%ADas%20en%20desuso%20en%20Lago%20Verde&#038;body=https:\/\/radiorevelacionfm.cl\/?p=8982' aria-hidden='false' data-av_icon='\ue805' data-av_iconfont='entypo-fontello' title='' data-avia-related-tooltip='Compartir por correo'><span class='avia_hidden_link_text'>Compartir por correo<\/span><\/a><\/li><\/ul><\/div><\/div>\n<div  style='height:50px' class='hr hr-invisible   avia-builder-el-8  el_after_av_social_share  el_before_av_comments_list '><span class='hr-inner ' ><span class='hr-inner-style'><\/span><\/span><\/div>\n<div  class='av-buildercomment  av-blog-meta-html-info-disabled av-blog-meta-tag-disabled  '><\/div>\n","protected":false},"excerpt":{"rendered":"","protected":false},"author":1,"featured_media":8983,"comment_status":"open","ping_status":"open","sticky":false,"template":"","format":"standard","meta":{"footnotes":""},"categories":[38],"tags":[],"class_list":["post-8982","post","type-post","status-publish","format-standard","has-post-thumbnail","hentry","category-regional"],"jetpack_featured_media_url":"https:\/\/radiorevelacionfm.cl\/wp-content\/uploads\/2021\/09\/BATERIAS-LAGO-VERDE-1-1-1.jpg","_links":{"self":[{"href":"https:\/\/radiorevelacionfm.cl\/index.php?rest_route=\/wp\/v2\/posts\/8982","targetHints":{"allow":["GET"]}}],"collection":[{"href":"https:\/\/radiorevelacionfm.cl\/index.php?rest_route=\/wp\/v2\/posts"}],"about":[{"href":"https:\/\/radiorevelacionfm.cl\/index.php?rest_route=\/wp\/v2\/types\/post"}],"author":[{"embeddable":true,"href":"https:\/\/radiorevelacionfm.cl\/index.php?rest_route=\/wp\/v2\/users\/1"}],"replies":[{"embeddable":true,"href":"https:\/\/radiorevelacionfm.cl\/index.php?rest_route=%2Fwp%2Fv2%2Fcomments&post=8982"}],"version-history":[{"count":2,"href":"https:\/\/radiorevelacionfm.cl\/index.php?rest_route=\/wp\/v2\/posts\/8982\/revisions"}],"predecessor-version":[{"id":14084,"href":"https:\/\/radiorevelacionfm.cl\/index.php?rest_route=\/wp\/v2\/posts\/8982\/revisions\/14084"}],"wp:featuredmedia":[{"embeddable":true,"href":"https:\/\/radiorevelacionfm.cl\/index.php?rest_route=\/wp\/v2\/media\/8983"}],"wp:attachment":[{"href":"https:\/\/radiorevelacionfm.cl\/index.php?rest_route=%2Fwp%2Fv2%2Fmedia&parent=8982"}],"wp:term":[{"taxonomy":"category","embeddable":true,"href":"https:\/\/radiorevelacionfm.cl\/index.php?rest_route=%2Fwp%2Fv2%2Fcategories&post=8982"},{"taxonomy":"post_tag","embeddable":true,"href":"https:\/\/radiorevelacionfm.cl\/index.php?rest_route=%2Fwp%2Fv2%2Ftags&post=8982"}],"curies":[{"name":"wp","href":"https:\/\/api.w.org\/{rel}","templated":true}]}}