{"id":8979,"date":"2021-09-25T10:48:17","date_gmt":"2021-09-25T13:48:17","guid":{"rendered":"https:\/\/radiorevelacionfm.cl\/?p=8979"},"modified":"2021-09-25T10:48:17","modified_gmt":"2021-09-25T13:48:17","slug":"ley-dominga-un-apoyo-a-familias-que-pierden-un-hijo-o-hija-durante-el-embarazo-o-al-nacer","status":"publish","type":"post","link":"https:\/\/radiorevelacionfm.cl\/?p=8979","title":{"rendered":"\u201cLey Dominga\u201d: un apoyo a familias que pierden un hijo o hija durante el embarazo o al nacer"},"content":{"rendered":"<div class=\"flex_column av_one_full  flex_column_div av-zero-column-padding first  avia-builder-el-0  el_before_av_one_full  avia-builder-el-first  \" style='border-radius:0px; '><div  class='avia-image-container  av-styling-    avia-builder-el-1  avia-builder-el-no-sibling  avia-align-center '  itemprop=\"image\" itemscope=\"itemscope\" itemtype=\"https:\/\/schema.org\/ImageObject\"  ><div class='avia-image-container-inner'><div class='avia-image-overlay-wrap'><img decoding=\"async\" class='wp-image-8980 avia-img-lazy-loading-not-8980 avia_image' src=\"https:\/\/radiorevelacionfm.cl\/wp-content\/uploads\/2021\/09\/ley-dominga-1_optimized.jpg\" alt='' title='ley-dominga-(1)_optimized' height=\"600\" width=\"1071\"  itemprop=\"thumbnailUrl\" srcset=\"https:\/\/radiorevelacionfm.cl\/wp-content\/uploads\/2021\/09\/ley-dominga-1_optimized.jpg 1071w, https:\/\/radiorevelacionfm.cl\/wp-content\/uploads\/2021\/09\/ley-dominga-1_optimized-300x168.jpg 300w, https:\/\/radiorevelacionfm.cl\/wp-content\/uploads\/2021\/09\/ley-dominga-1_optimized-1030x577.jpg 1030w, https:\/\/radiorevelacionfm.cl\/wp-content\/uploads\/2021\/09\/ley-dominga-1_optimized-768x430.jpg 768w, https:\/\/radiorevelacionfm.cl\/wp-content\/uploads\/2021\/09\/ley-dominga-1_optimized-705x395.jpg 705w, https:\/\/radiorevelacionfm.cl\/wp-content\/uploads\/2021\/09\/ley-dominga-1_optimized-600x336.jpg 600w\" sizes=\"(max-width: 1071px) 100vw, 1071px\" \/><\/div><\/div><\/div><\/div><div class=\"flex_column av_one_full  flex_column_div av-zero-column-padding first  avia-builder-el-2  el_after_av_one_full  el_before_av_one_full  column-top-margin\" style='border-radius:0px; '><section class=\"av_textblock_section \"  itemscope=\"itemscope\" itemtype=\"https:\/\/schema.org\/BlogPosting\" itemprop=\"blogPost\" ><div class='avia_textblock  '   itemprop=\"text\" ><p style=\"text-align: center;\"><span style=\"font-size: 18pt;\"><strong>\u201cLey Dominga\u201d: un apoyo a familias que pierden un hijo o hija durante el embarazo o al nacer<\/strong><\/span><\/p>\n<div id=\"gtx-trans\" style=\"position: absolute; left: -50px; top: 4.31534px;\">\n<div class=\"gtx-trans-icon\"><\/div>\n<\/div>\n<\/div><\/section><\/div><div class=\"flex_column av_one_full  flex_column_div av-zero-column-padding first  avia-builder-el-4  el_after_av_one_full  el_before_av_hr  column-top-margin\" style='border-radius:0px; '><section class=\"av_textblock_section \"  itemscope=\"itemscope\" itemtype=\"https:\/\/schema.org\/BlogPosting\" itemprop=\"blogPost\" ><div class='avia_textblock  '   itemprop=\"text\" ><p style=\"text-align: justify;\">El martes fue promulgada por el Presidente de la Rep\u00fablica, Sebasti\u00e1n Pi\u00f1era, la ley que busca darle apoyo y acompa\u00f1amiento a las familias que pierden un hijo durante el embarazo, al nacer o en los primeros d\u00edas de vida. La nueva normativa establece un est\u00e1ndar especial con relaci\u00f3n al manejo cl\u00ednico y acompa\u00f1amiento a madres y padres que hayan sufrido una muerte gestacional o perinatal, es decir, antes del nacimiento, durante el parto o a los pocos d\u00edas. \u201cSon muchas las mujeres que han pasado por el inmenso dolor que significa perder a un hijo o hija en el periodo gestacional o al momento de nacer. Como madre, pero tambi\u00e9n como mujer, amiga y hermana, valoro la promulgaci\u00f3n por parte de nuestro presidente de la \u201cLey Dominga\u201d, la cual viene a dignificar a trav\u00e9s del reconocimiento y apoyo del Estado este inmenso dolor, el cu\u00e1l sin duda nunca es f\u00e1cil, pero que desde hoy no ser\u00e1 un duelo silencioso ni a solas\u201d se\u00f1al\u00f3 la Seremi de la Mujer y la Equidad de G\u00e9nero B\u00e1rbara Ort\u00fazar.<\/p>\n<p style=\"text-align: justify;\">La iniciativa, impulsada por Aracelly Brito, quien en 2020 enfrent\u00f3 la muerte de Dominga, a las 36 semanas de gestaci\u00f3n, permitir\u00e1 que todas las instituciones de salud cuenten con protocolos para casos de muerte gestacional o perinatal, con manejo cl\u00ednico y acompa\u00f1amiento psico-emocional para contener a los padres y al n\u00facleo m\u00e1s cercano. \u201cSabemos que ten\u00edamos, como sociedad una deuda pendiente con miles de familias que han vivido esta perdida, lamentablemente frecuente ya que una de cada cuatro mujeres tiene p\u00e9rdida gestacional, y hasta ahora esta situaci\u00f3n tan cruda la han enfrentado de manera silenciosa muchas madres y padres. Es por esto, que la \u201cLey Dominga\u201d es tan importante, ya que se hace responsable del resguardo de la dignidad, humanidad y derechos de estas familias\u201d, complement\u00f3 la representante de la cartera Mujer y la Equidad de G\u00e9nero en la regi\u00f3n de Ays\u00e9n.<\/p>\n<p style=\"text-align: justify;\">En lo concreto, este cuerpo legal otorga atenci\u00f3n especial, con un est\u00e1ndar donde prime el trato digno y emp\u00e1tico, tanto en el establecimiento de salud como tambi\u00e9n en el lugar de trabajo y para esto el Ministerio de Salud dictar\u00e1 en un plazo de seis meses la norma t\u00e9cnica que establecer\u00e1 los mecanismos o acciones concretas que deber\u00e1n realizar los establecimientos de salud para resguardar este derecho.<\/p>\n<p style=\"text-align: justify;\">Adem\u00e1s, la ley aumenta el plazo en caso de duelo por muerte de un hijo nacido vivo de 7 a 10 d\u00edas y de 3 a 7 d\u00edas para el caso de muerte de un hijo en periodo de gestaci\u00f3n.<\/p>\n<\/div><\/section><\/div><div  style='height:50px' class='hr hr-invisible   avia-builder-el-6  el_after_av_one_full  el_before_av_social_share '><span class='hr-inner ' ><span class='hr-inner-style'><\/span><\/span><\/div><\/p>\n<div  class='av-social-sharing-box  avia-builder-el-7  el_after_av_hr  el_before_av_hr  '><div class='av-share-box'><h5 class='av-share-link-description av-no-toc '>Compartir esta noticia<\/h5><ul class='av-share-box-list noLightbox'><li class='av-share-link av-social-link-facebook' ><a target=\"_blank\" aria-label=\"Compartir en Facebook\" href='https:\/\/www.facebook.com\/sharer.php?u=https:\/\/radiorevelacionfm.cl\/?p=8979&#038;t=%E2%80%9CLey%20Dominga%E2%80%9D%3A%20un%20apoyo%20a%20familias%20que%20pierden%20un%20hijo%20o%20hija%20durante%20el%20embarazo%20o%20al%20nacer' aria-hidden='false' data-av_icon='\ue8f3' data-av_iconfont='entypo-fontello' title='' data-avia-related-tooltip='Compartir en Facebook' rel=\"noopener\"><span class='avia_hidden_link_text'>Compartir en Facebook<\/span><\/a><\/li><li class='av-share-link av-social-link-twitter' ><a target=\"_blank\" aria-label=\"Compartir en Twitter\" href='https:\/\/twitter.com\/share?text=%E2%80%9CLey%20Dominga%E2%80%9D%3A%20un%20apoyo%20a%20familias%20que%20pierden%20un%20hijo%20o%20hija%20durante%20el%20embarazo%20o%20al%20nacer&#038;url=https:\/\/radiorevelacionfm.cl\/?p=8979' aria-hidden='false' data-av_icon='\ue8f1' data-av_iconfont='entypo-fontello' title='' data-avia-related-tooltip='Compartir en Twitter' rel=\"noopener\"><span class='avia_hidden_link_text'>Compartir en Twitter<\/span><\/a><\/li><li class='av-share-link av-social-link-whatsapp' ><a target=\"_blank\" aria-label=\"Compartir en Whatsapp\" href='https:\/\/api.whatsapp.com\/send?text=https:\/\/radiorevelacionfm.cl\/?p=8979' aria-hidden='false' data-av_icon='\uf232' data-av_iconfont='entypo-fontello' title='' data-avia-related-tooltip='Compartir en Whatsapp' rel=\"noopener\"><span class='avia_hidden_link_text'>Compartir en Whatsapp<\/span><\/a><\/li><li class='av-share-link av-social-link-linkedin' ><a target=\"_blank\" aria-label=\"Compartir en LinkedIn\" href='https:\/\/linkedin.com\/shareArticle?mini=true&#038;title=%E2%80%9CLey%20Dominga%E2%80%9D%3A%20un%20apoyo%20a%20familias%20que%20pierden%20un%20hijo%20o%20hija%20durante%20el%20embarazo%20o%20al%20nacer&#038;url=https:\/\/radiorevelacionfm.cl\/?p=8979' aria-hidden='false' data-av_icon='\ue8fc' data-av_iconfont='entypo-fontello' title='' data-avia-related-tooltip='Compartir en LinkedIn' rel=\"noopener\"><span class='avia_hidden_link_text'>Compartir en LinkedIn<\/span><\/a><\/li><li class='av-share-link av-social-link-mail' ><a  aria-label=\"Compartir por correo\" href='mailto:?subject=%E2%80%9CLey%20Dominga%E2%80%9D%3A%20un%20apoyo%20a%20familias%20que%20pierden%20un%20hijo%20o%20hija%20durante%20el%20embarazo%20o%20al%20nacer&#038;body=https:\/\/radiorevelacionfm.cl\/?p=8979' aria-hidden='false' data-av_icon='\ue805' data-av_iconfont='entypo-fontello' title='' data-avia-related-tooltip='Compartir por correo'><span class='avia_hidden_link_text'>Compartir por correo<\/span><\/a><\/li><\/ul><\/div><\/div>\n<div  style='height:50px' class='hr hr-invisible   avia-builder-el-8  el_after_av_social_share  el_before_av_comments_list '><span class='hr-inner ' ><span class='hr-inner-style'><\/span><\/span><\/div>\n<div  class='av-buildercomment  av-blog-meta-html-info-disabled av-blog-meta-tag-disabled  '><\/div>\n","protected":false},"excerpt":{"rendered":"","protected":false},"author":1,"featured_media":8980,"comment_status":"open","ping_status":"open","sticky":false,"template":"","format":"standard","meta":{"footnotes":""},"categories":[38],"tags":[],"class_list":["post-8979","post","type-post","status-publish","format-standard","has-post-thumbnail","hentry","category-regional"],"jetpack_featured_media_url":"https:\/\/radiorevelacionfm.cl\/wp-content\/uploads\/2021\/09\/ley-dominga-1_optimized.jpg","_links":{"self":[{"href":"https:\/\/radiorevelacionfm.cl\/index.php?rest_route=\/wp\/v2\/posts\/8979","targetHints":{"allow":["GET"]}}],"collection":[{"href":"https:\/\/radiorevelacionfm.cl\/index.php?rest_route=\/wp\/v2\/posts"}],"about":[{"href":"https:\/\/radiorevelacionfm.cl\/index.php?rest_route=\/wp\/v2\/types\/post"}],"author":[{"embeddable":true,"href":"https:\/\/radiorevelacionfm.cl\/index.php?rest_route=\/wp\/v2\/users\/1"}],"replies":[{"embeddable":true,"href":"https:\/\/radiorevelacionfm.cl\/index.php?rest_route=%2Fwp%2Fv2%2Fcomments&post=8979"}],"version-history":[{"count":1,"href":"https:\/\/radiorevelacionfm.cl\/index.php?rest_route=\/wp\/v2\/posts\/8979\/revisions"}],"predecessor-version":[{"id":8981,"href":"https:\/\/radiorevelacionfm.cl\/index.php?rest_route=\/wp\/v2\/posts\/8979\/revisions\/8981"}],"wp:featuredmedia":[{"embeddable":true,"href":"https:\/\/radiorevelacionfm.cl\/index.php?rest_route=\/wp\/v2\/media\/8980"}],"wp:attachment":[{"href":"https:\/\/radiorevelacionfm.cl\/index.php?rest_route=%2Fwp%2Fv2%2Fmedia&parent=8979"}],"wp:term":[{"taxonomy":"category","embeddable":true,"href":"https:\/\/radiorevelacionfm.cl\/index.php?rest_route=%2Fwp%2Fv2%2Fcategories&post=8979"},{"taxonomy":"post_tag","embeddable":true,"href":"https:\/\/radiorevelacionfm.cl\/index.php?rest_route=%2Fwp%2Fv2%2Ftags&post=8979"}],"curies":[{"name":"wp","href":"https:\/\/api.w.org\/{rel}","templated":true}]}}