{"id":8976,"date":"2021-09-23T17:03:02","date_gmt":"2021-09-23T20:03:02","guid":{"rendered":"https:\/\/radiorevelacionfm.cl\/?p=8976"},"modified":"2021-09-23T23:03:04","modified_gmt":"2021-09-24T02:03:04","slug":"mineduc-avanza-en-la-certificacion-de-jardines-infantiles-y-salas-cuna-en-la-region","status":"publish","type":"post","link":"https:\/\/radiorevelacionfm.cl\/?p=8976","title":{"rendered":"Mineduc avanza en la certificaci\u00f3n de Jardines Infantiles y Salas Cuna en la regi\u00f3n"},"content":{"rendered":"<div class=\"flex_column av_one_full  flex_column_div av-zero-column-padding first  avia-builder-el-0  el_before_av_one_full  avia-builder-el-first  \" style='border-radius:0px; '><div  class='avia-image-container  av-styling-    avia-builder-el-1  avia-builder-el-no-sibling  avia-align-center '  itemprop=\"image\" itemscope=\"itemscope\" itemtype=\"https:\/\/schema.org\/ImageObject\"  ><div class='avia-image-container-inner'><div class='avia-image-overlay-wrap'><img decoding=\"async\" class='wp-image-8977 avia-img-lazy-loading-not-8977 avia_image' src=\"https:\/\/radiorevelacionfm.cl\/wp-content\/uploads\/2021\/09\/JI-flor-de-Patagonia1-1-1.jpg\" alt='' title='JI flor de Patagonia1 (1) (1)' height=\"600\" width=\"891\"  itemprop=\"thumbnailUrl\" srcset=\"https:\/\/radiorevelacionfm.cl\/wp-content\/uploads\/2021\/09\/JI-flor-de-Patagonia1-1-1.jpg 891w, https:\/\/radiorevelacionfm.cl\/wp-content\/uploads\/2021\/09\/JI-flor-de-Patagonia1-1-1-300x202.jpg 300w, https:\/\/radiorevelacionfm.cl\/wp-content\/uploads\/2021\/09\/JI-flor-de-Patagonia1-1-1-768x517.jpg 768w, https:\/\/radiorevelacionfm.cl\/wp-content\/uploads\/2021\/09\/JI-flor-de-Patagonia1-1-1-705x475.jpg 705w, https:\/\/radiorevelacionfm.cl\/wp-content\/uploads\/2021\/09\/JI-flor-de-Patagonia1-1-1-600x404.jpg 600w\" sizes=\"(max-width: 891px) 100vw, 891px\" \/><\/div><\/div><\/div><\/div><div class=\"flex_column av_one_full  flex_column_div av-zero-column-padding first  avia-builder-el-2  el_after_av_one_full  el_before_av_one_full  column-top-margin\" style='border-radius:0px; '><section class=\"av_textblock_section \"  itemscope=\"itemscope\" itemtype=\"https:\/\/schema.org\/BlogPosting\" itemprop=\"blogPost\" ><div class='avia_textblock  '   itemprop=\"text\" ><p style=\"text-align: center;\"><strong><span style=\"font-size: 18pt;\">Mineduc avanza en la certificaci\u00f3n de Jardines Infantiles y Salas Cuna en la regi\u00f3n<\/span><\/strong><\/p>\n<div id=\"gtx-trans\" style=\"position: absolute; left: -50px; top: 4.31534px;\">\n<div class=\"gtx-trans-icon\"><\/div>\n<\/div>\n<\/div><\/section><\/div><div class=\"flex_column av_one_full  flex_column_div av-zero-column-padding first  avia-builder-el-4  el_after_av_one_full  el_before_av_hr  column-top-margin\" style='border-radius:0px; '><section class=\"av_textblock_section \"  itemscope=\"itemscope\" itemtype=\"https:\/\/schema.org\/BlogPosting\" itemprop=\"blogPost\" ><div class='avia_textblock  '   itemprop=\"text\" ><p class=\"v1MsoNormal\" style=\"text-align: justify;\">Existe consenso sobre la importancia de los primeros a\u00f1os de los ni\u00f1os y ni\u00f1as para su desarrollo futuro. La primera infancia constituye la base de las capacidades cognitivas, emocionales y sociales de las personas, en la que influyen de forma importante las experiencias durante la infancia temprana, las que ser\u00edan fundamentales en las oportunidades futuras de aprendizaje, salud f\u00edsica y mental. Por ello la estimulaci\u00f3n, cuidado y educaci\u00f3n durante esta etapa debe ser de alta calidad.<\/p>\n<p class=\"v1MsoNormal\" style=\"text-align: justify;\">La evidencia indica que asistir a un centro de educaci\u00f3n parvularia de calidad tiene efectos positivos, tanto en el desarrollo cognitivo como socioemocional de los ni\u00f1os, especialmente para aquellos que provienen de familias de mayor vulnerabilidad social. Por el contrario, la evidencia tambi\u00e9n nos advierte que la asistencia a centros de educaci\u00f3n parvularia de baja calidad puede tener un efecto negativo en los menores, que es dif\u00edcil de revertir.<\/p>\n<p class=\"v1MsoNormal\" style=\"text-align: justify;\">Considerando lo anterior, la nueva institucionalidad de Educaci\u00f3n Parvularia, exige a todos los centros educacionales que entreguen educaci\u00f3n integral a ni\u00f1os desde su nacimiento hasta el ingreso a la educaci\u00f3n b\u00e1sica, contar con una certificaci\u00f3n del ministerio de Educaci\u00f3n para poder funcionar. En efecto, aquellos que reciben aportes del Estado deben contar con Reconocimiento Oficial, mientras que todos los dem\u00e1s, deben obtener Autorizaci\u00f3n de Funcionamiento.<\/p>\n<p>Con ello, el Ministerio de Educaci\u00f3n fortalece su rol rector y articulador en educaci\u00f3n, elaborando las pol\u00edticas p\u00fablicas del \u00e1rea y otorgando la Autorizaci\u00f3n de Funcionamiento o Reconocimiento Oficial, seg\u00fan corresponda, a los establecimientos que imparten educaci\u00f3n parvularia.<\/p>\n<p class=\"v1MsoNormal\" style=\"text-align: justify;\">En ese contexto, el Seremi de Educaci\u00f3n Sergio Becerra Mera inform\u00f3 que durante la presente semana se procedi\u00f3 a la instalaci\u00f3n de placas de Autorizaci\u00f3n de Funcionamiento a los jardines infantiles Makenke AIKE, Flor de Patagonia y Cuna de C\u00f3ndores, los tres de Coyhaique.<\/p>\n<p class=\"v1MsoNormal\" style=\"text-align: justify;\">\u201cA la fecha nuestra regi\u00f3n registra un avance del 52 por ciento de Certificaci\u00f3n de las salas cunas y jardines infantiles; tanto en Reconocimiento Oficial (RO) a establecimientos que reciben recursos del Estado, como jardines infantiles Junji de administraci\u00f3n directa, y administraci\u00f3n V\u00eda Transferencia de Fondos (VTF), y jardines infantiles de Fundaci\u00f3n Integra; y en la Autorizaci\u00f3n de Funcionamiento (AF) a jard\u00ednes infantiles y salas cuna particulares pagados\u201d, detall\u00f3 la autoridad regional.<\/p>\n<p class=\"v1MsoNormal\" style=\"text-align: justify;\">Sergio Becerra destac\u00f3 la importancia que tiene este proceso de certificaci\u00f3n de establecimientos de educaci\u00f3n parvularia.<\/p>\n<p class=\"v1MsoNormal\" style=\"text-align: justify;\">\u201cEste es un compromiso del Gobierno del Presidente Sebasti\u00e1n Pi\u00f1era de avanzar con decisi\u00f3n en la tarea de certificar a todos los jardines infantiles de Chile, porque con ello avanzan los ni\u00f1os y ni\u00f1as de Chile en su derecho a contar con educaci\u00f3n de calidad, acerc\u00e1ndonos cada vez m\u00e1s a igualar las condiciones educativas desde la sala cuna. Continuamos avanzando en esta l\u00ednea para dar tranquilidad a las familias de que sus hijos est\u00e1n recibiendo educaci\u00f3n temprana en recintos id\u00f3neos y con el personal profesional competentes\u201d.<\/p>\n<p class=\"v1MsoNormal\" style=\"text-align: justify;\"><b>Reacciones<\/b><\/p>\n<p class=\"v1MsoNormal\" style=\"text-align: justify;\">Las directoras de los tres jardines infantiles particulares pagados \u00a0coincidieron en valorar la entrega de esta certificaci\u00f3n del Ministerio de Educaci\u00f3n.<\/p>\n<p class=\"v1MsoNormal\" style=\"text-align: justify;\">Valeria Guzm\u00e1n Balmaceda Directora del Jard\u00edn infantil Makenke Aike expres\u00f3: \u201cPara nosotros es muy importante tener esta certificaci\u00f3n porque con ello se confirma que como jard\u00edn infantil cumplimos con todas las normas establecidas para funcionar. Ac\u00e1 los ni\u00f1os est\u00e1n resguardados y atendidos por personal id\u00f3neo. Nuestro establecimiento se distingue por su sello de potenciar las artes y se privilegia siempre el buen trato de nuestros ni\u00f1os porque entendemos que esto es fundamental durante su primera infancia\u201d.<\/p>\n<p class=\"v1MsoNormal\" style=\"text-align: justify;\">Johana S\u00e1nchez Medina, Directora del Jard\u00edn Infantil Flor de Patagonia: \u201dAgradecemos este reconocimiento que para nosotros es un logro m\u00e1s que reafirma el valor de nuestro quehacer pedag\u00f3gico de calidad. Nos esforzamos para perfeccionarnos en nuestra labor y contamos siempre con el apoyo de nuestras familias. Nuestro jard\u00edn nace como respuesta a una necesidad de la comunidad de contar con espacios adecuados y donde se les entregue a los ni\u00f1os una educaci\u00f3n pertinente a la cultura local y puedan vivir el disfrute del contacto con la naturaleza\u201d.<\/p>\n<p class=\"v1MsoNormal\" style=\"text-align: justify;\">Jeannette Ram\u00edrez Directora del Jard\u00edn Infantil Cuna de C\u00f3ndores: \u201cComo equipo educativo estamos felices de recibir esta certificaci\u00f3n de autorizaci\u00f3n de funcionamiento ya que ello significa que cumplimos a cabalidad con est\u00e1ndares pedag\u00f3gicos, de infraestructura y jur\u00eddicos. Nuestro jard\u00edn infantil\u00a0 tiene 13 a\u00f1os de funcionamiento, en un espacio que fue especialmente dise\u00f1ado y construido para este fin educacional. Nuestra misi\u00f3n es favorecer una educaci\u00f3n de calidad oportuna y pertinente, que propicie aprendizajes relevantes y significativos en funci\u00f3n del bienestar, desarrollo pleno y la trascendencia de nuestros ni\u00f1os y ni\u00f1as como personas en un ambiente de\u00a0 cari\u00f1o y amor\u201d.<\/p>\n<\/div><\/section><\/div><div  style='height:50px' class='hr hr-invisible   avia-builder-el-6  el_after_av_one_full  el_before_av_social_share '><span class='hr-inner ' ><span class='hr-inner-style'><\/span><\/span><\/div><\/p>\n<div  class='av-social-sharing-box  avia-builder-el-7  el_after_av_hr  el_before_av_hr  '><div class='av-share-box'><h5 class='av-share-link-description av-no-toc '>Compartir esta noticia<\/h5><ul class='av-share-box-list noLightbox'><li class='av-share-link av-social-link-facebook' ><a target=\"_blank\" aria-label=\"Compartir en Facebook\" href='https:\/\/www.facebook.com\/sharer.php?u=https:\/\/radiorevelacionfm.cl\/?p=8976&#038;t=Mineduc%20avanza%20en%20la%20certificaci%C3%B3n%20de%20Jardines%20Infantiles%20y%20Salas%20Cuna%20en%20la%20regi%C3%B3n' aria-hidden='false' data-av_icon='\ue8f3' data-av_iconfont='entypo-fontello' title='' data-avia-related-tooltip='Compartir en Facebook' rel=\"noopener\"><span class='avia_hidden_link_text'>Compartir en Facebook<\/span><\/a><\/li><li class='av-share-link av-social-link-twitter' ><a target=\"_blank\" aria-label=\"Compartir en Twitter\" href='https:\/\/twitter.com\/share?text=Mineduc%20avanza%20en%20la%20certificaci%C3%B3n%20de%20Jardines%20Infantiles%20y%20Salas%20Cuna%20en%20la%20regi%C3%B3n&#038;url=https:\/\/radiorevelacionfm.cl\/?p=8976' aria-hidden='false' data-av_icon='\ue8f1' data-av_iconfont='entypo-fontello' title='' data-avia-related-tooltip='Compartir en Twitter' rel=\"noopener\"><span class='avia_hidden_link_text'>Compartir en Twitter<\/span><\/a><\/li><li class='av-share-link av-social-link-whatsapp' ><a target=\"_blank\" aria-label=\"Compartir en Whatsapp\" href='https:\/\/api.whatsapp.com\/send?text=https:\/\/radiorevelacionfm.cl\/?p=8976' aria-hidden='false' data-av_icon='\uf232' data-av_iconfont='entypo-fontello' title='' data-avia-related-tooltip='Compartir en Whatsapp' rel=\"noopener\"><span class='avia_hidden_link_text'>Compartir en Whatsapp<\/span><\/a><\/li><li class='av-share-link av-social-link-linkedin' ><a target=\"_blank\" aria-label=\"Compartir en LinkedIn\" href='https:\/\/linkedin.com\/shareArticle?mini=true&#038;title=Mineduc%20avanza%20en%20la%20certificaci%C3%B3n%20de%20Jardines%20Infantiles%20y%20Salas%20Cuna%20en%20la%20regi%C3%B3n&#038;url=https:\/\/radiorevelacionfm.cl\/?p=8976' aria-hidden='false' data-av_icon='\ue8fc' data-av_iconfont='entypo-fontello' title='' data-avia-related-tooltip='Compartir en LinkedIn' rel=\"noopener\"><span class='avia_hidden_link_text'>Compartir en LinkedIn<\/span><\/a><\/li><li class='av-share-link av-social-link-mail' ><a  aria-label=\"Compartir por correo\" href='mailto:?subject=Mineduc%20avanza%20en%20la%20certificaci%C3%B3n%20de%20Jardines%20Infantiles%20y%20Salas%20Cuna%20en%20la%20regi%C3%B3n&#038;body=https:\/\/radiorevelacionfm.cl\/?p=8976' aria-hidden='false' data-av_icon='\ue805' data-av_iconfont='entypo-fontello' title='' data-avia-related-tooltip='Compartir por correo'><span class='avia_hidden_link_text'>Compartir por correo<\/span><\/a><\/li><\/ul><\/div><\/div>\n<div  style='height:50px' class='hr hr-invisible   avia-builder-el-8  el_after_av_social_share  el_before_av_comments_list '><span class='hr-inner ' ><span class='hr-inner-style'><\/span><\/span><\/div>\n<div  class='av-buildercomment  av-blog-meta-html-info-disabled av-blog-meta-tag-disabled  '><\/div>\n","protected":false},"excerpt":{"rendered":"","protected":false},"author":1,"featured_media":9013,"comment_status":"open","ping_status":"open","sticky":false,"template":"","format":"standard","meta":{"footnotes":""},"categories":[49],"tags":[],"class_list":["post-8976","post","type-post","status-publish","format-standard","has-post-thumbnail","hentry","category-educacion"],"jetpack_featured_media_url":"https:\/\/radiorevelacionfm.cl\/wp-content\/uploads\/2021\/09\/JI-flor-de-Patagonia1-2-1.jpg","_links":{"self":[{"href":"https:\/\/radiorevelacionfm.cl\/index.php?rest_route=\/wp\/v2\/posts\/8976","targetHints":{"allow":["GET"]}}],"collection":[{"href":"https:\/\/radiorevelacionfm.cl\/index.php?rest_route=\/wp\/v2\/posts"}],"about":[{"href":"https:\/\/radiorevelacionfm.cl\/index.php?rest_route=\/wp\/v2\/types\/post"}],"author":[{"embeddable":true,"href":"https:\/\/radiorevelacionfm.cl\/index.php?rest_route=\/wp\/v2\/users\/1"}],"replies":[{"embeddable":true,"href":"https:\/\/radiorevelacionfm.cl\/index.php?rest_route=%2Fwp%2Fv2%2Fcomments&post=8976"}],"version-history":[{"count":1,"href":"https:\/\/radiorevelacionfm.cl\/index.php?rest_route=\/wp\/v2\/posts\/8976\/revisions"}],"predecessor-version":[{"id":8978,"href":"https:\/\/radiorevelacionfm.cl\/index.php?rest_route=\/wp\/v2\/posts\/8976\/revisions\/8978"}],"wp:featuredmedia":[{"embeddable":true,"href":"https:\/\/radiorevelacionfm.cl\/index.php?rest_route=\/wp\/v2\/media\/9013"}],"wp:attachment":[{"href":"https:\/\/radiorevelacionfm.cl\/index.php?rest_route=%2Fwp%2Fv2%2Fmedia&parent=8976"}],"wp:term":[{"taxonomy":"category","embeddable":true,"href":"https:\/\/radiorevelacionfm.cl\/index.php?rest_route=%2Fwp%2Fv2%2Fcategories&post=8976"},{"taxonomy":"post_tag","embeddable":true,"href":"https:\/\/radiorevelacionfm.cl\/index.php?rest_route=%2Fwp%2Fv2%2Ftags&post=8976"}],"curies":[{"name":"wp","href":"https:\/\/api.w.org\/{rel}","templated":true}]}}