{"id":8973,"date":"2021-09-24T10:27:50","date_gmt":"2021-09-24T13:27:50","guid":{"rendered":"https:\/\/radiorevelacionfm.cl\/?p=8973"},"modified":"2021-09-24T10:27:50","modified_gmt":"2021-09-24T13:27:50","slug":"crece-el-mercado-para-las-flores-mexico-es-el-proximo-destino-para-peonias-de-aysen","status":"publish","type":"post","link":"https:\/\/radiorevelacionfm.cl\/?p=8973","title":{"rendered":"Crece el mercado para las flores: M\u00e9xico es el pr\u00f3ximo destino para peonias de Ays\u00e9n"},"content":{"rendered":"<div class=\"flex_column av_one_full  flex_column_div av-zero-column-padding first  avia-builder-el-0  el_before_av_one_full  avia-builder-el-first  \" style='border-radius:0px; '><div  class='avia-image-container  av-styling-    avia-builder-el-1  avia-builder-el-no-sibling  avia-align-center '  itemprop=\"image\" itemscope=\"itemscope\" itemtype=\"https:\/\/schema.org\/ImageObject\"  ><div class='avia-image-container-inner'><div class='avia-image-overlay-wrap'><img decoding=\"async\" class='wp-image-8974 avia-img-lazy-loading-not-8974 avia_image' src=\"https:\/\/radiorevelacionfm.cl\/wp-content\/uploads\/2021\/09\/peonias-2-1-1.jpg\" alt='' title='peonias 2 (1) (1)' height=\"600\" width=\"951\"  itemprop=\"thumbnailUrl\" srcset=\"https:\/\/radiorevelacionfm.cl\/wp-content\/uploads\/2021\/09\/peonias-2-1-1.jpg 951w, https:\/\/radiorevelacionfm.cl\/wp-content\/uploads\/2021\/09\/peonias-2-1-1-300x189.jpg 300w, https:\/\/radiorevelacionfm.cl\/wp-content\/uploads\/2021\/09\/peonias-2-1-1-768x485.jpg 768w, https:\/\/radiorevelacionfm.cl\/wp-content\/uploads\/2021\/09\/peonias-2-1-1-705x445.jpg 705w, https:\/\/radiorevelacionfm.cl\/wp-content\/uploads\/2021\/09\/peonias-2-1-1-600x379.jpg 600w\" sizes=\"(max-width: 951px) 100vw, 951px\" \/><\/div><\/div><\/div><\/div><div class=\"flex_column av_one_full  flex_column_div av-zero-column-padding first  avia-builder-el-2  el_after_av_one_full  el_before_av_one_full  column-top-margin\" style='border-radius:0px; '><section class=\"av_textblock_section \"  itemscope=\"itemscope\" itemtype=\"https:\/\/schema.org\/BlogPosting\" itemprop=\"blogPost\" ><div class='avia_textblock  '   itemprop=\"text\" ><p style=\"text-align: center;\"><strong><span style=\"font-size: 18pt;\">Crece el mercado para las flores: M\u00e9xico es el pr\u00f3ximo destino para peonias de Ays\u00e9n<\/span><\/strong><\/p>\n<div id=\"gtx-trans\" style=\"position: absolute; left: -50px; top: 4.31534px;\">\n<div class=\"gtx-trans-icon\"><\/div>\n<\/div>\n<\/div><\/section><\/div><div class=\"flex_column av_one_full  flex_column_div av-zero-column-padding first  avia-builder-el-4  el_after_av_one_full  el_before_av_hr  column-top-margin\" style='border-radius:0px; '><section class=\"av_textblock_section \"  itemscope=\"itemscope\" itemtype=\"https:\/\/schema.org\/BlogPosting\" itemprop=\"blogPost\" ><div class='avia_textblock  '   itemprop=\"text\" ><p style=\"font-weight: 400; text-align: justify;\">La apertura de este mercado se logr\u00f3 luego de varios a\u00f1os, tras el trabajo en conjunto entre el SAG, ProChile y Servicio Nacional de Sanidad, Inocuidad y calidad. (SENASICA) M\u00e9xico.<\/p>\n<p style=\"font-weight: 400; text-align: justify;\"><a href=\"https:\/\/www.gob.mx\/senasica\" data-saferedirecturl=\"https:\/\/www.google.com\/url?q=https:\/\/www.gob.mx\/senasica&amp;source=gmail&amp;ust=1632510870205000&amp;usg=AFQjCNE4SXPnfKCrR7QsiN_YjQ7qaQMFuQ\">El organismo mexicano\u00a0SENASICA, informo al Servicio Agr\u00edcola y Ganadero el t\u00e9rmino del proceso regulatorio para la autorizaci\u00f3n de importaci\u00f3n de flores de corte de peonias en condici\u00f3n fresco procedentes de la regi\u00f3n de Ays\u00e9n, Chile.<\/a><\/p>\n<p style=\"font-weight: 400; text-align: justify;\">La directora regional de ProChile Ays\u00e9n, Pamela Flores, indic\u00f3 \u201cla posibilidad de llegar con flores desde Ays\u00e9n a M\u00e9xico es una gran noticia para los productores, entrega nuevas posibilidades comerciales para el rubro, adem\u00e1s es muy importante destacar el trabajo en conjunto realizado entre el sector p\u00fablico y privado para lograr abrir el mercado mexicano, lo que genera nuevas oportunidades y apoya la reactivaci\u00f3n econ\u00f3mica de la regi\u00f3n\u201d.<\/p>\n<p style=\"font-weight: 400; text-align: justify;\">El Servicio Agr\u00edcola y Ganadero es el organismo del estado encargado de verificar y supervisar actividades de muestreo, realizar revisi\u00f3n durante el desarrollo vegetativo y floraci\u00f3n del cultivo, comprobar que se realice monitoreo de plagas (de inter\u00e9s para M\u00e9xico), verificar que se realicen manejos sanitarios que incluyan programa de manejo cultural sobre malezas y restos vegetales, y finalmente la revisi\u00f3n de tallos previo al embarque, durante la Inspecci\u00f3n Fitosanitaria que realizaran funcionarios del Servicio.<\/p>\n<p style=\"font-weight: 400; text-align: justify;\">Mat\u00edas Vial Orueta, director regional SAG Ays\u00e9n, se\u00f1ala \u201cEstamos muy contentos con la apertura de este nuevo mercado, los productores de peon\u00edas tienen un atractivo mercado en centro Am\u00e9rica, espec\u00edficamente en M\u00e9xico, que es un gran consumidor de flores frescas. El desaf\u00edo es continuar trabajando para ofrecer mayor alternativas de mercado para los productores y seguir trabajando es sumamente importante poder vincularnos con nuestros exportadores y as\u00ed\u00a0 poder identificar potenciales mercados que sean atractivos para ellos.<\/p>\n<p style=\"font-weight: 400; text-align: justify;\">\u201cA nivel regional, observamos la necesidad por parte de los productores de habilitar el mercado mexicano, por ello, desde la direcci\u00f3n regional del SAG Ays\u00e9n gestionamos la apertura del proceso regulatorio en M\u00e9xico y que finaliz\u00f3 con \u00e9xito\u201d indico Mart\u00edn Cumian S\u00e1nchez, encargado regional, Protecci\u00f3n Agr\u00edcola SAG.<\/p>\n<p style=\"font-weight: 400; text-align: justify;\">\u201cLas exportaciones de flores de corte de peonias han ido en crecimiento los \u00faltimos dos a\u00f1os, el Servicio Agr\u00edcola y Ganadero certific\u00f3 en origen 42 mil varas en condici\u00f3n fresco con destino a Holanda, durante la temporada 2020\/2021 y esperamos que esta cifra sea mayor esta temporada, que como regi\u00f3n sigamos creciendo en la exportaci\u00f3n de flores, ya que es un atractivo negocio\u201d, finalizo Vial.<\/p>\n<\/div><\/section><\/div><div  style='height:50px' class='hr hr-invisible   avia-builder-el-6  el_after_av_one_full  el_before_av_social_share '><span class='hr-inner ' ><span class='hr-inner-style'><\/span><\/span><\/div><\/p>\n<div  class='av-social-sharing-box  avia-builder-el-7  el_after_av_hr  el_before_av_hr  '><div class='av-share-box'><h5 class='av-share-link-description av-no-toc '>Compartir esta noticia<\/h5><ul class='av-share-box-list noLightbox'><li class='av-share-link av-social-link-facebook' ><a target=\"_blank\" aria-label=\"Compartir en Facebook\" href='https:\/\/www.facebook.com\/sharer.php?u=https:\/\/radiorevelacionfm.cl\/?p=8973&#038;t=Crece%20el%20mercado%20para%20las%20flores%3A%20M%C3%A9xico%20es%20el%20pr%C3%B3ximo%20destino%20para%20peonias%20de%20Ays%C3%A9n' aria-hidden='false' data-av_icon='\ue8f3' data-av_iconfont='entypo-fontello' title='' data-avia-related-tooltip='Compartir en Facebook' rel=\"noopener\"><span class='avia_hidden_link_text'>Compartir en Facebook<\/span><\/a><\/li><li class='av-share-link av-social-link-twitter' ><a target=\"_blank\" aria-label=\"Compartir en Twitter\" href='https:\/\/twitter.com\/share?text=Crece%20el%20mercado%20para%20las%20flores%3A%20M%C3%A9xico%20es%20el%20pr%C3%B3ximo%20destino%20para%20peonias%20de%20Ays%C3%A9n&#038;url=https:\/\/radiorevelacionfm.cl\/?p=8973' aria-hidden='false' data-av_icon='\ue8f1' data-av_iconfont='entypo-fontello' title='' data-avia-related-tooltip='Compartir en Twitter' rel=\"noopener\"><span class='avia_hidden_link_text'>Compartir en Twitter<\/span><\/a><\/li><li class='av-share-link av-social-link-whatsapp' ><a target=\"_blank\" aria-label=\"Compartir en Whatsapp\" href='https:\/\/api.whatsapp.com\/send?text=https:\/\/radiorevelacionfm.cl\/?p=8973' aria-hidden='false' data-av_icon='\uf232' data-av_iconfont='entypo-fontello' title='' data-avia-related-tooltip='Compartir en Whatsapp' rel=\"noopener\"><span class='avia_hidden_link_text'>Compartir en Whatsapp<\/span><\/a><\/li><li class='av-share-link av-social-link-linkedin' ><a target=\"_blank\" aria-label=\"Compartir en LinkedIn\" href='https:\/\/linkedin.com\/shareArticle?mini=true&#038;title=Crece%20el%20mercado%20para%20las%20flores%3A%20M%C3%A9xico%20es%20el%20pr%C3%B3ximo%20destino%20para%20peonias%20de%20Ays%C3%A9n&#038;url=https:\/\/radiorevelacionfm.cl\/?p=8973' aria-hidden='false' data-av_icon='\ue8fc' data-av_iconfont='entypo-fontello' title='' data-avia-related-tooltip='Compartir en LinkedIn' rel=\"noopener\"><span class='avia_hidden_link_text'>Compartir en LinkedIn<\/span><\/a><\/li><li class='av-share-link av-social-link-mail' ><a  aria-label=\"Compartir por correo\" href='mailto:?subject=Crece%20el%20mercado%20para%20las%20flores%3A%20M%C3%A9xico%20es%20el%20pr%C3%B3ximo%20destino%20para%20peonias%20de%20Ays%C3%A9n&#038;body=https:\/\/radiorevelacionfm.cl\/?p=8973' aria-hidden='false' data-av_icon='\ue805' data-av_iconfont='entypo-fontello' title='' data-avia-related-tooltip='Compartir por correo'><span class='avia_hidden_link_text'>Compartir por correo<\/span><\/a><\/li><\/ul><\/div><\/div>\n<div  style='height:50px' class='hr hr-invisible   avia-builder-el-8  el_after_av_social_share  el_before_av_comments_list '><span class='hr-inner ' ><span class='hr-inner-style'><\/span><\/span><\/div>\n<div  class='av-buildercomment  av-blog-meta-html-info-disabled av-blog-meta-tag-disabled  '><\/div>\n","protected":false},"excerpt":{"rendered":"","protected":false},"author":1,"featured_media":8974,"comment_status":"open","ping_status":"open","sticky":false,"template":"","format":"standard","meta":{"footnotes":""},"categories":[58],"tags":[],"class_list":["post-8973","post","type-post","status-publish","format-standard","has-post-thumbnail","hentry","category-agricultura"],"jetpack_featured_media_url":"https:\/\/radiorevelacionfm.cl\/wp-content\/uploads\/2021\/09\/peonias-2-1-1.jpg","_links":{"self":[{"href":"https:\/\/radiorevelacionfm.cl\/index.php?rest_route=\/wp\/v2\/posts\/8973","targetHints":{"allow":["GET"]}}],"collection":[{"href":"https:\/\/radiorevelacionfm.cl\/index.php?rest_route=\/wp\/v2\/posts"}],"about":[{"href":"https:\/\/radiorevelacionfm.cl\/index.php?rest_route=\/wp\/v2\/types\/post"}],"author":[{"embeddable":true,"href":"https:\/\/radiorevelacionfm.cl\/index.php?rest_route=\/wp\/v2\/users\/1"}],"replies":[{"embeddable":true,"href":"https:\/\/radiorevelacionfm.cl\/index.php?rest_route=%2Fwp%2Fv2%2Fcomments&post=8973"}],"version-history":[{"count":1,"href":"https:\/\/radiorevelacionfm.cl\/index.php?rest_route=\/wp\/v2\/posts\/8973\/revisions"}],"predecessor-version":[{"id":8975,"href":"https:\/\/radiorevelacionfm.cl\/index.php?rest_route=\/wp\/v2\/posts\/8973\/revisions\/8975"}],"wp:featuredmedia":[{"embeddable":true,"href":"https:\/\/radiorevelacionfm.cl\/index.php?rest_route=\/wp\/v2\/media\/8974"}],"wp:attachment":[{"href":"https:\/\/radiorevelacionfm.cl\/index.php?rest_route=%2Fwp%2Fv2%2Fmedia&parent=8973"}],"wp:term":[{"taxonomy":"category","embeddable":true,"href":"https:\/\/radiorevelacionfm.cl\/index.php?rest_route=%2Fwp%2Fv2%2Fcategories&post=8973"},{"taxonomy":"post_tag","embeddable":true,"href":"https:\/\/radiorevelacionfm.cl\/index.php?rest_route=%2Fwp%2Fv2%2Ftags&post=8973"}],"curies":[{"name":"wp","href":"https:\/\/api.w.org\/{rel}","templated":true}]}}