{"id":8970,"date":"2021-09-24T09:49:04","date_gmt":"2021-09-24T12:49:04","guid":{"rendered":"https:\/\/radiorevelacionfm.cl\/?p=8970"},"modified":"2021-09-24T10:19:26","modified_gmt":"2021-09-24T13:19:26","slug":"campesino-as-de-puerto-guadal-se-capacitan-para-superar-desigualdad-digital","status":"publish","type":"post","link":"https:\/\/radiorevelacionfm.cl\/?p=8970","title":{"rendered":"Campesino\/as de Puerto Guadal se capacitan para superar desigualdad digital"},"content":{"rendered":"<div class=\"flex_column av_one_full  flex_column_div av-zero-column-padding first  avia-builder-el-0  el_before_av_one_full  avia-builder-el-first  \" style='border-radius:0px; '><div  class='avia-image-container  av-styling-    avia-builder-el-1  avia-builder-el-no-sibling  avia-align-center '  itemprop=\"image\" itemscope=\"itemscope\" itemtype=\"https:\/\/schema.org\/ImageObject\"  ><div class='avia-image-container-inner'><div class='avia-image-overlay-wrap'><img decoding=\"async\" class='wp-image-8971 avia-img-lazy-loading-not-8971 avia_image' src=\"https:\/\/radiorevelacionfm.cl\/wp-content\/uploads\/2021\/09\/Rosa-Vera-en-el-campo1-1-1.jpg\" alt='' title='Rosa Vera en el campo1 (1) (1)' height=\"600\" width=\"663\"  itemprop=\"thumbnailUrl\" srcset=\"https:\/\/radiorevelacionfm.cl\/wp-content\/uploads\/2021\/09\/Rosa-Vera-en-el-campo1-1-1.jpg 663w, https:\/\/radiorevelacionfm.cl\/wp-content\/uploads\/2021\/09\/Rosa-Vera-en-el-campo1-1-1-300x271.jpg 300w, https:\/\/radiorevelacionfm.cl\/wp-content\/uploads\/2021\/09\/Rosa-Vera-en-el-campo1-1-1-600x543.jpg 600w\" sizes=\"(max-width: 663px) 100vw, 663px\" \/><\/div><\/div><\/div><\/div><div class=\"flex_column av_one_full  flex_column_div av-zero-column-padding first  avia-builder-el-2  el_after_av_one_full  el_before_av_one_full  column-top-margin\" style='border-radius:0px; '><section class=\"av_textblock_section \"  itemscope=\"itemscope\" itemtype=\"https:\/\/schema.org\/BlogPosting\" itemprop=\"blogPost\" ><div class='avia_textblock  '   itemprop=\"text\" ><p style=\"text-align: center;\"><strong><span style=\"font-size: 18pt;\">Campesino\/as de Puerto Guadal se capacitan para superar desigualdad digital<\/span><\/strong><\/p>\n<div id=\"gtx-trans\" style=\"position: absolute; left: -50px; top: 4.31534px;\">\n<div class=\"gtx-trans-icon\"><\/div>\n<\/div>\n<\/div><\/section><\/div><div class=\"flex_column av_one_full  flex_column_div av-zero-column-padding first  avia-builder-el-4  el_after_av_one_full  el_before_av_hr  column-top-margin\" style='border-radius:0px; '><section class=\"av_textblock_section \"  itemscope=\"itemscope\" itemtype=\"https:\/\/schema.org\/BlogPosting\" itemprop=\"blogPost\" ><div class='avia_textblock  '   itemprop=\"text\" ><p class=\"v1MsoNormal\" style=\"text-align: justify;\"><span lang=\"ES\">La \u00abnueva normalidad\u00bb que instal<\/span><span lang=\"X-NONE\">\u00f3<span class=\"v1gmail-Apple-converted-space\">\u00a0<\/span><\/span><span lang=\"ES\">la crisis sanitaria del COVID-19 aceler<\/span><span lang=\"X-NONE\">\u00f3<\/span><span lang=\"ES\"><span class=\"v1gmail-Apple-converted-space\">\u00a0<\/span>los procesos de tecnologizaci<\/span><span lang=\"X-NONE\">\u00f3n, producto de las restricciones a las reuniones presenciales.\u00a0<span class=\"v1gmail-Apple-converted-space\">\u00a0<\/span>Videoconferencias, tr\u00e1mites virtuales, coordinaciones por mensajer\u00eda instant\u00e1nea son parte de la vida cotidiana de gran parte de la poblaci\u00f3n.<\/span><\/p>\n<p class=\"v1MsoNormal\" style=\"text-align: justify;\"><span lang=\"X-NONE\">Pero no de toda.<\/span><\/p>\n<p class=\"v1MsoNormal\" style=\"text-align: justify;\"><span lang=\"ES\">Por un tema<span class=\"v1gmail-Apple-converted-space\">\u00a0<\/span><\/span><span lang=\"X-NONE\">generacional o por lejan\u00eda de los centros urbanos, donde estas tecnolog\u00edas son de uso cotidiano, el mundo campesino ha tenido complicaciones para adaptarse al escenario emergente.\u00a0<span class=\"v1gmail-Apple-converted-space\">\u00a0<\/span><\/span><\/p>\n<p class=\"v1MsoNormal\" style=\"text-align: justify;\"><span lang=\"X-NONE\">Esta situaci\u00f3n de desigualdad es la que la Agrupaci\u00f3n Gremial de Peque\u00f1os Agricultores y Ganaderos de Puerto Guadal quiere enfrentar con un proyecto financiado por el Instituto de Desarrollo Agropecuario (INDAP) a trav\u00e9s del<span class=\"v1gmail-Apple-converted-space\">\u00a0<\/span><\/span><span lang=\"ES\">Programa de Gesti\u00f3n y Soporte Organizacional (PROGYSO).<\/span><\/p>\n<p class=\"v1MsoNormal\" style=\"text-align: justify;\"><span lang=\"ES\">La actividad, que se desarrollar<\/span><span lang=\"X-NONE\">\u00e1<span class=\"v1gmail-Apple-converted-space\">\u00a0<\/span><\/span><span lang=\"ES\">este s<\/span><span lang=\"X-NONE\">\u00e1bado 25 de septiembre desde las 10 a las 14 hrs en la sede de la organizaci\u00f3n, permitir\u00e1<span class=\"v1gmail-Apple-converted-space\">\u00a0<\/span><\/span><span lang=\"ES\">capacitar a los asociados y asociadas en uso de herramientas digitales y elaborar en conjunto el plan de trabajo de la agrupac<\/span><span lang=\"X-NONE\">i\u00f3n, que desde este a\u00f1o cuenta con nueva directiva, integrada por<span class=\"v1gmail-Apple-converted-space\">\u00a0<\/span>Rosa Vera Huenul<span class=\"v1gmail-Apple-converted-space\">\u00a0<\/span>como presidenta,<span class=\"v1gmail-Apple-converted-space\">\u00a0<\/span>Miriam Chible Contreras<span class=\"v1gmail-Apple-converted-space\">\u00a0<\/span>como secretaria,<span class=\"v1gmail-Apple-converted-space\">\u00a0<\/span>Juan Maldonado Gatica como tesorero, adem\u00e1s de los directores y directoras<span class=\"v1gmail-Apple-converted-space\">\u00a0<\/span>Javier Soler Guerrero,<span class=\"v1gmail-Apple-converted-space\">\u00a0<\/span>Tatiana J\u00e1uregui Vargas<span class=\"v1gmail-Apple-converted-space\">\u00a0<\/span>y<span class=\"v1gmail-Apple-converted-space\">\u00a0<\/span>Frannie Parkinson.<\/span><\/p>\n<p class=\"v1gmail-MsoNoSpacing\" style=\"text-align: justify;\"><span lang=\"ES\">Rosa Vera expres\u00f3 al respecto que \u00abes muy importante que estemos unidos, porque as<\/span><span lang=\"X-NONE\">\u00ed nos fortalecemos, para ser una organizaci\u00f3n que tenga un avance en nuestros sue\u00f1os<\/span><span lang=\"X-NONE\">\u00ab.<span class=\"v1gmail-Apple-converted-space\">\u00a0<\/span> Destac\u00f3 la importancia de la capacitaci\u00f3n ya que \u00abmuchos de nosotros no sabemos manejarnos en el tema de los celulares, enviar mensajes, tener reuniones online. Tenemos que avanzar un poco para todos estos temas que vienen del Covid donde no podemos juntarnos, pero s\u00ed podemos hacer las reuniones por Zoom\u00bb.<\/span><\/p>\n<\/div><\/section><\/div><div  style='height:50px' class='hr hr-invisible   avia-builder-el-6  el_after_av_one_full  el_before_av_social_share '><span class='hr-inner ' ><span class='hr-inner-style'><\/span><\/span><\/div><\/p>\n<div  class='av-social-sharing-box  avia-builder-el-7  el_after_av_hr  el_before_av_hr  '><div class='av-share-box'><h5 class='av-share-link-description av-no-toc '>Compartir esta noticia<\/h5><ul class='av-share-box-list noLightbox'><li class='av-share-link av-social-link-facebook' ><a target=\"_blank\" aria-label=\"Compartir en Facebook\" href='https:\/\/www.facebook.com\/sharer.php?u=https:\/\/radiorevelacionfm.cl\/?p=8970&#038;t=Campesino%2Fas%20de%20Puerto%20Guadal%20se%20capacitan%20para%20superar%20desigualdad%20digital' aria-hidden='false' data-av_icon='\ue8f3' data-av_iconfont='entypo-fontello' title='' data-avia-related-tooltip='Compartir en Facebook' rel=\"noopener\"><span class='avia_hidden_link_text'>Compartir en Facebook<\/span><\/a><\/li><li class='av-share-link av-social-link-twitter' ><a target=\"_blank\" aria-label=\"Compartir en Twitter\" href='https:\/\/twitter.com\/share?text=Campesino%2Fas%20de%20Puerto%20Guadal%20se%20capacitan%20para%20superar%20desigualdad%20digital&#038;url=https:\/\/radiorevelacionfm.cl\/?p=8970' aria-hidden='false' data-av_icon='\ue8f1' data-av_iconfont='entypo-fontello' title='' data-avia-related-tooltip='Compartir en Twitter' rel=\"noopener\"><span class='avia_hidden_link_text'>Compartir en Twitter<\/span><\/a><\/li><li class='av-share-link av-social-link-whatsapp' ><a target=\"_blank\" aria-label=\"Compartir en Whatsapp\" href='https:\/\/api.whatsapp.com\/send?text=https:\/\/radiorevelacionfm.cl\/?p=8970' aria-hidden='false' data-av_icon='\uf232' data-av_iconfont='entypo-fontello' title='' data-avia-related-tooltip='Compartir en Whatsapp' rel=\"noopener\"><span class='avia_hidden_link_text'>Compartir en Whatsapp<\/span><\/a><\/li><li class='av-share-link av-social-link-linkedin' ><a target=\"_blank\" aria-label=\"Compartir en LinkedIn\" href='https:\/\/linkedin.com\/shareArticle?mini=true&#038;title=Campesino%2Fas%20de%20Puerto%20Guadal%20se%20capacitan%20para%20superar%20desigualdad%20digital&#038;url=https:\/\/radiorevelacionfm.cl\/?p=8970' aria-hidden='false' data-av_icon='\ue8fc' data-av_iconfont='entypo-fontello' title='' data-avia-related-tooltip='Compartir en LinkedIn' rel=\"noopener\"><span class='avia_hidden_link_text'>Compartir en LinkedIn<\/span><\/a><\/li><li class='av-share-link av-social-link-mail' ><a  aria-label=\"Compartir por correo\" href='mailto:?subject=Campesino%2Fas%20de%20Puerto%20Guadal%20se%20capacitan%20para%20superar%20desigualdad%20digital&#038;body=https:\/\/radiorevelacionfm.cl\/?p=8970' aria-hidden='false' data-av_icon='\ue805' data-av_iconfont='entypo-fontello' title='' data-avia-related-tooltip='Compartir por correo'><span class='avia_hidden_link_text'>Compartir por correo<\/span><\/a><\/li><\/ul><\/div><\/div>\n<div  style='height:50px' class='hr hr-invisible   avia-builder-el-8  el_after_av_social_share  el_before_av_comments_list '><span class='hr-inner ' ><span class='hr-inner-style'><\/span><\/span><\/div>\n<div  class='av-buildercomment  av-blog-meta-html-info-disabled av-blog-meta-tag-disabled  '><\/div>\n","protected":false},"excerpt":{"rendered":"","protected":false},"author":1,"featured_media":9017,"comment_status":"open","ping_status":"open","sticky":false,"template":"","format":"standard","meta":{"footnotes":""},"categories":[38],"tags":[],"class_list":["post-8970","post","type-post","status-publish","format-standard","has-post-thumbnail","hentry","category-regional"],"jetpack_featured_media_url":"https:\/\/radiorevelacionfm.cl\/wp-content\/uploads\/2021\/09\/rosa-vera-en-el-campo2-1_optimized.jpg","_links":{"self":[{"href":"https:\/\/radiorevelacionfm.cl\/index.php?rest_route=\/wp\/v2\/posts\/8970","targetHints":{"allow":["GET"]}}],"collection":[{"href":"https:\/\/radiorevelacionfm.cl\/index.php?rest_route=\/wp\/v2\/posts"}],"about":[{"href":"https:\/\/radiorevelacionfm.cl\/index.php?rest_route=\/wp\/v2\/types\/post"}],"author":[{"embeddable":true,"href":"https:\/\/radiorevelacionfm.cl\/index.php?rest_route=\/wp\/v2\/users\/1"}],"replies":[{"embeddable":true,"href":"https:\/\/radiorevelacionfm.cl\/index.php?rest_route=%2Fwp%2Fv2%2Fcomments&post=8970"}],"version-history":[{"count":1,"href":"https:\/\/radiorevelacionfm.cl\/index.php?rest_route=\/wp\/v2\/posts\/8970\/revisions"}],"predecessor-version":[{"id":8972,"href":"https:\/\/radiorevelacionfm.cl\/index.php?rest_route=\/wp\/v2\/posts\/8970\/revisions\/8972"}],"wp:featuredmedia":[{"embeddable":true,"href":"https:\/\/radiorevelacionfm.cl\/index.php?rest_route=\/wp\/v2\/media\/9017"}],"wp:attachment":[{"href":"https:\/\/radiorevelacionfm.cl\/index.php?rest_route=%2Fwp%2Fv2%2Fmedia&parent=8970"}],"wp:term":[{"taxonomy":"category","embeddable":true,"href":"https:\/\/radiorevelacionfm.cl\/index.php?rest_route=%2Fwp%2Fv2%2Fcategories&post=8970"},{"taxonomy":"post_tag","embeddable":true,"href":"https:\/\/radiorevelacionfm.cl\/index.php?rest_route=%2Fwp%2Fv2%2Ftags&post=8970"}],"curies":[{"name":"wp","href":"https:\/\/api.w.org\/{rel}","templated":true}]}}